{"id":21960,"date":"2024-03-26T13:03:06","date_gmt":"2024-03-26T10:03:06","guid":{"rendered":"https:\/\/akdenizhaber.com.tr\/?p=21960"},"modified":"2024-03-26T13:03:06","modified_gmt":"2024-03-26T10:03:06","slug":"tutuncuden-besicilere-destek-ustune-destek","status":"publish","type":"post","link":"https:\/\/akdenizhaber.com.tr\/index.php\/2024\/03\/26\/tutuncuden-besicilere-destek-ustune-destek\/","title":{"rendered":"T\u00fct\u00fcnc\u00fc\u2019den besicilere destek \u00fcst\u00fcne destek"},"content":{"rendered":"\n<p><\/p>\n\n\n\n<p>Cumhur \u0130ttifak\u0131n\u0131n Antalya B\u00fcy\u00fck\u015fehir Belediye Ba\u015fkan aday\u0131 Hakan T\u00fct\u00fcnc\u00fc, Antalya\u2019n\u0131n alt\u0131n \u00e7a\u011f\u0131nda, besicilere b\u00fcy\u00fckba\u015ftan k\u00fc\u00e7\u00fckba\u015fa, ar\u0131c\u0131l\u0131ktan bal\u0131k\u00e7\u0131l\u0131\u011fa kadar bir\u00e7ok destek sa\u011flayacak.<\/p>\n\n\n\n<p>Antalya\u2019y\u0131 alt\u0131n \u00e7a\u011f\u0131na ula\u015ft\u0131racak 200\u2019\u00fcn \u00fczerinde proje a\u00e7\u0131klayan Cumhur \u0130ttifak\u0131\u2019n\u0131n Antalya B\u00fcy\u00fck\u015fehir Belediye Ba\u015fkan aday\u0131 Hakan T\u00fct\u00fcnc\u00fc, hayvanc\u0131l\u0131\u011fa y\u00f6nelikte \u00f6nemli projeler ortaya koydu. T\u00fct\u00fcnc\u00fc\u2019n\u00fcn hayvanc\u0131l\u0131k projeleri; b\u00fcy\u00fckba\u015ftan k\u00fc\u00e7\u00fckba\u015fa, ar\u0131c\u0131l\u0131ktan bal\u0131k\u00e7\u0131l\u0131\u011fa kadar bir\u00e7ok deste\u011fi kaps\u0131yor.&nbsp; Antalya\u2019n\u0131n alt\u0131n \u00e7a\u011f\u0131nda besicilere b\u00fcy\u00fckba\u015f ve k\u00fc\u00e7\u00fckba\u015f hayvan deste\u011fi sa\u011flanacak. Bu destekler aras\u0131nda; et \u00fcretimi i\u00e7in \u00fccretsiz besilik erkek s\u0131\u011f\u0131r deste\u011fi, k\u0131l ke\u00e7isi deste\u011fi, Ar\u0131l\u0131 Kovan Deste\u011fi, Acil Mobil Veterinerlik Hizmetleri, tar\u0131m\u0131n s\u00fcrd\u00fcr\u00fclebilirli\u011fi i\u00e7in Bombus Ar\u0131s\u0131 Deste\u011fi yer al\u0131yor. Cumhur \u0130ttifak\u0131 Antalya B\u00fcy\u00fck\u015fehir Belediye Ba\u015fkan aday\u0131 Hakan T\u00fct\u00fcnc\u00fc\u2019n\u00fcn alt\u0131n \u00e7a\u011f\u0131 projeleri besicileri sevindirecek daha bir\u00e7ok \u00e7al\u0131\u015fmay\u0131 kaps\u0131yor.<\/p>\n\n\n\n<p>\u0130\u015eTE! T\u00dcT\u00dcNC\u00dc\u2019N\u00dcN D\u0130\u011eER VAATLER\u0130<\/p>\n\n\n\n<p>Ko\u00e7 ve Teke Bankas\u0131: \u00dcretim i\u00e7in gerekli ko\u00e7 ve teke hayvanlar\u0131n\u0131n temininin sa\u011flanmas\u0131 ve payla\u015f\u0131m\u0131n\u0131 kolayla\u015ft\u0131ran bir sistemin kurulmas\u0131<\/p>\n\n\n\n<p>S\u00fct So\u011futma Tank\u0131 Deste\u011fi:&nbsp; Hayvanc\u0131l\u0131kla u\u011fra\u015fan vatanda\u015flar\u0131n ve kooperatiflerin \u00fcretti\u011fi s\u00fct\u00fcn bozulmadan ve kaliteden \u00f6d\u00fcn vermeden piyasaya sunulabilmesi i\u00e7in s\u00fct so\u011futma tank\u0131 deste\u011fi<\/p>\n\n\n\n<p>Canl\u0131 Hayvan Borsas\u0131: Canl\u0131 hayvan borsas\u0131 projesini hayata ge\u00e7irerek, hem besiciye daha adil pazarlama imkan\u0131 sunulacak, hem de t\u00fcketicilere kaliteli ve g\u00fcvenilir et \u00fcr\u00fcnlerine kolay eri\u015fim imkan\u0131 sa\u011flanacak.<\/p>\n\n\n\n<p>Yeni Mezbahalar Yap\u0131lmas\u0131, Mevcut Mezbahalar\u0131n Yeniden D\u00fczenlenmesi ve \u0130yile\u015ftirilmesi: Mevcut mezbahaneler yeni teknoloji sistemlerine uygun olarak modernize edilecek. Vatanda\u015flar\u0131n sa\u011fl\u0131kl\u0131 ete ula\u015fmas\u0131 i\u00e7in yeni mezbahaneler kurulacak.<\/p>\n\n\n\n<p>Bal\u0131k\u00e7\u0131 Bar\u0131na\u011f\u0131: Deniz \u015fehri Antalya\u2019da bal\u0131k\u00e7\u0131l\u0131k faaliyetlerini desteklemek, bal\u0131k\u00e7\u0131l\u0131\u011f\u0131 b\u00f6lgenin \u00f6nemli bir ekonomik faaliyeti haline getirmek i\u00e7in bal\u0131k\u00e7\u0131 teknelerine y\u00f6nelik&nbsp;yeni bar\u0131naklar yap\u0131lacak<\/p>\n\n\n\n<p>Bal\u0131k Pazarlar\u0131: Kepez Bal\u0131k Pazar\u0131 gibi; di\u011fer il\u00e7elerde de vatanda\u015flara ucuz ve taze bal\u0131k sunmak, sosyal hareketlilik sa\u011flamak ve bal\u0131k\u00e7\u0131 esnaf\u0131n\u0131n da gelirini art\u0131rmak i\u00e7in pi\u015firme evleri ve bal\u0131k sat\u0131\u015f tezgahlar\u0131n\u0131n da bulundu\u011fu bal\u0131k&nbsp;pazarlar\u0131 kurulacak<\/p>\n\n\n\n<p>Bal\u0131k \u00dcretim \u00c7iftliklerinin Kurulmas\u0131; Vatanda\u015flar\u0131n deniz \u00fcr\u00fcnlerine ucuz ve kaliteli \u015fekilde ula\u015fmalar\u0131 ve \u00fcreticilerinde ekonomik olarak desteklenmesi i\u00e7in hem bal\u0131k \u00fcretim \u00e7iftliklerini destekleyecek hem de yenilerinin kurulmas\u0131 sa\u011flanacak<\/p>\n\n\n\n<p>\u0130l\u00e7elerde hayvanc\u0131l\u0131kla ilgili dan\u0131\u015fma hizmetleri sunan ofisler kurularak, hayvanc\u0131l\u0131\u011f\u0131n geli\u015fimine katk\u0131 sunulacak.<\/p>\n\n\n\n<p>Haber Merkezi<\/p>\n","protected":false},"excerpt":{"rendered":"<p>Cumhur \u0130ttifak\u0131n\u0131n Antalya B\u00fcy\u00fck\u015fehir Belediye Ba\u015fkan aday\u0131 Hakan T\u00fct\u00fcnc\u00fc, Antalya\u2019n\u0131n alt\u0131n \u00e7a\u011f\u0131nda, besicilere b\u00fcy\u00fckba\u015ftan k\u00fc\u00e7\u00fckba\u015fa, ar\u0131c\u0131l\u0131ktan bal\u0131k\u00e7\u0131l\u0131\u011fa kadar bir\u00e7ok destek sa\u011flayacak. Antalya\u2019y\u0131 alt\u0131n \u00e7a\u011f\u0131na ula\u015ft\u0131racak <a href=\"https:\/\/akdenizhaber.com.tr\/index.php\/2024\/03\/26\/tutuncuden-besicilere-destek-ustune-destek\/\" class=\"read-more-link\">[more&#8230;]<\/a><\/p>\n","protected":false},"author":2,"featured_media":21961,"comment_status":"open","ping_status":"open","sticky":false,"template":"","format":"standard","meta":{"footnotes":""},"categories":[2],"tags":[],"class_list":["post-21960","post","type-post","status-publish","format-standard","has-post-thumbnail","hentry","category-gundem"],"_links":{"self":[{"href":"https:\/\/akdenizhaber.com.tr\/index.php\/wp-json\/wp\/v2\/posts\/21960","targetHints":{"allow":["GET"]}}],"collection":[{"href":"https:\/\/akdenizhaber.com.tr\/index.php\/wp-json\/wp\/v2\/posts"}],"about":[{"href":"https:\/\/akdenizhaber.com.tr\/index.php\/wp-json\/wp\/v2\/types\/post"}],"author":[{"embeddable":true,"href":"https:\/\/akdenizhaber.com.tr\/index.php\/wp-json\/wp\/v2\/users\/2"}],"replies":[{"embeddable":true,"href":"https:\/\/akdenizhaber.com.tr\/index.php\/wp-json\/wp\/v2\/comments?post=21960"}],"version-history":[{"count":0,"href":"https:\/\/akdenizhaber.com.tr\/index.php\/wp-json\/wp\/v2\/posts\/21960\/revisions"}],"wp:featuredmedia":[{"embeddable":true,"href":"https:\/\/akdenizhaber.com.tr\/index.php\/wp-json\/wp\/v2\/media\/21961"}],"wp:attachment":[{"href":"https:\/\/akdenizhaber.com.tr\/index.php\/wp-json\/wp\/v2\/media?parent=21960"}],"wp:term":[{"taxonomy":"category","embeddable":true,"href":"https:\/\/akdenizhaber.com.tr\/index.php\/wp-json\/wp\/v2\/categories?post=21960"},{"taxonomy":"post_tag","embeddable":true,"href":"https:\/\/akdenizhaber.com.tr\/index.php\/wp-json\/wp\/v2\/tags?post=21960"}],"curies":[{"name":"wp","href":"https:\/\/api.w.org\/{rel}","templated":true}]}}