{"id":21954,"date":"2024-03-26T13:00:43","date_gmt":"2024-03-26T10:00:43","guid":{"rendered":"https:\/\/akdenizhaber.com.tr\/?p=21954"},"modified":"2024-03-26T13:00:44","modified_gmt":"2024-03-26T10:00:44","slug":"antalyanin-rogar-kapaklari-cok-renkli-cok-eglenceli","status":"publish","type":"post","link":"https:\/\/akdenizhaber.com.tr\/index.php\/2024\/03\/26\/antalyanin-rogar-kapaklari-cok-renkli-cok-eglenceli\/","title":{"rendered":"Antalya\u2019n\u0131n r\u00f6gar kapaklar\u0131 \u00e7ok renkli \u00e7ok e\u011flenceli"},"content":{"rendered":"\n<p><\/p>\n\n\n\n<p>Antalya B\u00fcy\u00fck\u015fehir Belediyesi kentin turistik noktalar\u0131nda bulunan ASAT\u2019a ba\u011fl\u0131 r\u00f6gar kapaklar\u0131n\u0131 birbirinden renkli motiflerle boyad\u0131.<\/p>\n\n\n\n<p>B\u00fcy\u00fck\u015fehir Belediyesi turizmin ba\u015fkenti Antalya\u2019n\u0131n sokak ve caddelerine sanatsal dokunu\u015flar yap\u0131yor. ASAT r\u00f6gar kapaklar\u0131 grafiti sanat\u0131 ile hem estetik hem de modern bir g\u00f6r\u00fcn\u00fcme kavu\u015ftu. Kentin turistik cazibe noktalar\u0131ndan Kalei\u00e7i Kral Yolu, Atat\u00fcrk Caddesi ve Karaalio\u011flu Park\u0131\u2019nda bulunan ASAT r\u00f6gar kapaklar\u0131, grafiti sanat\u00e7\u0131lar\u0131 taraf\u0131ndan birbirinden renkli ve e\u011flenceli fig\u00fcrlerle boyand\u0131.<\/p>\n\n\n\n<p>ESTET\u0130K G\u00d6R\u00dcNT\u00dc<\/p>\n\n\n\n<p>B\u00fcy\u00fck\u015fehir Belediyesi Kent Tarihi ve Tan\u0131t\u0131m\u0131 Dairesi Ba\u015fkan\u0131 \u0130smail Oskay, yap\u0131lan \u00e7al\u0131\u015fmalar hakk\u0131nda \u015fu bilgileri verdi:\u2018 \u015eehrimizin kent esteti\u011fine, dokusuna ve g\u00fczelli\u011fine de\u011fer katacak uygulamalar yap\u0131yoruz. ASAT d\u00f6k\u00fcm kapaklar\u0131n\u0131 da kentimizin renklili\u011fine ve canl\u0131l\u0131\u011f\u0131na uygun olarak grafiti sanat\u0131yla estetik bir g\u00f6r\u00fcn\u00fcme kavu\u015fturduk. Sokak ve caddeler renklendi. \u00c7al\u0131\u015fma \u00e7evre esnaf\u0131m\u0131z ba\u015fta olmak \u00fczere yerli ve yabanc\u0131 t\u00fcm vatanda\u015flar\u0131n ilgisini \u00e7ekti. Kentimizin farkl\u0131 noktalar\u0131nda da bu uygulamay\u0131 s\u00fcrd\u00fcrece\u011fiz\u201d dedi.<\/p>\n\n\n\n<p>Antalya B\u00fcy\u00fck\u015fehir Belediyesi \/ B\u00fclten<\/p>\n","protected":false},"excerpt":{"rendered":"<p>Antalya B\u00fcy\u00fck\u015fehir Belediyesi kentin turistik noktalar\u0131nda bulunan ASAT\u2019a ba\u011fl\u0131 r\u00f6gar kapaklar\u0131n\u0131 birbirinden renkli motiflerle boyad\u0131. B\u00fcy\u00fck\u015fehir Belediyesi turizmin ba\u015fkenti Antalya\u2019n\u0131n sokak ve caddelerine sanatsal dokunu\u015flar <a href=\"https:\/\/akdenizhaber.com.tr\/index.php\/2024\/03\/26\/antalyanin-rogar-kapaklari-cok-renkli-cok-eglenceli\/\" class=\"read-more-link\">[more&#8230;]<\/a><\/p>\n","protected":false},"author":2,"featured_media":21955,"comment_status":"open","ping_status":"open","sticky":false,"template":"","format":"standard","meta":{"footnotes":""},"categories":[2],"tags":[],"class_list":["post-21954","post","type-post","status-publish","format-standard","has-post-thumbnail","hentry","category-gundem"],"_links":{"self":[{"href":"https:\/\/akdenizhaber.com.tr\/index.php\/wp-json\/wp\/v2\/posts\/21954","targetHints":{"allow":["GET"]}}],"collection":[{"href":"https:\/\/akdenizhaber.com.tr\/index.php\/wp-json\/wp\/v2\/posts"}],"about":[{"href":"https:\/\/akdenizhaber.com.tr\/index.php\/wp-json\/wp\/v2\/types\/post"}],"author":[{"embeddable":true,"href":"https:\/\/akdenizhaber.com.tr\/index.php\/wp-json\/wp\/v2\/users\/2"}],"replies":[{"embeddable":true,"href":"https:\/\/akdenizhaber.com.tr\/index.php\/wp-json\/wp\/v2\/comments?post=21954"}],"version-history":[{"count":0,"href":"https:\/\/akdenizhaber.com.tr\/index.php\/wp-json\/wp\/v2\/posts\/21954\/revisions"}],"wp:featuredmedia":[{"embeddable":true,"href":"https:\/\/akdenizhaber.com.tr\/index.php\/wp-json\/wp\/v2\/media\/21955"}],"wp:attachment":[{"href":"https:\/\/akdenizhaber.com.tr\/index.php\/wp-json\/wp\/v2\/media?parent=21954"}],"wp:term":[{"taxonomy":"category","embeddable":true,"href":"https:\/\/akdenizhaber.com.tr\/index.php\/wp-json\/wp\/v2\/categories?post=21954"},{"taxonomy":"post_tag","embeddable":true,"href":"https:\/\/akdenizhaber.com.tr\/index.php\/wp-json\/wp\/v2\/tags?post=21954"}],"curies":[{"name":"wp","href":"https:\/\/api.w.org\/{rel}","templated":true}]}}