{"id":21913,"date":"2024-03-25T12:44:43","date_gmt":"2024-03-25T09:44:43","guid":{"rendered":"https:\/\/akdenizhaber.com.tr\/?p=21913"},"modified":"2024-03-25T12:44:43","modified_gmt":"2024-03-25T09:44:43","slug":"antalyalilar-konyaalti-liman-halk-plajindan-cok-memnun","status":"publish","type":"post","link":"https:\/\/akdenizhaber.com.tr\/index.php\/2024\/03\/25\/antalyalilar-konyaalti-liman-halk-plajindan-cok-memnun\/","title":{"rendered":"Antalyal\u0131lar Konyaalt\u0131 Liman Halk Plaj\u0131\u2019ndan \u00e7ok memnun"},"content":{"rendered":"\n<p><\/p>\n\n\n\n<p><em>Antalya B\u00fcy\u00fck\u015fehir Belediyesi\u2019nin 200 milyon \u00f6z kayna\u011f\u0131yla hayata ge\u00e7irdi\u011fi Konyaalt\u0131 Liman Halk Plaj\u0131, a\u00e7\u0131ld\u0131\u011f\u0131 ilk g\u00fcnden itibaren yo\u011fun ilgi g\u00f6r\u00fcyor. Antalyal\u0131lar hafta sonunda Konyaalt\u0131 Liman Halk Plaj\u0131\u2019nda y\u00fcr\u00fcy\u00fc\u015f yaparak, bisiklet s\u00fcrerek keyifli vakit ge\u00e7iriyor.<\/em><\/p>\n\n\n\n<p><em>Antalya B\u00fcy\u00fck\u015fehir Belediyesi\u2019nin kendi \u00f6z kaynaklar\u0131yla hayata ge\u00e7irdi\u011fi Bo\u011fa\u00e7ay\u0131 K\u00f6pr\u00fcs\u00fc ile Liman aras\u0131nda kalan 1 kilometre uzunlu\u011fundaki Konyaalt\u0131 Liman Halk Plaj\u0131, b\u00fcy\u00fck be\u011feni topluyor. B\u00fcy\u00fck\u015fehir Belediyesi\u2019nin 200 milyon liral\u0131k yat\u0131r\u0131m bedeliyle hayata ge\u00e7irdi\u011fi proje, 23 bin metrekaresi ye\u015fil alan olmak \u00fczere yakla\u015f\u0131k 74 bin metrekarelik bir alan ko\u015fu yolu, bisiklet yolu park alanlar\u0131 ve seyir teraslar\u0131yla Antalyal\u0131lardan yeni g\u00f6zde mekan\u0131 oldu. 1000 metre ko\u015fu, 1000 metre bisiklet yolunun yer ald\u0131\u011f\u0131 Konyaalt\u0131 Liman Halk Plaj\u0131 hafta sonunda vatanda\u015flar\u0131n u\u011frak yeri oldu.<\/em><\/p>\n\n\n\n<p><em>VATANDA\u015eLARIN U\u011eRAK YER\u0130 OLDU<\/em><\/p>\n\n\n\n<p><em>G\u00fczel havay\u0131 f\u0131rsat bilen vatanda\u015flar Konyaalt\u0131 Liman Halk Plaj\u0131\u2019nda keyifli vakit ge\u00e7iriyor. Konyaalt\u0131 Liman Halk Plaj\u0131\u2019nda gezen Meryem Nevin Aykutlu, ilk kez buraya geldi\u011fini ve \u00e7ok be\u011fendi\u011fini, \u00e7ok k\u0131sa s\u00fcre i\u00e7erisinde tamamland\u0131\u011f\u0131n\u0131 ve \u00e7ok g\u00fczel oldu\u011funu kaydetti.<\/em><\/p>\n\n\n\n<p><em>Konyaalt\u0131 Liman Halk Plaj\u0131\u2019n\u0131 \u00e7ok be\u011fendi\u011fini aktaran Zafer \u00c7olako\u011flu ise, \u201cEskisine nazaran k\u0131yaslanmayacak kadar g\u00fczel oldu. Art\u0131k sahilin di\u011fer taraf\u0131na gitmek zorunda kalm\u0131yoruz. \u00c7ok ferah, \u00e7ok g\u00fczel olmu\u015f. Muhittin Ba\u015fkan\u2019a buray\u0131 bizlere kazand\u0131rd\u0131\u011f\u0131 i\u00e7in te\u015fekk\u00fcr ediyorum&#8221; dedi.<\/em><\/p>\n\n\n\n<p><em>\u00c7OK KEY\u0130FL\u0130 VAK\u0130T GE\u00c7\u0130R\u0130YORUZ<\/em><\/p>\n\n\n\n<p><em>Hurma Mahallesi\u2019nde oturdu\u011funu s\u00f6yleyen Cuma G\u00fczel isimli vatanda\u015f ise, \u201cG\u00fczel d\u00fc\u015f\u00fcn\u00fclerek yap\u0131lan bir yat\u0131r\u0131m olmu\u015f. Vatanda\u015f olarak \u00e7ok memnunum. Eme\u011fi ge\u00e7enlere te\u015fekk\u00fcr ederim\u201d diye konu\u015ftu.<\/em><\/p>\n\n\n\n<p><em>Sahilde gezen Fulya S\u00fczen ise alan\u0131n \u00e7ok g\u00fczel oldu\u011funu \u00e7ocuklara ile burada \u00e7ok keyifli bir vakit ge\u00e7irdiklerini aktard\u0131.<\/em><\/p>\n\n\n\n<p><em>Antalya B\u00fcy\u00fck\u015fehir Belediyesi \/ B\u00fclten<\/em><\/p>\n","protected":false},"excerpt":{"rendered":"<p>Antalya B\u00fcy\u00fck\u015fehir Belediyesi\u2019nin 200 milyon \u00f6z kayna\u011f\u0131yla hayata ge\u00e7irdi\u011fi Konyaalt\u0131 Liman Halk Plaj\u0131, a\u00e7\u0131ld\u0131\u011f\u0131 ilk g\u00fcnden itibaren yo\u011fun ilgi g\u00f6r\u00fcyor. Antalyal\u0131lar hafta sonunda Konyaalt\u0131 Liman <a href=\"https:\/\/akdenizhaber.com.tr\/index.php\/2024\/03\/25\/antalyalilar-konyaalti-liman-halk-plajindan-cok-memnun\/\" class=\"read-more-link\">[more&#8230;]<\/a><\/p>\n","protected":false},"author":2,"featured_media":21914,"comment_status":"open","ping_status":"open","sticky":false,"template":"","format":"standard","meta":{"footnotes":""},"categories":[2],"tags":[],"class_list":["post-21913","post","type-post","status-publish","format-standard","has-post-thumbnail","hentry","category-gundem"],"_links":{"self":[{"href":"https:\/\/akdenizhaber.com.tr\/index.php\/wp-json\/wp\/v2\/posts\/21913","targetHints":{"allow":["GET"]}}],"collection":[{"href":"https:\/\/akdenizhaber.com.tr\/index.php\/wp-json\/wp\/v2\/posts"}],"about":[{"href":"https:\/\/akdenizhaber.com.tr\/index.php\/wp-json\/wp\/v2\/types\/post"}],"author":[{"embeddable":true,"href":"https:\/\/akdenizhaber.com.tr\/index.php\/wp-json\/wp\/v2\/users\/2"}],"replies":[{"embeddable":true,"href":"https:\/\/akdenizhaber.com.tr\/index.php\/wp-json\/wp\/v2\/comments?post=21913"}],"version-history":[{"count":0,"href":"https:\/\/akdenizhaber.com.tr\/index.php\/wp-json\/wp\/v2\/posts\/21913\/revisions"}],"wp:featuredmedia":[{"embeddable":true,"href":"https:\/\/akdenizhaber.com.tr\/index.php\/wp-json\/wp\/v2\/media\/21914"}],"wp:attachment":[{"href":"https:\/\/akdenizhaber.com.tr\/index.php\/wp-json\/wp\/v2\/media?parent=21913"}],"wp:term":[{"taxonomy":"category","embeddable":true,"href":"https:\/\/akdenizhaber.com.tr\/index.php\/wp-json\/wp\/v2\/categories?post=21913"},{"taxonomy":"post_tag","embeddable":true,"href":"https:\/\/akdenizhaber.com.tr\/index.php\/wp-json\/wp\/v2\/tags?post=21913"}],"curies":[{"name":"wp","href":"https:\/\/api.w.org\/{rel}","templated":true}]}}