{"id":21900,"date":"2024-03-25T12:40:35","date_gmt":"2024-03-25T09:40:35","guid":{"rendered":"https:\/\/akdenizhaber.com.tr\/?p=21900"},"modified":"2024-03-25T12:40:35","modified_gmt":"2024-03-25T09:40:35","slug":"baskan-bocek-serikli-vatandaslarla-bulustu","status":"publish","type":"post","link":"https:\/\/akdenizhaber.com.tr\/index.php\/2024\/03\/25\/baskan-bocek-serikli-vatandaslarla-bulustu\/","title":{"rendered":"Ba\u015fkan B\u00f6cek, Serikli vatanda\u015flarla bulu\u015ftu"},"content":{"rendered":"\n<p><\/p>\n\n\n\n<p>Antalya B\u00fcy\u00fck\u015fehir Belediye Ba\u015fkan\u0131 ve Ba\u015fkan Aday\u0131 Muhittin B\u00f6cek Serikli vatanda\u015flar ile bulu\u015ftu. Seriklilerin yo\u011fun sevgi g\u00f6sterileri ile kar\u015f\u0131lad\u0131\u011f\u0131 Ba\u015fkan B\u00f6cek, Serik\u2019e yap\u0131lan \u00e7al\u0131\u015fmalar\u0131 anlatt\u0131. 5 y\u0131l daha Serik\u2019e tar\u0131mdan, hayvanc\u0131l\u0131\u011fa, alt yap\u0131dan \u00fcst yap\u0131ya her alanda hizmet etmekten mutluluk duyaca\u011f\u0131n\u0131 s\u00f6yleyen Ba\u015fkan B\u00f6cek, \u201cBiz \u015fov de\u011fil, hizmet pe\u015findeyiz\u201d dedi.&nbsp;<\/p>\n\n\n\n<p>Ba\u015fkan Muhittin B\u00f6cek Serik\u2019te ger\u00e7ekle\u015ftirilecek iftar program\u0131 \u00f6ncesinde Kepez Se\u00e7im Koordinasyon Merkezi&#8217;ni ziyaret etti. Ba\u015fkan B\u00f6cek, CHP Kepez Belediye Ba\u015fkan Aday\u0131 Mesut Kocag\u00f6z ile birlikte Kepez Dokuma Cumartesi Pazar\u0131&#8217;n\u0131 ziyaret etti. Vatanda\u015flar\u0131n yo\u011fun ilgi g\u00f6sterdi\u011fi Ba\u015fkan B\u00f6cek, halkla sohbet etti, esnafa kolayl\u0131klar ve hay\u0131rl\u0131 i\u015fler diledi.<\/p>\n\n\n\n<p>SER\u0130K K\u00dcLT\u00dcR MERKEZ\u0130\u2019N\u0130 GEZD\u0130<\/p>\n\n\n\n<p>Ba\u015fkan B\u00f6cek\u2019in bir sonraki dura\u011f\u0131 Serik oldu. Ba\u015fkan B\u00f6cek, CHP \u0130l Ba\u015fkan\u0131 Nail Kamac\u0131, CHP Antalya Milletvekili Cavit Ar\u0131, CHP Serik Belediye Ba\u015fkan Aday\u0131 Kadir Kumbul ve CHP Serik \u0130l\u00e7e Ba\u015fkan\u0131 Fahri \u015eeref \u00c7imen ile birlikte Serikli vatanda\u015flarla bulu\u015ftu. Gebiz Mahallesi&#8217;nde T\u00fcrk bayraklar\u0131yla kar\u015f\u0131lanan Ba\u015fkan B\u00f6cek, se\u00e7im otob\u00fcs\u00fc \u00fczerinden halk\u0131 selamlad\u0131 ve vatanda\u015flara seslendi. Ba\u015fkan B\u00f6cek, Antalya B\u00fcy\u00fck\u015fehir Belediyesi taraf\u0131ndan yap\u0131m\u0131 tamamlanan Serik K\u00fclt\u00fcr Merkezi\u2019ni de gezdi.<\/p>\n\n\n\n<p>\u015eOV DE\u011e\u0130L H\u0130ZMET\u0130N PE\u015e\u0130NDEY\u0130Z<\/p>\n\n\n\n<p>Ba\u015fkan B\u00f6cek daha sonra Merkez Mahallesi\u2019nde d\u00fczenlenen iftar program\u0131na kat\u0131ld\u0131. Y\u00f6r\u00fcklerin diyar\u0131 Serik\u2019te olmaktan b\u00fcy\u00fck mutluluk duydu\u011funu s\u00f6yleyen Ba\u015fkan B\u00f6cek, \u201c5 y\u0131lda Serik\u2019in ve 66 mahallemizin alt yap\u0131, kanalizasyon, ar\u0131tma dahil olmak \u00fczere sorunlar\u0131 \u00e7\u00f6zd\u00fck. Serik\u2019te bizden \u00f6nceki d\u00f6nemden yar\u0131m kalan K\u00fclt\u00fcr Merkezi\u2019nin in\u015faat\u0131n\u0131 bitirdik ve hizmete a\u00e7t\u0131k. A\u00e7\u0131l\u0131\u015f t\u00f6reni bile d\u00fczenlemedik. Biz hizmetin pe\u015findeyiz \u015fov pe\u015finde de\u011filiz\u201d dedi.<\/p>\n\n\n\n<p>SER\u0130K \u0130\u00c7\u0130N \u00c7ALI\u015eMAYA DEVAM EDECE\u011e\u0130Z<\/p>\n\n\n\n<p>Serik dendi mi akla ata sporu g\u00fcre\u015fin geldi\u011fini s\u00f6yleyen Ba\u015fkan B\u00f6cek, \u201cBiz sporda, tar\u0131mda, k\u00f6yde, kentteyiz. Biz da\u011fda hayvanc\u0131l\u0131kla u\u011fra\u015fan vatanda\u015f\u0131m\u0131z\u0131nda, Serik\u2019te pamuk ovas\u0131ndaki vatanda\u015f\u0131m\u0131z\u0131n da, turizmcinin de, emeklinin de, \u00e7ocuklar\u0131n da, gen\u00e7lerin de herkesin ba\u015fkan\u0131 olmaya devam edece\u011fiz. Geride b\u0131rakt\u0131\u011f\u0131m\u0131z 5 y\u0131lda oldu\u011fu gibi, yeni d\u00f6nemimizde de Serik\u2019te tar\u0131m\u0131 ve hayvanc\u0131l\u0131\u011f\u0131 desteklemeye devam edece\u011fiz. So\u011fuk hava depolar\u0131m\u0131zla, hallerde kuraca\u011f\u0131m\u0131z meyve, sebze paketleme tesisleri ile, kurutma tesisleri ile, \u00e7ift\u00e7imize sa\u011flad\u0131\u011f\u0131m\u0131z tohum, fide, fidan, g\u00fcbre, makine ve te\u00e7hizat desteklerimiz ile hep yan\u0131n\u0131zda olmay\u0131 s\u00fcrd\u00fcrece\u011fiz. Kadir Kumbul karde\u015fimle birlikte Serik i\u00e7in el birli\u011fiyle \u00e7al\u0131\u015fmaya devam edece\u011fiz\u201d diye konu\u015ftu.<\/p>\n\n\n\n<p>Antalya B\u00fcy\u00fck\u015fehir Belediyesi \/ B\u00fclten<\/p>\n","protected":false},"excerpt":{"rendered":"<p>Antalya B\u00fcy\u00fck\u015fehir Belediye Ba\u015fkan\u0131 ve Ba\u015fkan Aday\u0131 Muhittin B\u00f6cek Serikli vatanda\u015flar ile bulu\u015ftu. Seriklilerin yo\u011fun sevgi g\u00f6sterileri ile kar\u015f\u0131lad\u0131\u011f\u0131 Ba\u015fkan B\u00f6cek, Serik\u2019e yap\u0131lan \u00e7al\u0131\u015fmalar\u0131 anlatt\u0131. <a href=\"https:\/\/akdenizhaber.com.tr\/index.php\/2024\/03\/25\/baskan-bocek-serikli-vatandaslarla-bulustu\/\" class=\"read-more-link\">[more&#8230;]<\/a><\/p>\n","protected":false},"author":2,"featured_media":21901,"comment_status":"open","ping_status":"open","sticky":false,"template":"","format":"standard","meta":{"footnotes":""},"categories":[2],"tags":[],"class_list":["post-21900","post","type-post","status-publish","format-standard","has-post-thumbnail","hentry","category-gundem"],"_links":{"self":[{"href":"https:\/\/akdenizhaber.com.tr\/index.php\/wp-json\/wp\/v2\/posts\/21900","targetHints":{"allow":["GET"]}}],"collection":[{"href":"https:\/\/akdenizhaber.com.tr\/index.php\/wp-json\/wp\/v2\/posts"}],"about":[{"href":"https:\/\/akdenizhaber.com.tr\/index.php\/wp-json\/wp\/v2\/types\/post"}],"author":[{"embeddable":true,"href":"https:\/\/akdenizhaber.com.tr\/index.php\/wp-json\/wp\/v2\/users\/2"}],"replies":[{"embeddable":true,"href":"https:\/\/akdenizhaber.com.tr\/index.php\/wp-json\/wp\/v2\/comments?post=21900"}],"version-history":[{"count":0,"href":"https:\/\/akdenizhaber.com.tr\/index.php\/wp-json\/wp\/v2\/posts\/21900\/revisions"}],"wp:featuredmedia":[{"embeddable":true,"href":"https:\/\/akdenizhaber.com.tr\/index.php\/wp-json\/wp\/v2\/media\/21901"}],"wp:attachment":[{"href":"https:\/\/akdenizhaber.com.tr\/index.php\/wp-json\/wp\/v2\/media?parent=21900"}],"wp:term":[{"taxonomy":"category","embeddable":true,"href":"https:\/\/akdenizhaber.com.tr\/index.php\/wp-json\/wp\/v2\/categories?post=21900"},{"taxonomy":"post_tag","embeddable":true,"href":"https:\/\/akdenizhaber.com.tr\/index.php\/wp-json\/wp\/v2\/tags?post=21900"}],"curies":[{"name":"wp","href":"https:\/\/api.w.org\/{rel}","templated":true}]}}