{"id":21893,"date":"2024-03-23T11:52:40","date_gmt":"2024-03-23T08:52:40","guid":{"rendered":"https:\/\/akdenizhaber.com.tr\/?p=21893"},"modified":"2024-03-23T11:52:40","modified_gmt":"2024-03-23T08:52:40","slug":"manavgatlilar-iftar-sofralarinda-bulusuyor","status":"publish","type":"post","link":"https:\/\/akdenizhaber.com.tr\/index.php\/2024\/03\/23\/manavgatlilar-iftar-sofralarinda-bulusuyor\/","title":{"rendered":"Manavgatl\u0131lar \u0130ftar Sofralar\u0131nda Bulu\u015fuyor"},"content":{"rendered":"\n<p><\/p>\n\n\n\n<p>Manavgat Belediyesi, m\u00fcbarek Ramazan ay\u0131nda Atat\u00fcrk K\u00fclt\u00fcr Merkezi (AKM) \u00f6n\u00fcnde kurdu\u011fu iftar sofras\u0131n\u0131n yan\u0131 s\u0131ra kentin b\u00fcy\u00fck mahallelerinde de iftar sofralar\u0131 kurarak binlerce vatanda\u015f\u0131 bir araya getiriyor.<\/p>\n\n\n\n<p>Sar\u0131lar, Ta\u015fa\u011f\u0131l, \u00c7olakl\u0131, G\u00fcndo\u011fdu ve Evrenseki mahallelerindeki iftarlara Manavgat Belediye Ba\u015fkan\u0131 \u015e\u00fckr\u00fc S\u00f6zen de kat\u0131larak vatanda\u015flarla bir araya geldi. \u0130ftar sofralar\u0131n\u0131 tek tek dola\u015farak vatanda\u015flarla sohbet eden \u015e\u00fckr\u00fc S\u00f6zen, herkese hay\u0131rl\u0131 Ramazanlar diledi. Dualar ve Kur\u2019an tilaveti e\u015fli\u011finde oru\u00e7lar\u0131n\u0131 a\u00e7an vatanda\u015flar, Manavgat Belediyesi sofralar\u0131nda lokmalar\u0131n\u0131 payla\u015ft\u0131.<\/p>\n\n\n\n<p>VATANDA\u015eIMIZLA LOKMAMIZI PAYLA\u015eIYORUZ<\/p>\n\n\n\n<p>Manavgat Belediye Ba\u015fkan\u0131 \u015e\u00fckr\u00fc S\u00f6zen iftar sofralar\u0131nda insanlar\u0131 bir araya getirerek lokmalar\u0131n\u0131 payla\u015ft\u0131klar\u0131n\u0131 s\u00f6yledi. Ba\u015fkan S\u00f6zen \u201cHer y\u0131l oldu\u011fu gibi geleneksel iftar \u00e7ad\u0131rlar\u0131m\u0131z\u0131 kurduk. Atat\u00fcrk K\u00fclt\u00fcr Merkezimizin \u00f6n\u00fcndeki iftar \u00e7ad\u0131r\u0131m\u0131z vatanda\u015flar\u0131m\u0131za her g\u00fcn hizmet veriyor. B\u00fcy\u00fck mahallelerimizde de iftarlar ile halk\u0131m\u0131zla bir araya gelerek lokmalar\u0131m\u0131z\u0131 payla\u015f\u0131yoruz. Manevi duygular\u0131m\u0131z\u0131n en y\u00fcksek seviyede oldu\u011fu bu m\u00fcbarek ayda, birlik ve beraberli\u011fimizi g\u00fc\u00e7lendiriyor, karde\u015flik hislerimizi peki\u015ftiriyoruz. Biz vatanda\u015f\u0131m\u0131za bah\u015fetmiyoruz, onlar\u0131n imk\u00e2nlar\u0131n\u0131 yine onlara sunuyoruz\u201d dedi.<\/p>\n\n\n\n<p>Manavgat Belediyesi \/ B\u00fclten<\/p>\n","protected":false},"excerpt":{"rendered":"<p>Manavgat Belediyesi, m\u00fcbarek Ramazan ay\u0131nda Atat\u00fcrk K\u00fclt\u00fcr Merkezi (AKM) \u00f6n\u00fcnde kurdu\u011fu iftar sofras\u0131n\u0131n yan\u0131 s\u0131ra kentin b\u00fcy\u00fck mahallelerinde de iftar sofralar\u0131 kurarak binlerce vatanda\u015f\u0131 bir <a href=\"https:\/\/akdenizhaber.com.tr\/index.php\/2024\/03\/23\/manavgatlilar-iftar-sofralarinda-bulusuyor\/\" class=\"read-more-link\">[more&#8230;]<\/a><\/p>\n","protected":false},"author":2,"featured_media":21894,"comment_status":"open","ping_status":"open","sticky":false,"template":"","format":"standard","meta":{"footnotes":""},"categories":[2],"tags":[],"class_list":["post-21893","post","type-post","status-publish","format-standard","has-post-thumbnail","hentry","category-gundem"],"_links":{"self":[{"href":"https:\/\/akdenizhaber.com.tr\/index.php\/wp-json\/wp\/v2\/posts\/21893","targetHints":{"allow":["GET"]}}],"collection":[{"href":"https:\/\/akdenizhaber.com.tr\/index.php\/wp-json\/wp\/v2\/posts"}],"about":[{"href":"https:\/\/akdenizhaber.com.tr\/index.php\/wp-json\/wp\/v2\/types\/post"}],"author":[{"embeddable":true,"href":"https:\/\/akdenizhaber.com.tr\/index.php\/wp-json\/wp\/v2\/users\/2"}],"replies":[{"embeddable":true,"href":"https:\/\/akdenizhaber.com.tr\/index.php\/wp-json\/wp\/v2\/comments?post=21893"}],"version-history":[{"count":0,"href":"https:\/\/akdenizhaber.com.tr\/index.php\/wp-json\/wp\/v2\/posts\/21893\/revisions"}],"wp:featuredmedia":[{"embeddable":true,"href":"https:\/\/akdenizhaber.com.tr\/index.php\/wp-json\/wp\/v2\/media\/21894"}],"wp:attachment":[{"href":"https:\/\/akdenizhaber.com.tr\/index.php\/wp-json\/wp\/v2\/media?parent=21893"}],"wp:term":[{"taxonomy":"category","embeddable":true,"href":"https:\/\/akdenizhaber.com.tr\/index.php\/wp-json\/wp\/v2\/categories?post=21893"},{"taxonomy":"post_tag","embeddable":true,"href":"https:\/\/akdenizhaber.com.tr\/index.php\/wp-json\/wp\/v2\/tags?post=21893"}],"curies":[{"name":"wp","href":"https:\/\/api.w.org\/{rel}","templated":true}]}}