{"id":21885,"date":"2024-03-23T11:50:14","date_gmt":"2024-03-23T08:50:14","guid":{"rendered":"https:\/\/akdenizhaber.com.tr\/?p=21885"},"modified":"2024-03-23T11:50:15","modified_gmt":"2024-03-23T08:50:15","slug":"baskan-sozenin-duygusal-anlari","status":"publish","type":"post","link":"https:\/\/akdenizhaber.com.tr\/index.php\/2024\/03\/23\/baskan-sozenin-duygusal-anlari\/","title":{"rendered":"Ba\u015fkan S\u00f6zen\u2019in Duygusal Anlar\u0131"},"content":{"rendered":"\n<p><\/p>\n\n\n\n<p>15 y\u0131ll\u0131k g\u00f6rev s\u00fcresinin sonuna gelen Manavgat Belediye Ba\u015fkan\u0131 \u015e\u00fckr\u00fc S\u00f6zen, se\u00e7im arifesinde gitti\u011fi her mahallede vatanda\u015flarla bir araya geliyor. Ba\u015fkan S\u00f6zen, konu\u015fmalar\u0131nda g\u00f6zleri dolarak halktan helallik al\u0131yor.<\/p>\n\n\n\n<p>2009 y\u0131l\u0131ndan itibaren 3 d\u00f6nemdir Manavgat Belediye Ba\u015fkanl\u0131\u011f\u0131 g\u00f6revini y\u00fcr\u00fcten ve 31 Mart 2024 Mahalli \u0130dareler se\u00e7imlerinde aday olmayaca\u011f\u0131n\u0131 a\u00e7\u0131klayan Manavgat Belediye Ba\u015fkan\u0131 \u015e\u00fckr\u00fc S\u00f6zen, mahalle gezilerinde vatanda\u015flardan helallik al\u0131yor.<\/p>\n\n\n\n<p>HAKKIMIZ HELAL OLSUN<\/p>\n\n\n\n<p>Ba\u015fkan S\u00f6zen, \u201cVatanda\u015f\u0131n dost elini her zaman omzunda hissettim. \u0130yisiyle k\u00f6t\u00fcs\u00fcyle 15 y\u0131ll\u0131k bir g\u00f6revin s\u00fcrecinin sonuna geldik. K\u0131ymetli hem\u015fehrilerimden istirham\u0131m bu dost elini benden esirgememeleri, bir karde\u015fleri olarak beni ba\u011f\u0131rlar\u0131na basarak haklar\u0131n\u0131 helal etmeleridir\u201d ifadelerini kulland\u0131. Ba\u015fkan S\u00f6zen\u2019i g\u00f6zleri dolarak izleyen Manavgatl\u0131lar ise hep bir a\u011f\u0131zdan \u201cHelal olsun\u201d cevab\u0131 veriyor.<\/p>\n\n\n\n<p>Manavgat Belediyesi \/ B\u00fclten<\/p>\n","protected":false},"excerpt":{"rendered":"<p>15 y\u0131ll\u0131k g\u00f6rev s\u00fcresinin sonuna gelen Manavgat Belediye Ba\u015fkan\u0131 \u015e\u00fckr\u00fc S\u00f6zen, se\u00e7im arifesinde gitti\u011fi her mahallede vatanda\u015flarla bir araya geliyor. Ba\u015fkan S\u00f6zen, konu\u015fmalar\u0131nda g\u00f6zleri dolarak <a href=\"https:\/\/akdenizhaber.com.tr\/index.php\/2024\/03\/23\/baskan-sozenin-duygusal-anlari\/\" class=\"read-more-link\">[more&#8230;]<\/a><\/p>\n","protected":false},"author":2,"featured_media":21886,"comment_status":"open","ping_status":"open","sticky":false,"template":"","format":"standard","meta":{"footnotes":""},"categories":[2],"tags":[],"class_list":["post-21885","post","type-post","status-publish","format-standard","has-post-thumbnail","hentry","category-gundem"],"_links":{"self":[{"href":"https:\/\/akdenizhaber.com.tr\/index.php\/wp-json\/wp\/v2\/posts\/21885","targetHints":{"allow":["GET"]}}],"collection":[{"href":"https:\/\/akdenizhaber.com.tr\/index.php\/wp-json\/wp\/v2\/posts"}],"about":[{"href":"https:\/\/akdenizhaber.com.tr\/index.php\/wp-json\/wp\/v2\/types\/post"}],"author":[{"embeddable":true,"href":"https:\/\/akdenizhaber.com.tr\/index.php\/wp-json\/wp\/v2\/users\/2"}],"replies":[{"embeddable":true,"href":"https:\/\/akdenizhaber.com.tr\/index.php\/wp-json\/wp\/v2\/comments?post=21885"}],"version-history":[{"count":0,"href":"https:\/\/akdenizhaber.com.tr\/index.php\/wp-json\/wp\/v2\/posts\/21885\/revisions"}],"wp:featuredmedia":[{"embeddable":true,"href":"https:\/\/akdenizhaber.com.tr\/index.php\/wp-json\/wp\/v2\/media\/21886"}],"wp:attachment":[{"href":"https:\/\/akdenizhaber.com.tr\/index.php\/wp-json\/wp\/v2\/media?parent=21885"}],"wp:term":[{"taxonomy":"category","embeddable":true,"href":"https:\/\/akdenizhaber.com.tr\/index.php\/wp-json\/wp\/v2\/categories?post=21885"},{"taxonomy":"post_tag","embeddable":true,"href":"https:\/\/akdenizhaber.com.tr\/index.php\/wp-json\/wp\/v2\/tags?post=21885"}],"curies":[{"name":"wp","href":"https:\/\/api.w.org\/{rel}","templated":true}]}}