{"id":21864,"date":"2024-03-23T11:42:30","date_gmt":"2024-03-23T08:42:30","guid":{"rendered":"https:\/\/akdenizhaber.com.tr\/?p=21864"},"modified":"2024-03-23T11:42:30","modified_gmt":"2024-03-23T08:42:30","slug":"merkez-bankasindan-tam-isabet-faiz-karari","status":"publish","type":"post","link":"https:\/\/akdenizhaber.com.tr\/index.php\/2024\/03\/23\/merkez-bankasindan-tam-isabet-faiz-karari\/","title":{"rendered":"Merkez Bankas\u0131\u2019ndan Tam \u0130sabet Faiz Karar\u0131"},"content":{"rendered":"\n<p><\/p>\n\n\n\n<p><strong>Merkez Bankas\u0131\u2019n\u0131n para politikas\u0131n\u0131 \u015eubat ay\u0131nda sabit tutmas\u0131n\u0131n ard\u0131ndan, Mart ay\u0131 ile birlikte 500 baz puan art\u0131rmas\u0131n\u0131 piyasa beklentilerinin aksi y\u00f6n\u00fcnde bir ad\u0131m oldu\u011funu belirten ATSO Ba\u015fkan\u0131 Ali Bahar, \u201cMerkez Bankas\u0131\u2019n\u0131n alm\u0131\u015f oldu\u011fu karar\u0131n \u00e7ok yerinde oldu\u011funu d\u00fc\u015f\u00fcn\u00fcyorum\u201d dedi.<\/strong><\/p>\n\n\n\n<p>Antalya Ticaret ve Sanayi Odas\u0131 (ATSO) Y\u00f6netim Kurulu Ba\u015fkan\u0131 Ali Bahar, T\u00fcrkiye Cumhuriyet Merkez Bankas\u0131 (TCMB) Para Politikas\u0131 Kurulunun, Mart ay\u0131 toplant\u0131s\u0131nda y\u00fczde 45 olan politika faizini 500 baz puan art\u0131rarak y\u00fczde 50 d\u00fczeyine y\u00fckseltmesine ili\u015fkin de\u011ferlendirmede bulundu. Ge\u00e7en y\u0131l haziran ay\u0131nda ba\u015flayan faiz art\u0131\u015flar\u0131 ile birlikte y\u00fczde 8,5 olan politika faizinin on ayda dokuzuncu kez art\u0131r\u0131larak y\u00fczde 50 d\u00fczeyine y\u00fckseltilmesinin olumlu sonu\u00e7lar\u0131na de\u011finen Ba\u015fkan Ali Bahar, \u201cHer f\u0131rsatta dile getirdi\u011fimiz gibi May\u0131s-Haziran aylar\u0131na kadar enflasyonun y\u00fcksek seyredece\u011fini \u00f6n g\u00f6rebiliyorduk. Bu nedenle Merkez Bankas\u0131\u2019n\u0131nduru\u015funu bozmadan, politikalar\u0131na kararl\u0131 bir \u015fekilde devam etmesi gerekti\u011finin alt\u0131n\u0131 \u00e7izdik. Yerel se\u00e7im \u00f6ncesi al\u0131nan karar cesur bir ad\u0131m. Merkez Bankas\u0131\u2019n\u0131n ba\u011f\u0131ms\u0131z duru\u015fu \u00f6n\u00fcm\u00fczdeki s\u00fcre\u00e7te, T\u00fcrk Liras\u0131nda reel de\u011ferlenme ve enflasyon beklentilerinde d\u00fczelme vas\u0131tas\u0131 ile ayl\u0131k enflasyonun ana e\u011filiminin d\u00fc\u015fmesi y\u00f6n\u00fcnde at\u0131lm\u0131\u015f \u00e7ok \u00f6nemli bir ad\u0131m\u201d diye konu\u015ftu. Kurlar\u0131n olduk\u00e7a hareketli oldu\u011fu d\u00f6nemde para politikas\u0131n\u0131n y\u00fczde 50 d\u00fczeyine y\u00fckseltmesinin yerinde oldu\u011funu s\u00f6zlerine ekleyen Bahar, \u201cPolitika faizi ile birlikte faiz koridorunun da eksi-art\u0131 300 baz puan marj\u0131nda belirlenmesi, gerekti\u011finde haftal\u0131k repo ihale faizinin y\u00fczde 50\u2019nin de \u00fczerinde bir gecelik bor\u00e7 faiz oran\u0131n\u0131 ge\u00e7ilebilece\u011fi y\u00f6n\u00fcnde \u00f6nemli mesajd\u0131r\u201d dedi.<\/p>\n\n\n\n<p><strong>TCMB\u2019N\u0130N EN B\u00dcY\u00dcK S\u0130LAHI: KARARLI DURU\u015e<\/strong><\/p>\n\n\n\n<p>Merkez Bankas\u0131\u2019ndan yap\u0131lan a\u00e7\u0131klamada, para politikas\u0131nda yurti\u00e7i talepte dengelenme, TL\u2019de reel de\u011ferlenme ve enflasyon beklentileri ile enflasyonun ana e\u011filiminin d\u00fc\u015fece\u011fi a\u00e7\u0131klamas\u0131n\u0131 de\u011ferlendiren Ba\u015fkan Bahar, s\u00f6zlerini \u015f\u00f6yle s\u00fcrd\u00fcrd\u00fc; \u201c\u00d6zellikle para politikas\u0131ndaki kararl\u0131 duru\u015f ifadesinin alt\u0131n\u0131 \u00e7izmek gerekiyor. \u00d6yle ki ekonomilerin en k\u0131r\u0131lgan oldu\u011fu konular\u0131n ba\u015f\u0131nda izlenilen politikalar\u0131n kararl\u0131 ve istikrarl\u0131 olmamas\u0131 yatmaktad\u0131r. Bu kapsamda Merkez Bankas\u0131 y\u00f6netimini kutluyor, se\u00e7im \u00f6ncesi yap\u0131lamaz denileni yapt\u0131\u011f\u0131 i\u00e7in kararl\u0131 duru\u015fu nedeniyle de i\u015f d\u00fcnyam\u0131z ad\u0131na memnuniyetimizi ifade ediyorum.\u201d<\/p>\n\n\n\n<p><strong>KAZANMAKLA KAYBETMEK ARASINDAK\u0130 \u0130NCE \u00c7\u0130ZG\u0130<\/strong><\/p>\n\n\n\n<p>Haziran ay\u0131ndan itibaren MB politika faiz art\u0131\u015flar\u0131n\u0131n etkisi ile ekonominin belirli bir oranda yava\u015flamaya girdi\u011fini kaydeden Ba\u015fkan Bahar, \u201cYava\u015flama dezenflasyon politikas\u0131 i\u00e7in elbette \u00f6denmesi gereken bir diyetti. Bizler de i\u015f d\u00fcnyas\u0131 temsilcileri olarak bu bilin\u00e7te ve her zaman s\u0131k\u0131 politikalar\u0131n destek\u00e7isi olduk. Fakat i\u00e7inde bulundu\u011fumuz d\u00f6nemde ekonomide yava\u015flama ya\u015fanmas\u0131na ra\u011fmen enflasyonda istenilen d\u00fczeye ula\u015f\u0131lamam\u0131\u015ft\u0131r. Bu nedenle faiz art\u0131\u015f\u0131 karar\u0131, kazanmakla kaybetmek aras\u0131ndaki \u00e7ok ince bir \u00e7izgiydi. Merkez Bankas\u0131 ya bug\u00fcne kadar al\u0131nan faiz art\u0131\u015flar\u0131n\u0131n, ekonomideki yava\u015flaman\u0131n bo\u015fa gitti\u011fi bir karar alacakt\u0131 ya da beklentilerin aksi y\u00f6n\u00fcnde bir ad\u0131m atarak taviz vermeyecekti. \u0130kinci yolu tercih etti\u011fi i\u00e7in 10 ayd\u0131r verilen m\u00fccadele heba edilmemi\u015f oldu\u201d dedi.<\/p>\n\n\n\n<p><strong>EN K\u00d6T\u00dcN\u00dcN SON \u00c7EYRE\u011e\u0130NDEY\u0130Z<\/strong><\/p>\n\n\n\n<p>Parasal s\u0131k\u0131la\u015fman\u0131n makroekonomi i\u00e7in olumlu bir karar oldu\u011funu ancak KOB\u0130\u2019lerin finansmana eri\u015fiminde de negatif olarak yorumlanabilece\u011fini dile getiren Ba\u015fkan Bahar, \u201cMB faiz karar\u0131 \u00f6ncesinde alm\u0131\u015f oldu\u011fu likidite s\u0131k\u0131la\u015ft\u0131rmas\u0131na y\u00f6nelik ad\u0131mlar\u0131 nedeniyle piyasa faizleri 10 puan civar\u0131nda y\u00fckseli\u015f kaydetmi\u015fti. Yani faiz art\u0131\u015f karar\u0131 al\u0131nmadan \u00f6nce zaten piyasa faizleri ile politika faizi aras\u0131nda bir fark olu\u015fmu\u015ftu. Dolay\u0131s\u0131 ile MB politika faizini sabit tutmas\u0131, piyasa ihtiya\u00e7lar\u0131na ayk\u0131r\u0131 bir karar olacakt\u0131. \u00c7\u00fcnk\u00fc piyasan\u0131n kendine \u00f6zg\u00fc kurallar\u0131 var ve bu kurallar her zaman i\u015flemektedir. Bu y\u00fczden bu yorumlara \u00e7ok kat\u0131lam\u0131yoruz\u201d diye konu\u015ftu. Y\u0131l\u0131n ikinci yar\u0131s\u0131ndan itibaren dezenflasyon s\u00fcrecinin ba\u015flayaca\u011f\u0131na y\u00f6nelik en ufak bir ku\u015fkular\u0131n\u0131n kalmad\u0131\u011f\u0131n\u0131 belirten Ba\u015fkan Bahar, \u201cReel faiz dengesizli\u011fi ile birlikte piyasa-politika aras\u0131ndaki dengesizli\u011fi giderme y\u00f6n\u00fcnde \u00f6nemli bir karar olmu\u015ftur. Her ne kadar kredi maliyetleri y\u00fckselmi\u015f olsa da finansmana eri\u015fimin nispeten daha kolay olaca\u011f\u0131, istikrar\u0131n belirgin bir bi\u00e7imde kendini g\u00f6sterece\u011fi bir d\u00f6neme yakla\u015f\u0131yoruz. Yani en k\u00f6t\u00fcy\u00fc geride b\u0131rakmak i\u00e7in \u00f6n\u00fcm\u00fczde sadece bir \u00e7eyrek d\u00f6nem kald\u0131\u201d dedi.<\/p>\n\n\n\n<p>Antalya Ticaret ve Sanayi Odas\u0131 \/ B\u00fclten<\/p>\n","protected":false},"excerpt":{"rendered":"<p>Merkez Bankas\u0131\u2019n\u0131n para politikas\u0131n\u0131 \u015eubat ay\u0131nda sabit tutmas\u0131n\u0131n ard\u0131ndan, Mart ay\u0131 ile birlikte 500 baz puan art\u0131rmas\u0131n\u0131 piyasa beklentilerinin aksi y\u00f6n\u00fcnde bir ad\u0131m oldu\u011funu belirten <a href=\"https:\/\/akdenizhaber.com.tr\/index.php\/2024\/03\/23\/merkez-bankasindan-tam-isabet-faiz-karari\/\" class=\"read-more-link\">[more&#8230;]<\/a><\/p>\n","protected":false},"author":2,"featured_media":21865,"comment_status":"open","ping_status":"open","sticky":false,"template":"","format":"standard","meta":{"footnotes":""},"categories":[2],"tags":[],"class_list":["post-21864","post","type-post","status-publish","format-standard","has-post-thumbnail","hentry","category-gundem"],"_links":{"self":[{"href":"https:\/\/akdenizhaber.com.tr\/index.php\/wp-json\/wp\/v2\/posts\/21864","targetHints":{"allow":["GET"]}}],"collection":[{"href":"https:\/\/akdenizhaber.com.tr\/index.php\/wp-json\/wp\/v2\/posts"}],"about":[{"href":"https:\/\/akdenizhaber.com.tr\/index.php\/wp-json\/wp\/v2\/types\/post"}],"author":[{"embeddable":true,"href":"https:\/\/akdenizhaber.com.tr\/index.php\/wp-json\/wp\/v2\/users\/2"}],"replies":[{"embeddable":true,"href":"https:\/\/akdenizhaber.com.tr\/index.php\/wp-json\/wp\/v2\/comments?post=21864"}],"version-history":[{"count":0,"href":"https:\/\/akdenizhaber.com.tr\/index.php\/wp-json\/wp\/v2\/posts\/21864\/revisions"}],"wp:featuredmedia":[{"embeddable":true,"href":"https:\/\/akdenizhaber.com.tr\/index.php\/wp-json\/wp\/v2\/media\/21865"}],"wp:attachment":[{"href":"https:\/\/akdenizhaber.com.tr\/index.php\/wp-json\/wp\/v2\/media?parent=21864"}],"wp:term":[{"taxonomy":"category","embeddable":true,"href":"https:\/\/akdenizhaber.com.tr\/index.php\/wp-json\/wp\/v2\/categories?post=21864"},{"taxonomy":"post_tag","embeddable":true,"href":"https:\/\/akdenizhaber.com.tr\/index.php\/wp-json\/wp\/v2\/tags?post=21864"}],"curies":[{"name":"wp","href":"https:\/\/api.w.org\/{rel}","templated":true}]}}