{"id":21861,"date":"2024-03-23T11:41:22","date_gmt":"2024-03-23T08:41:22","guid":{"rendered":"https:\/\/akdenizhaber.com.tr\/?p=21861"},"modified":"2024-03-23T11:41:22","modified_gmt":"2024-03-23T08:41:22","slug":"bocek-yeni-donemde-aksuya-ozel-projelerimiz-olacak","status":"publish","type":"post","link":"https:\/\/akdenizhaber.com.tr\/index.php\/2024\/03\/23\/bocek-yeni-donemde-aksuya-ozel-projelerimiz-olacak\/","title":{"rendered":"B\u00f6cek: \u201cYeni d\u00f6nemde Aksu\u2019ya \u00f6zel projelerimiz olacak\u201d"},"content":{"rendered":"\n<p><\/p>\n\n\n\n<p>Antalya B\u00fcy\u00fck\u015fehir Belediye Ba\u015fkan\u0131 ve Aday\u0131 Muhittin B\u00f6cek, Aksulu vatanda\u015flarla iftarda bir araya geldi. Ba\u015fkan Muhittin B\u00f6cek, Aksu\u2019ya be\u015f y\u0131lda 819 milyon yat\u0131r\u0131m yapt\u0131klar\u0131n\u0131 belirterek, yeni d\u00f6nemde Aksu\u2019da spor kompleksi, \u00e7ok ama\u00e7l\u0131 salon, cadde d\u00fczenlemeleri gibi \u00e7ok \u00f6nemli projeler hayata ge\u00e7ireceklerini s\u00f6yledi.<\/p>\n\n\n\n<p>Antalya B\u00fcy\u00fck\u015fehir Belediye Ba\u015fkan\u0131 Muhittin B\u00f6cek ve CHP Antalya B\u00fcy\u00fck\u015fehir Belediye Ba\u015fkan Aday\u0131 Muhittin B\u00f6cek, Aksu\u2019da vatanda\u015flarla iftar program\u0131nda bir araya geldi. Anfa\u015f Fuar ve Kongre Merkezi \u00f6n\u00fcnde ger\u00e7ekle\u015fen iftar program\u0131na CHP Antalya Milletvekili Aliye Co\u015far, CHP Aksu Belediye Ba\u015fkan Aday\u0131 \u0130sa Y\u0131ld\u0131r\u0131m ve \u00e7ok say\u0131da vatanda\u015f kat\u0131ld\u0131. Ba\u015fkan Muhittin B\u00f6cek\u2019e vatanda\u015flar yo\u011fun sevgi g\u00f6sterisinde bulundu. Ak\u015fam ezan\u0131n\u0131n okunmas\u0131yla birlikte Ba\u015fkan B\u00f6cek, Aksulu vatanda\u015flarla birlikte iftar\u0131n\u0131 a\u00e7t\u0131.<\/p>\n\n\n\n<p>AKSU\u2019NUN KOKU SORUNUNU G\u0130DERD\u0130K<\/p>\n\n\n\n<p>Daha sonra vatanda\u015flara seslenen Ba\u015fkan Muhittin B\u00f6cek, Aksu\u2019nun koku sorununu \u00e7\u00f6zd\u00fcklerini belirterek, \u201cAksu\u2019ya gelen vatanda\u015flar\u0131m\u0131z\u0131n Aksu\u2019nun me\u015fhur k\u00f6ftesini yerken kokuya maruz kalmamas\u0131 i\u00e7in hemen \u00e7al\u0131\u015fma yapt\u0131k. B\u00fcy\u00fck\u015fehir Belediyesi olarak gerekli kanalizasyon yat\u0131r\u0131m\u0131m\u0131z\u0131 yaparak Aksu\u2019nun koku sorununu giderdik. Vatanda\u015flar\u0131m\u0131z art\u0131k rahat rahat yemeklerini yiyebiliyor\u201d dedi.<\/p>\n\n\n\n<p>AKSU\u2019YA 819 M\u0130LYON YATIRIM<\/p>\n\n\n\n<p>Aksu\u2019nun geli\u015fen b\u00f6lgesi Alt\u0131nta\u015f\u2019da \u00f6nemli altyap\u0131 yat\u0131r\u0131mlar\u0131 yapacaklar\u0131n\u0131 dile getiren Ba\u015fkan Muhittin B\u00f6cek, \u201cAlt\u0131nta\u015f Mahallesi\u2019nde 193 km yol yapt\u0131k. Alt\u0131nta\u015f Mahallesi\u2019ne Pazar yeri kazand\u0131r\u0131yoruz. Alt\u0131nta\u015f Mahallemiz \u00e7ok h\u0131zl\u0131 geli\u015fiyor, altyap\u0131s\u0131na \u00e7ok \u00f6nemli bir yat\u0131r\u0131m yapaca\u011f\u0131z. Kundu b\u00f6lgemizdeki ar\u0131tma tesisimizin kapasitesini y\u00fczde y\u00fcz artt\u0131raca\u011f\u0131z. Aksu\u2019ya be\u015f y\u0131lda 819 milyon yat\u0131r\u0131m yapt\u0131k. Aksu \u00e7ok h\u0131zl\u0131 geli\u015fen bir b\u00f6lge yat\u0131r\u0131mlar\u0131m\u0131z devam edece\u011fiz\u201d diye konu\u015ftu.<\/p>\n\n\n\n<p>AKSU\u2019YA YEN\u0130 YATIRIMLAR<\/p>\n\n\n\n<p>Yeni d\u00f6nemde Aksu\u2019da hayata ge\u00e7irece\u011fi projeleri payla\u015fan Ba\u015fkan Muhittin B\u00f6cek, \u015funlar\u0131 s\u00f6yledi: \u201cAksu Kopak \u00c7ay\u0131 \u00fczerinde rekreasyon \u00e7al\u0131\u015fmas\u0131 yapaca\u011f\u0131z. \u00c7evre d\u00fczenlemesi ve do\u011faya entegre \u00f6zel projelerle Kundu turizm b\u00f6lgesinde yeni bir ya\u015fam alan\u0131 olu\u015fturaca\u011f\u0131z. Aksu \u0130smail O\u011fan Caddesi\u2019nde d\u00fczenleme \u00e7al\u0131\u015fmas\u0131 yapaca\u011f\u0131z. Otopark cepleri ile geni\u015f kald\u0131r\u0131m alan\u0131 yarataca\u011f\u0131z. Oturma bank\u0131 alternatifleri ve \u015fehir mobilyas\u0131 i\u00e7in mod\u00fcler, \u00e7evreci, geri d\u00f6n\u00fc\u015f\u00fcm \u00fcr\u00fcnlerinden elde edilmi\u015f ve g\u00fcne\u015f panelleriyle enerji \u00fcretebilen \u00fcr\u00fcnleri projede kullanaca\u011f\u0131z. Aksu\u2019da spor kompleksi projesi ile yeni yerle\u015fime a\u00e7\u0131lan kentsel d\u00f6n\u00fc\u015f\u00fcm alan\u0131 i\u00e7erisinde t\u00fcm sporlara ev sahipli\u011fi yapabilecek atletizm pistli bir futbol sahas\u0131 yapaca\u011f\u0131z. Aksu\u2019da vatanda\u015flar\u0131n spor ve alanda bir araya gelebilecek \u00e7ok ama\u00e7l\u0131 bir spor salonu kazand\u0131raca\u011f\u0131z.\u201d<\/p>\n\n\n\n<p>ERMENEK MAHALLES\u0130\u2019N\u0130N SORUNUNU B\u0130RL\u0130KTE \u00c7\u00d6ZECE\u011e\u0130Z<\/p>\n\n\n\n<p>Ba\u015fkan Muhittin B\u00f6cek, daha sonra Ermenek Mahallesi\u2019nde vatanda\u015flarla bulu\u015ftu. Ermenekli vatanda\u015flar\u0131n sorunlar\u0131n\u0131 dinleyen Muhittin B\u00f6cek, \u201cErmenek Mahallesi\u2019nin tapu sorununun takip\u00e7isi olaca\u011f\u0131z.&nbsp; \u015eu an mahkemede, ben buraya sizlerin oyunu dev\u015firmek i\u00e7in gelmedim. Sizlere yard\u0131mc\u0131 olaca\u011f\u0131m. Ben bir Y\u00f6r\u00fck \u00e7ocu\u011fuyum. Antalya hi\u00e7bir zaman para babalar\u0131n\u0131n \u015fehri olmayacak. Ekip arkada\u015flar\u0131m\u0131z konunun yak\u0131ndan takip\u00e7isi olacak. Halk\u0131m\u0131zla gerekli toplant\u0131lar\u0131 yaparak sorunu birlikte \u00e7\u00f6zece\u011fiz. Vekillerimiz de dava dosyalar\u0131n\u0131 yak\u0131ndan takip edecek. Ermenek Mahallesi\u2019nin sorununu birlikte \u00e7\u00f6zece\u011fiz\u201d \u015feklinde konu\u015ftu.<\/p>\n\n\n\n<p>Antalya B\u00fcy\u00fck\u015fehir Belediyesi \/ B\u00fclten<\/p>\n","protected":false},"excerpt":{"rendered":"<p>Antalya B\u00fcy\u00fck\u015fehir Belediye Ba\u015fkan\u0131 ve Aday\u0131 Muhittin B\u00f6cek, Aksulu vatanda\u015flarla iftarda bir araya geldi. Ba\u015fkan Muhittin B\u00f6cek, Aksu\u2019ya be\u015f y\u0131lda 819 milyon yat\u0131r\u0131m yapt\u0131klar\u0131n\u0131 belirterek, <a href=\"https:\/\/akdenizhaber.com.tr\/index.php\/2024\/03\/23\/bocek-yeni-donemde-aksuya-ozel-projelerimiz-olacak\/\" class=\"read-more-link\">[more&#8230;]<\/a><\/p>\n","protected":false},"author":2,"featured_media":21862,"comment_status":"open","ping_status":"open","sticky":false,"template":"","format":"standard","meta":{"footnotes":""},"categories":[2],"tags":[],"class_list":["post-21861","post","type-post","status-publish","format-standard","has-post-thumbnail","hentry","category-gundem"],"_links":{"self":[{"href":"https:\/\/akdenizhaber.com.tr\/index.php\/wp-json\/wp\/v2\/posts\/21861","targetHints":{"allow":["GET"]}}],"collection":[{"href":"https:\/\/akdenizhaber.com.tr\/index.php\/wp-json\/wp\/v2\/posts"}],"about":[{"href":"https:\/\/akdenizhaber.com.tr\/index.php\/wp-json\/wp\/v2\/types\/post"}],"author":[{"embeddable":true,"href":"https:\/\/akdenizhaber.com.tr\/index.php\/wp-json\/wp\/v2\/users\/2"}],"replies":[{"embeddable":true,"href":"https:\/\/akdenizhaber.com.tr\/index.php\/wp-json\/wp\/v2\/comments?post=21861"}],"version-history":[{"count":0,"href":"https:\/\/akdenizhaber.com.tr\/index.php\/wp-json\/wp\/v2\/posts\/21861\/revisions"}],"wp:featuredmedia":[{"embeddable":true,"href":"https:\/\/akdenizhaber.com.tr\/index.php\/wp-json\/wp\/v2\/media\/21862"}],"wp:attachment":[{"href":"https:\/\/akdenizhaber.com.tr\/index.php\/wp-json\/wp\/v2\/media?parent=21861"}],"wp:term":[{"taxonomy":"category","embeddable":true,"href":"https:\/\/akdenizhaber.com.tr\/index.php\/wp-json\/wp\/v2\/categories?post=21861"},{"taxonomy":"post_tag","embeddable":true,"href":"https:\/\/akdenizhaber.com.tr\/index.php\/wp-json\/wp\/v2\/tags?post=21861"}],"curies":[{"name":"wp","href":"https:\/\/api.w.org\/{rel}","templated":true}]}}