{"id":21818,"date":"2024-03-21T12:45:23","date_gmt":"2024-03-21T09:45:23","guid":{"rendered":"https:\/\/akdenizhaber.com.tr\/?p=21818"},"modified":"2024-03-21T12:45:23","modified_gmt":"2024-03-21T09:45:23","slug":"bakan-ersoy-izmir-efesten-sonra-en-uzun-soluklu-kazi-calismasi-77-yildir-sidede-yapiliyor","status":"publish","type":"post","link":"https:\/\/akdenizhaber.com.tr\/index.php\/2024\/03\/21\/bakan-ersoy-izmir-efesten-sonra-en-uzun-soluklu-kazi-calismasi-77-yildir-sidede-yapiliyor\/","title":{"rendered":"Bakan Ersoy: \u0130zmir Efes&#8217;ten sonra en uzun soluklu kaz\u0131 \u00e7al\u0131\u015fmas\u0131 77 y\u0131ld\u0131r Side&#8217;de yap\u0131l\u0131yor"},"content":{"rendered":"\n<p><\/p>\n\n\n\n<p>K\u00fclt\u00fcr ve Turizm Bakan\u0131 Mehmet Nuri Ersoy, \u00fclke ve Antalya&#8217;da k\u00fclt\u00fcr turizminin kalbinin Side oldu\u011funu s\u00f6yledi. Bakan Ersoy,&#8221; \u00dclkemizde \u0130zmir Efes&#8217;ten sonra\u00a0\u00a0 77 y\u0131ld\u0131r en uzun soluklu kaz\u0131 \u00e7al\u0131\u015fmas\u0131 Side Antik Kent&#8217;te yap\u0131l\u0131yor.<\/p>\n\n\n\n<figure class=\"wp-block-image size-large\"><img loading=\"lazy\" decoding=\"async\" width=\"1024\" height=\"733\" src=\"https:\/\/akdenizhaber.com.tr\/wp-content\/uploads\/2024\/03\/0f2b6c48-a837-4030-8d70-e5eee64c1009-1024x733.jpg\" alt=\"\" class=\"wp-image-21820\" srcset=\"https:\/\/akdenizhaber.com.tr\/wp-content\/uploads\/2024\/03\/0f2b6c48-a837-4030-8d70-e5eee64c1009-1024x733.jpg 1024w, https:\/\/akdenizhaber.com.tr\/wp-content\/uploads\/2024\/03\/0f2b6c48-a837-4030-8d70-e5eee64c1009-300x215.jpg 300w, https:\/\/akdenizhaber.com.tr\/wp-content\/uploads\/2024\/03\/0f2b6c48-a837-4030-8d70-e5eee64c1009-768x550.jpg 768w, https:\/\/akdenizhaber.com.tr\/wp-content\/uploads\/2024\/03\/0f2b6c48-a837-4030-8d70-e5eee64c1009.jpg 1440w\" sizes=\"auto, (max-width: 1024px) 100vw, 1024px\" \/><\/figure>\n\n\n\n<p>Side Antik Kenti Ziyaret\u00e7i Kar\u015f\u0131lama Merkezi A\u00e7\u0131l\u0131\u015f\u0131n\u0131 yapan Bakan Mehmet Nuri Ersoy, Side Antik Kentte 1947 y\u0131l\u0131nda \u0130zmir Efesten sonra en uzun soluklu kaz\u0131 \u00e7al\u0131\u015fmas\u0131n\u0131n yap\u0131ld\u0131\u011f\u0131 tarihi \u00f6ren yerinin Side Antik Kent oldu\u011funu kaydetti.<\/p>\n\n\n\n<p>Bakan Mehmet Nuri Ersoy, konu\u015fmas\u0131nda \u015fu bilgileri verdi: &#8216; &#8216;Side Antik Kentte 1947 y\u0131l\u0131nda Ordinary\u00fcs Prof. Dr. Arif M\u00fcfid Mansel, Prof. Dr. Jale \u0130nan ile devam ettirilen 77 y\u0131ld\u0131r aral\u0131ks\u0131z kaz \u00e7al\u0131\u015fmas\u0131n\u0131n yap\u0131ld\u0131\u011f\u0131 nadir tarihi \u00f6ren yerlerinden biri de Side Antik Kenttir Antik kentte kaz\u0131 \u00e7al\u0131\u015fmas\u0131n\u0131 g\u00fcn\u00fcm\u00fczde son 5 y\u0131ld\u0131r 4 aydan y\u0131l\u0131n 12 ay\u0131na yayarak Anadolu \u00dcniversitesi Edebiyat Fak\u00fcltesi Arkeoloji B\u00f6l\u00fcm\u00fc Ba\u015fkan\u0131 ve Side Kaz\u0131 Ba\u015fkan\u0131 Prof. Feri\u015ftah Alanyal\u0131 taraf\u0131ndan d\u00fc\u015f\u00fcr\u00fcl\u00fcyor. \u00d6n\u00fcm\u00fczdeki 4 y\u0131l i\u00e7inde t\u00fcm \u00f6ren yerlerinde kaz\u0131 \u00e7al\u0131\u015fmas\u0131n\u0131 y\u00fczde 2&#8217;den y\u00fczde 30&#8217;a \u00e7\u0131karaca\u011f\u0131z. Side&#8217;nin toprak alt\u0131ndaki arkeolojik varl\u0131k zenginli\u011finin g\u00fcn y\u00fcz\u00fcne \u00e7\u0131kmas\u0131 i\u00e7in bakanl\u0131k olarak her zaman destek verdik. Vermeye de devam edece\u011fiz.&#8221;<\/p>\n\n\n\n<p>A\u00e7\u0131l\u0131\u015f K\u00fclt\u00fcr ve Turizm Bakan\u0131 Mehmet Nuri Ersoy ve milletvekili Dr. Tuba Vural \u00c7okal\u2019\u0131n kat\u0131l\u0131mlar\u0131yla ger\u00e7ekle\u015fti.<\/p>\n\n\n\n<p>Abdurrahman B\u00fcy\u00fckkeskin \/ Haber<\/p>\n","protected":false},"excerpt":{"rendered":"<p>K\u00fclt\u00fcr ve Turizm Bakan\u0131 Mehmet Nuri Ersoy, \u00fclke ve Antalya&#8217;da k\u00fclt\u00fcr turizminin kalbinin Side oldu\u011funu s\u00f6yledi. Bakan Ersoy,&#8221; \u00dclkemizde \u0130zmir Efes&#8217;ten sonra\u00a0\u00a0 77 y\u0131ld\u0131r en <a href=\"https:\/\/akdenizhaber.com.tr\/index.php\/2024\/03\/21\/bakan-ersoy-izmir-efesten-sonra-en-uzun-soluklu-kazi-calismasi-77-yildir-sidede-yapiliyor\/\" class=\"read-more-link\">[more&#8230;]<\/a><\/p>\n","protected":false},"author":2,"featured_media":21819,"comment_status":"open","ping_status":"open","sticky":false,"template":"","format":"standard","meta":{"footnotes":""},"categories":[2],"tags":[],"class_list":["post-21818","post","type-post","status-publish","format-standard","has-post-thumbnail","hentry","category-gundem"],"_links":{"self":[{"href":"https:\/\/akdenizhaber.com.tr\/index.php\/wp-json\/wp\/v2\/posts\/21818","targetHints":{"allow":["GET"]}}],"collection":[{"href":"https:\/\/akdenizhaber.com.tr\/index.php\/wp-json\/wp\/v2\/posts"}],"about":[{"href":"https:\/\/akdenizhaber.com.tr\/index.php\/wp-json\/wp\/v2\/types\/post"}],"author":[{"embeddable":true,"href":"https:\/\/akdenizhaber.com.tr\/index.php\/wp-json\/wp\/v2\/users\/2"}],"replies":[{"embeddable":true,"href":"https:\/\/akdenizhaber.com.tr\/index.php\/wp-json\/wp\/v2\/comments?post=21818"}],"version-history":[{"count":0,"href":"https:\/\/akdenizhaber.com.tr\/index.php\/wp-json\/wp\/v2\/posts\/21818\/revisions"}],"wp:featuredmedia":[{"embeddable":true,"href":"https:\/\/akdenizhaber.com.tr\/index.php\/wp-json\/wp\/v2\/media\/21819"}],"wp:attachment":[{"href":"https:\/\/akdenizhaber.com.tr\/index.php\/wp-json\/wp\/v2\/media?parent=21818"}],"wp:term":[{"taxonomy":"category","embeddable":true,"href":"https:\/\/akdenizhaber.com.tr\/index.php\/wp-json\/wp\/v2\/categories?post=21818"},{"taxonomy":"post_tag","embeddable":true,"href":"https:\/\/akdenizhaber.com.tr\/index.php\/wp-json\/wp\/v2\/tags?post=21818"}],"curies":[{"name":"wp","href":"https:\/\/api.w.org\/{rel}","templated":true}]}}