{"id":21815,"date":"2024-03-21T12:44:29","date_gmt":"2024-03-21T09:44:29","guid":{"rendered":"https:\/\/akdenizhaber.com.tr\/?p=21815"},"modified":"2024-03-21T12:44:29","modified_gmt":"2024-03-21T09:44:29","slug":"baskan-sozenden-veda-ziyaretleri","status":"publish","type":"post","link":"https:\/\/akdenizhaber.com.tr\/index.php\/2024\/03\/21\/baskan-sozenden-veda-ziyaretleri\/","title":{"rendered":"Ba\u015fkan S\u00f6zen\u2019den Veda Ziyaretleri"},"content":{"rendered":"\n<p><\/p>\n\n\n\n<p>Manavgat Belediye Ba\u015fkan\u0131 \u015e\u00fckr\u00fc S\u00f6zen, il\u00e7ede bulunan kamu kurum ve kurulu\u015flar\u0131na veda ziyaretlerinde bulundu.<\/p>\n\n\n\n<p>2009 y\u0131l\u0131ndan itibaren 3 d\u00f6nemdir Manavgat Belediye Ba\u015fkanl\u0131\u011f\u0131 g\u00f6revini y\u00fcr\u00fcten ve 31 Mart 2024 Mahalli \u0130dareler se\u00e7imlerinin ard\u0131ndan aday olmayaca\u011f\u0131n\u0131 a\u00e7\u0131klayan Manavgat Belediye Ba\u015fkan\u0131 \u015e\u00fckr\u00fc S\u00f6zen, kamu kurum ve kurulu\u015flar\u0131n\u0131 gezerek veda ziyaretlerinde bulundu, helallik istedi. Ba\u015fkan S\u00f6zen, Manavgat Kaymakaml\u0131\u011f\u0131, \u0130l\u00e7e Emniyet M\u00fcd\u00fcrl\u00fc\u011f\u00fc, Manavgat Adliyesi ve \u0130l\u00e7e Jandarma Komutanl\u0131\u011f\u0131\u2019na veda ziyaretlerinde bulundu. Ba\u015fkan S\u00f6zen; Manavgat Kaymakam\u0131 Adil Karata\u015f, \u0130l\u00e7e Jandarma Komutan\u0131 Jandarma Binba\u015f\u0131 Mustafa Deniz, \u0130l\u00e7e Emniyet M\u00fcd\u00fcr\u00fc Ayhan S\u00f6\u011f\u00fct, Manavgat Cumhuriyet Ba\u015fsavc\u0131s\u0131 Ersin Selimefendigil, Kaymakaml\u0131k Yaz\u0131 \u0130\u015fleri M\u00fcd\u00fcr\u00fc Hasan \u00c7elik, N\u00fcfus M\u00fcd\u00fcr\u00fc Ali Keskin, G\u00f6\u00e7 \u0130daresi M\u00fcd\u00fcr\u00fc Mert Gedik, Sosyal Hizmetler M\u00fcd\u00fcr\u00fc \u0130smail K\u0131l\u0131\u00e7 ve Sosyal Yard\u0131mla\u015fma ve Dayan\u0131\u015fma Vakf\u0131 M\u00fcd\u00fcr\u00fc \u015e\u00fckr\u00fc Y\u0131ld\u0131r\u0131m\u2019\u0131 ziyaret ederek bug\u00fcne kadar sa\u011flad\u0131klar\u0131 destek i\u00e7in kamu kurum ve kurulu\u015flar\u0131n\u0131n temsilcilerine te\u015fekk\u00fcr etti.Sosyal Medya hesab\u0131ndan ziyaretleri payla\u015fan Ba\u015fkan \u015e\u00fckr\u00fc S\u00f6zen, \u201cDe\u011ferli Hem\u015fehrilerim,<\/p>\n\n\n\n<p>15 y\u0131ll\u0131k g\u00f6rev s\u00fcremizde Manavgat halk\u0131m\u0131za hizmet noktas\u0131nda birlikte \u00e7al\u0131\u015fmaktan mutluluk duydu\u011fum kamu kurumlar\u0131m\u0131za veda ziyaretlerinde bulunduk. G\u00f6rev s\u00fcremdeki destekleri i\u00e7in t\u00fcm kamu kurum temsilcilerine ve \u00e7al\u0131\u015fanlar\u0131na te\u015fekk\u00fcr ediyorum\u201d dedi. &nbsp;<\/p>\n\n\n\n<p>Manavgat Belediyesi \/ B\u00fclten<\/p>\n","protected":false},"excerpt":{"rendered":"<p>Manavgat Belediye Ba\u015fkan\u0131 \u015e\u00fckr\u00fc S\u00f6zen, il\u00e7ede bulunan kamu kurum ve kurulu\u015flar\u0131na veda ziyaretlerinde bulundu. 2009 y\u0131l\u0131ndan itibaren 3 d\u00f6nemdir Manavgat Belediye Ba\u015fkanl\u0131\u011f\u0131 g\u00f6revini y\u00fcr\u00fcten ve <a href=\"https:\/\/akdenizhaber.com.tr\/index.php\/2024\/03\/21\/baskan-sozenden-veda-ziyaretleri\/\" class=\"read-more-link\">[more&#8230;]<\/a><\/p>\n","protected":false},"author":2,"featured_media":21816,"comment_status":"open","ping_status":"open","sticky":false,"template":"","format":"standard","meta":{"footnotes":""},"categories":[2],"tags":[],"class_list":["post-21815","post","type-post","status-publish","format-standard","has-post-thumbnail","hentry","category-gundem"],"_links":{"self":[{"href":"https:\/\/akdenizhaber.com.tr\/index.php\/wp-json\/wp\/v2\/posts\/21815","targetHints":{"allow":["GET"]}}],"collection":[{"href":"https:\/\/akdenizhaber.com.tr\/index.php\/wp-json\/wp\/v2\/posts"}],"about":[{"href":"https:\/\/akdenizhaber.com.tr\/index.php\/wp-json\/wp\/v2\/types\/post"}],"author":[{"embeddable":true,"href":"https:\/\/akdenizhaber.com.tr\/index.php\/wp-json\/wp\/v2\/users\/2"}],"replies":[{"embeddable":true,"href":"https:\/\/akdenizhaber.com.tr\/index.php\/wp-json\/wp\/v2\/comments?post=21815"}],"version-history":[{"count":0,"href":"https:\/\/akdenizhaber.com.tr\/index.php\/wp-json\/wp\/v2\/posts\/21815\/revisions"}],"wp:featuredmedia":[{"embeddable":true,"href":"https:\/\/akdenizhaber.com.tr\/index.php\/wp-json\/wp\/v2\/media\/21816"}],"wp:attachment":[{"href":"https:\/\/akdenizhaber.com.tr\/index.php\/wp-json\/wp\/v2\/media?parent=21815"}],"wp:term":[{"taxonomy":"category","embeddable":true,"href":"https:\/\/akdenizhaber.com.tr\/index.php\/wp-json\/wp\/v2\/categories?post=21815"},{"taxonomy":"post_tag","embeddable":true,"href":"https:\/\/akdenizhaber.com.tr\/index.php\/wp-json\/wp\/v2\/tags?post=21815"}],"curies":[{"name":"wp","href":"https:\/\/api.w.org\/{rel}","templated":true}]}}