{"id":21783,"date":"2024-03-21T12:36:05","date_gmt":"2024-03-21T09:36:05","guid":{"rendered":"https:\/\/akdenizhaber.com.tr\/?p=21783"},"modified":"2024-03-21T12:36:05","modified_gmt":"2024-03-21T09:36:05","slug":"bekir-kivrimdan-esnaf-ziyaretleri","status":"publish","type":"post","link":"https:\/\/akdenizhaber.com.tr\/index.php\/2024\/03\/21\/bekir-kivrimdan-esnaf-ziyaretleri\/","title":{"rendered":"Bekir K\u0131vr\u0131m\u2019dan Esnaf Ziyaretleri"},"content":{"rendered":"\n<p><\/p>\n\n\n\n<p>Cumhur \u0130ttifak\u0131 D\u00f6\u015femealt\u0131 Belediye Ba\u015fkan Aday\u0131 Bekir K\u0131vr\u0131m se\u00e7im \u00e7al\u0131\u015fmalar\u0131 kapsam\u0131nda esnaf ile bir araya geldi. K\u0131vr\u0131m, \u201cOrtak ak\u0131l, isti\u015fare ile esnaf\u0131m\u0131z\u0131n her zaman yan\u0131nday\u0131z\u201d dedi.<\/p>\n\n\n\n<p>31 Mart yerel se\u00e7imlerine k\u0131sa bir s\u00fcre kala Cumhur \u0130ttifak\u0131 D\u00f6\u015femealt\u0131 Belediye Ba\u015fkan Aday\u0131 Bekir K\u0131vr\u0131m temposunu daha da artt\u0131rd\u0131. D\u00f6\u015femealt\u0131\u2019n\u0131 ad\u0131m ad\u0131m gezen \u00e7almad\u0131k kap\u0131 s\u0131k\u0131lmad\u0131k el b\u0131rakmayan Ba\u015fkan Aday\u0131 K\u0131vr\u0131m D\u00f6\u015femealt\u0131 esnaf\u0131 ile bir araya geldi. \u0130lk olarak Adem Y\u00f6r\u00fck Sanayi Sitesi\u2019ndeki esnaf\u0131 ziyaret eden K\u0131vr\u0131m,&nbsp; talepleri dinledi ve projelerini anlatt\u0131. Bekir K\u0131vr\u0131m\u2019a esnaf b\u00fcy\u00fck bir ilgi g\u00f6sterdi.<\/p>\n\n\n\n<p>Cumhur \u0130ttifak\u0131 Aday\u0131 K\u0131vr\u0131m\u2019\u0131n bir sonraki dura\u011f\u0131 ise Ye\u015filbay\u0131r Mahallesi oldu. Mahalle esnaf\u0131n\u0131 ziyaret edip hay\u0131rl\u0131 i\u015fler dileyen Bekir K\u0131vr\u0131m\u2019a AK Parti Antalya Milletvekili \u0130brahim Ethem Ta\u015f da e\u015flik etti. K\u0131vr\u0131m, ziyaret esnas\u0131nda esnaf\u0131n sorunlar\u0131n\u0131 dinleyerek notlar ald\u0131.<\/p>\n\n\n\n<p>\u201cESNAFIMIZIN HER DA\u0130M YANINDAYIZ\u201d<\/p>\n\n\n\n<p>Esnaf\u0131n sorunlar\u0131n\u0131 \u00e7ok iyi bildiklerini ve buna y\u00f6nelik projeler haz\u0131rlad\u0131klar\u0131n\u0131 ifade eden Bekir K\u0131vr\u0131m, \u201cD\u00f6\u015femealt\u0131\u2019m\u0131z\u0131 ne yaz\u0131k ki 10 y\u0131ld\u0131r hizmet alam\u0131yor. Hizmet yoksunlu\u011funun en b\u00fcy\u00fck zorlu\u011funu da esnaf\u0131m\u0131z \u00e7ekiyor. Gitti\u011fimiz her yerde esnaf\u0131m\u0131z hizmetsizlikten \u015fikayet ediyor. Biz esnaf\u0131m\u0131z\u0131n sorunlar\u0131n\u0131 \u00e7ok iyi biliyoruz. Esnaf\u0131m\u0131z\u0131n her daim yan\u0131nday\u0131z. Bu konuda dersimize de \u00e7ok iyi \u00e7al\u0131\u015ft\u0131k. Ortak ak\u0131l, isti\u015fare ve esnaf dostu anlay\u0131\u015f\u0131m\u0131zla D\u00f6\u015femealt\u0131\u2019m\u0131z hak etti\u011fi marka de\u011ferine ula\u015facak. \u0130n\u015fallah 1 Nisan g\u00fcn\u00fc D\u00f6\u015femealt\u0131\u2019m\u0131z\u0131 Ger\u00e7ek Belediyecilik ile tan\u0131\u015ft\u0131raca\u011f\u0131z. Halk\u0131m\u0131z\u0131n tevecc\u00fch\u00fc ile T\u00fcrkiye Y\u00fczy\u0131l\u0131na yak\u0131\u015f\u0131r bir kent in\u015fa edece\u011fiz. G\u00fczel il\u00e7emizi hep birlikte daha g\u00fczel yar\u0131nlara ta\u015f\u0131yaca\u011f\u0131z\u201d dedi.<\/p>\n\n\n\n<p>Haber Merkezi<\/p>\n","protected":false},"excerpt":{"rendered":"<p>Cumhur \u0130ttifak\u0131 D\u00f6\u015femealt\u0131 Belediye Ba\u015fkan Aday\u0131 Bekir K\u0131vr\u0131m se\u00e7im \u00e7al\u0131\u015fmalar\u0131 kapsam\u0131nda esnaf ile bir araya geldi. K\u0131vr\u0131m, \u201cOrtak ak\u0131l, isti\u015fare ile esnaf\u0131m\u0131z\u0131n her zaman yan\u0131nday\u0131z\u201d <a href=\"https:\/\/akdenizhaber.com.tr\/index.php\/2024\/03\/21\/bekir-kivrimdan-esnaf-ziyaretleri\/\" class=\"read-more-link\">[more&#8230;]<\/a><\/p>\n","protected":false},"author":2,"featured_media":21784,"comment_status":"open","ping_status":"open","sticky":false,"template":"","format":"standard","meta":{"footnotes":""},"categories":[2],"tags":[],"class_list":["post-21783","post","type-post","status-publish","format-standard","has-post-thumbnail","hentry","category-gundem"],"_links":{"self":[{"href":"https:\/\/akdenizhaber.com.tr\/index.php\/wp-json\/wp\/v2\/posts\/21783","targetHints":{"allow":["GET"]}}],"collection":[{"href":"https:\/\/akdenizhaber.com.tr\/index.php\/wp-json\/wp\/v2\/posts"}],"about":[{"href":"https:\/\/akdenizhaber.com.tr\/index.php\/wp-json\/wp\/v2\/types\/post"}],"author":[{"embeddable":true,"href":"https:\/\/akdenizhaber.com.tr\/index.php\/wp-json\/wp\/v2\/users\/2"}],"replies":[{"embeddable":true,"href":"https:\/\/akdenizhaber.com.tr\/index.php\/wp-json\/wp\/v2\/comments?post=21783"}],"version-history":[{"count":0,"href":"https:\/\/akdenizhaber.com.tr\/index.php\/wp-json\/wp\/v2\/posts\/21783\/revisions"}],"wp:featuredmedia":[{"embeddable":true,"href":"https:\/\/akdenizhaber.com.tr\/index.php\/wp-json\/wp\/v2\/media\/21784"}],"wp:attachment":[{"href":"https:\/\/akdenizhaber.com.tr\/index.php\/wp-json\/wp\/v2\/media?parent=21783"}],"wp:term":[{"taxonomy":"category","embeddable":true,"href":"https:\/\/akdenizhaber.com.tr\/index.php\/wp-json\/wp\/v2\/categories?post=21783"},{"taxonomy":"post_tag","embeddable":true,"href":"https:\/\/akdenizhaber.com.tr\/index.php\/wp-json\/wp\/v2\/tags?post=21783"}],"curies":[{"name":"wp","href":"https:\/\/api.w.org\/{rel}","templated":true}]}}