{"id":21753,"date":"2024-03-20T12:35:39","date_gmt":"2024-03-20T09:35:39","guid":{"rendered":"https:\/\/akdenizhaber.com.tr\/?p=21753"},"modified":"2024-03-20T12:35:39","modified_gmt":"2024-03-20T09:35:39","slug":"buyuksehirden-aksekiye-ulasim-destegi","status":"publish","type":"post","link":"https:\/\/akdenizhaber.com.tr\/index.php\/2024\/03\/20\/buyuksehirden-aksekiye-ulasim-destegi\/","title":{"rendered":"B\u00fcy\u00fck\u015fehir\u2019den Akseki\u2019ye ula\u015f\u0131m deste\u011fi"},"content":{"rendered":"\n<p><\/p>\n\n\n\n<p>Antalya B\u00fcy\u00fck\u015fehir Belediye Ba\u015fkan\u0131 Muhittin B\u00f6cek, Akseki ziyareti s\u0131ras\u0131nda vatanda\u015flardan gelen ula\u015f\u0131m deste\u011fi talebini kar\u015f\u0131l\u0131ks\u0131z b\u0131rakmad\u0131. Akseki\u2019de uzak mahallelerde oturan vatanda\u015flar\u0131 merkeze ta\u015f\u0131yacak ring seferi uygulamas\u0131 b\u00fcy\u00fck memnuniyet yaratt\u0131.<\/p>\n\n\n\n<p>Ba\u015fkan Muhittin B\u00f6cek\u2019in Akseki ziyaretinde vatanda\u015flar il\u00e7e merkezinde bulunan Fak\u0131lar, Hac\u0131ilyas, Bo\u011faz ve Demirciler Mahalleleri ile B\u00fcy\u00fckalan, Bucakalan, Belenalan, Sar\u0131hac\u0131lar Mahalleleri (TOK\u0130) aras\u0131ndaki ula\u015f\u0131m sorununu dile getirmi\u015fti. \u201cS\u00f6z Muhittin B\u00f6cek S\u00f6z\u00fc\u2019\u2019 diyerek Aksekililere s\u00f6z veren Ba\u015fkan Muhittin B\u00f6cek, il\u00e7enin ula\u015f\u0131m sorununu \u00e7\u00f6z\u00fcme kavu\u015fturdu.<\/p>\n\n\n\n<p>Ula\u015f\u0131m Planlama ve Rayl\u0131 Sistemler Dairesi Ba\u015fkanl\u0131\u011f\u0131 taraf\u0131ndan Akseki\u2019ye sa\u011flanan ve \u00fccretsiz olarak hizmet veren ula\u015f\u0131m arac\u0131 ile belirtilen mahalleler aras\u0131nda haftan\u0131n 7 g\u00fcn\u00fc, g\u00fcnde 4 kez ring olarak ula\u015f\u0131m hizmeti veriliyor. Ula\u015f\u0131m deste\u011fi i\u00e7in Ba\u015fkan Muhittin B\u00f6cek\u2019e te\u015fekk\u00fcrlerini ileten Aksekililer il\u00e7enin kanayan yaras\u0131n\u0131n \u00e7\u00f6z\u00fcme kavu\u015fmas\u0131ndan dolay\u0131 memnuniyetlerini dile getirdi.<\/p>\n\n\n\n<p>Antalya B\u00fcy\u00fck\u015fehir Belediyesi \/ B\u00fclten<\/p>\n","protected":false},"excerpt":{"rendered":"<p>Antalya B\u00fcy\u00fck\u015fehir Belediye Ba\u015fkan\u0131 Muhittin B\u00f6cek, Akseki ziyareti s\u0131ras\u0131nda vatanda\u015flardan gelen ula\u015f\u0131m deste\u011fi talebini kar\u015f\u0131l\u0131ks\u0131z b\u0131rakmad\u0131. Akseki\u2019de uzak mahallelerde oturan vatanda\u015flar\u0131 merkeze ta\u015f\u0131yacak ring seferi <a href=\"https:\/\/akdenizhaber.com.tr\/index.php\/2024\/03\/20\/buyuksehirden-aksekiye-ulasim-destegi\/\" class=\"read-more-link\">[more&#8230;]<\/a><\/p>\n","protected":false},"author":2,"featured_media":21754,"comment_status":"open","ping_status":"open","sticky":false,"template":"","format":"standard","meta":{"footnotes":""},"categories":[2],"tags":[],"class_list":["post-21753","post","type-post","status-publish","format-standard","has-post-thumbnail","hentry","category-gundem"],"_links":{"self":[{"href":"https:\/\/akdenizhaber.com.tr\/index.php\/wp-json\/wp\/v2\/posts\/21753","targetHints":{"allow":["GET"]}}],"collection":[{"href":"https:\/\/akdenizhaber.com.tr\/index.php\/wp-json\/wp\/v2\/posts"}],"about":[{"href":"https:\/\/akdenizhaber.com.tr\/index.php\/wp-json\/wp\/v2\/types\/post"}],"author":[{"embeddable":true,"href":"https:\/\/akdenizhaber.com.tr\/index.php\/wp-json\/wp\/v2\/users\/2"}],"replies":[{"embeddable":true,"href":"https:\/\/akdenizhaber.com.tr\/index.php\/wp-json\/wp\/v2\/comments?post=21753"}],"version-history":[{"count":0,"href":"https:\/\/akdenizhaber.com.tr\/index.php\/wp-json\/wp\/v2\/posts\/21753\/revisions"}],"wp:featuredmedia":[{"embeddable":true,"href":"https:\/\/akdenizhaber.com.tr\/index.php\/wp-json\/wp\/v2\/media\/21754"}],"wp:attachment":[{"href":"https:\/\/akdenizhaber.com.tr\/index.php\/wp-json\/wp\/v2\/media?parent=21753"}],"wp:term":[{"taxonomy":"category","embeddable":true,"href":"https:\/\/akdenizhaber.com.tr\/index.php\/wp-json\/wp\/v2\/categories?post=21753"},{"taxonomy":"post_tag","embeddable":true,"href":"https:\/\/akdenizhaber.com.tr\/index.php\/wp-json\/wp\/v2\/tags?post=21753"}],"curies":[{"name":"wp","href":"https:\/\/api.w.org\/{rel}","templated":true}]}}