{"id":21729,"date":"2024-03-19T12:29:53","date_gmt":"2024-03-19T09:29:53","guid":{"rendered":"https:\/\/akdenizhaber.com.tr\/?p=21729"},"modified":"2024-03-19T12:29:54","modified_gmt":"2024-03-19T09:29:54","slug":"baskan-adayi-niyazi-nefi-kara-ziyaretlerine-devam-ediyor","status":"publish","type":"post","link":"https:\/\/akdenizhaber.com.tr\/index.php\/2024\/03\/19\/baskan-adayi-niyazi-nefi-kara-ziyaretlerine-devam-ediyor\/","title":{"rendered":"Ba\u015fkan Aday\u0131 Niyazi Nefi Kara Ziyaretlerine Devam Ediyor"},"content":{"rendered":"\n<p><\/p>\n\n\n\n<p>Cumhuriyet Halk Partisi Manavgat Belediye Ba\u015fkan Aday\u0131 \u201cHalk\u0131n Doktoru\u201d Niyazi Nefi Kara, dernek ve esnaflarla bir araya gelerek kent y\u00f6netimiyle yapaca\u011f\u0131 hizmetleri anlatmaya devam ediyor. Ba\u015fkan Aday\u0131 Niyazi Nefi Kara, son olarak Manavgat Kapal\u0131 \u00c7ar\u015f\u0131 ve Bal\u0131khane esnaf\u0131 ile bir araya gelirken Manavgat Hatayl\u0131lar Derne\u011fi ve Alevi K\u00fclt\u00fcr Dernekleri Manavgat \u015eubesi\u2019ni de ziyaret etti. Ba\u015fkan Aday\u0131 Niyazi Nefi Kara\u2019n\u0131n esnaf ve dernek bulu\u015fmas\u0131 ziyaretine CHP Manavgat \u0130l\u00e7e Ba\u015fkan\u0131 Oykun Ba\u015far, CHP Antalya Milletvekili Mustafa Erdem, CHP Se\u00e7im Komitesi Ba\u015fkan\u0131 Abbas Tarak\u00e7\u0131 ve belediye meclis \u00fcyesi adaylar\u0131 kat\u0131ld\u0131. Kent y\u00f6netimiyle alakal\u0131 fikir al\u0131\u015fveri\u015finde bulunan Ba\u015fkan Aday\u0131 Niyazi Nefi Kara, hayata ge\u00e7irece\u011fi projelerle ilgili bilgi verdi, esnaf ve derneklerin isteklerini dinleyerek not ald\u0131. T\u00fcm esnaf ve dernek \u00fcyeleriyle bire bir ilgilenen Ba\u015fkan Aday\u0131 Niyazi Nefi Kara, 1 Nisan\u2019dan itibaren Manavgat Belediyesi\u2019ni halk\u0131n y\u00f6netece\u011fini vurgulad\u0131. Ba\u015fkan Aday\u0131 Niyazi Nefi Kara, \u201cKent y\u00f6netimiyle alakal\u0131 yapaca\u011f\u0131m\u0131z hizmet ve projelerde her zaman \u00f6nceli\u011fimiz Manavgat halk\u0131n\u0131n faydas\u0131na olacak olan \u00e7al\u0131\u015fmalar olacak. Sizlerin istek ve ihtiya\u00e7lar\u0131na \u00f6ncelik verece\u011fiz. Ya\u015fad\u0131\u011f\u0131n\u0131z ekonomik ve sosyal s\u0131k\u0131nt\u0131lar\u0131 \u00e7ok iyi biliyoruz. Halk\u0131m\u0131z\u0131n t\u00fcm ihtiya\u00e7lar\u0131na cevap verebilecek nitelikte olan bir\u00e7ok projemiz var. Sizlerle birlikte el ele verece\u011fiz ve her zorlu\u011fun \u00fcstesinden birlikte gelece\u011fiz. Bir karde\u015finiz ve bir evlad\u0131n\u0131z olarak sizleri hi\u00e7bir zaman yaln\u0131z b\u0131rakmayaca\u011f\u0131m. S\u00f6z\u00fcm s\u00f6z. Bu kentin her bir vatanda\u015f\u0131 do\u011fal bir belediye ba\u015fkan\u0131 ve meclis \u00fcyesi olacak. Her zaman birlikte olaca\u011f\u0131z\u201d dedi.<\/p>\n\n\n\n<p>Haber Merkezi<\/p>\n","protected":false},"excerpt":{"rendered":"<p>Cumhuriyet Halk Partisi Manavgat Belediye Ba\u015fkan Aday\u0131 \u201cHalk\u0131n Doktoru\u201d Niyazi Nefi Kara, dernek ve esnaflarla bir araya gelerek kent y\u00f6netimiyle yapaca\u011f\u0131 hizmetleri anlatmaya devam ediyor. <a href=\"https:\/\/akdenizhaber.com.tr\/index.php\/2024\/03\/19\/baskan-adayi-niyazi-nefi-kara-ziyaretlerine-devam-ediyor\/\" class=\"read-more-link\">[more&#8230;]<\/a><\/p>\n","protected":false},"author":2,"featured_media":21730,"comment_status":"open","ping_status":"open","sticky":false,"template":"","format":"standard","meta":{"footnotes":""},"categories":[2],"tags":[],"class_list":["post-21729","post","type-post","status-publish","format-standard","has-post-thumbnail","hentry","category-gundem"],"_links":{"self":[{"href":"https:\/\/akdenizhaber.com.tr\/index.php\/wp-json\/wp\/v2\/posts\/21729","targetHints":{"allow":["GET"]}}],"collection":[{"href":"https:\/\/akdenizhaber.com.tr\/index.php\/wp-json\/wp\/v2\/posts"}],"about":[{"href":"https:\/\/akdenizhaber.com.tr\/index.php\/wp-json\/wp\/v2\/types\/post"}],"author":[{"embeddable":true,"href":"https:\/\/akdenizhaber.com.tr\/index.php\/wp-json\/wp\/v2\/users\/2"}],"replies":[{"embeddable":true,"href":"https:\/\/akdenizhaber.com.tr\/index.php\/wp-json\/wp\/v2\/comments?post=21729"}],"version-history":[{"count":0,"href":"https:\/\/akdenizhaber.com.tr\/index.php\/wp-json\/wp\/v2\/posts\/21729\/revisions"}],"wp:featuredmedia":[{"embeddable":true,"href":"https:\/\/akdenizhaber.com.tr\/index.php\/wp-json\/wp\/v2\/media\/21730"}],"wp:attachment":[{"href":"https:\/\/akdenizhaber.com.tr\/index.php\/wp-json\/wp\/v2\/media?parent=21729"}],"wp:term":[{"taxonomy":"category","embeddable":true,"href":"https:\/\/akdenizhaber.com.tr\/index.php\/wp-json\/wp\/v2\/categories?post=21729"},{"taxonomy":"post_tag","embeddable":true,"href":"https:\/\/akdenizhaber.com.tr\/index.php\/wp-json\/wp\/v2\/tags?post=21729"}],"curies":[{"name":"wp","href":"https:\/\/api.w.org\/{rel}","templated":true}]}}