{"id":21723,"date":"2024-03-19T12:27:24","date_gmt":"2024-03-19T09:27:24","guid":{"rendered":"https:\/\/akdenizhaber.com.tr\/?p=21723"},"modified":"2024-03-19T12:27:25","modified_gmt":"2024-03-19T09:27:25","slug":"tutuncu-antgiadin-konugu-oldu","status":"publish","type":"post","link":"https:\/\/akdenizhaber.com.tr\/index.php\/2024\/03\/19\/tutuncu-antgiadin-konugu-oldu\/","title":{"rendered":"T\u00fct\u00fcnc\u00fc ANTG\u0130AD\u2019\u0131n konu\u011fu oldu"},"content":{"rendered":"\n<p><\/p>\n\n\n\n<p>Antalya Gen\u00e7 \u0130\u015f \u0130nsanlar\u0131 Derne\u011fi\u2019nin(ANTG\u0130AD) konu\u011fu olan Cumhur \u0130ttifak\u0131\u2019n\u0131n Antalya B\u00fcy\u00fck\u015fehir Belediye Ba\u015fkan aday\u0131 Hakan T\u00fct\u00fcnc\u00fc, \u015fehrin alt\u0131n \u00e7a\u011f\u0131 projelerini anlatt\u0131, i\u015f insanlar\u0131n\u0131n sorular\u0131n\u0131 yan\u0131tlad\u0131. &nbsp;<\/p>\n\n\n\n<p>Cumhur \u0130ttifak\u0131\u2019n\u0131n Antalya B\u00fcy\u00fck\u015fehir Belediye Ba\u015fkan aday\u0131 Hakan T\u00fct\u00fcnc\u00fc, Antalya Gen\u00e7 \u0130\u015f \u0130nsanlar\u0131 Derne\u011fi\u2019nin(ANTG\u0130AD) konu\u011fu oldu. T\u00fct\u00fcnc\u00fc, ula\u015f\u0131mdan turizme, yat\u0131r\u0131mdan k\u00fclt\u00fcr ve sanata kadar bir\u00e7ok projesini i\u015f insanlar\u0131yla payla\u015ft\u0131. AK Parti Antalya Milletvekili \u0130brahim Ethem Ta\u015f\u2019\u0131n da kat\u0131ld\u0131\u011f\u0131 bulu\u015fmada T\u00fct\u00fcnc\u00fc, &nbsp;Antalya\u2019y\u0131 alt\u0131n \u00e7a\u011f\u0131na ula\u015ft\u0131racak projeleri anlatt\u0131, i\u015f insanlar\u0131n\u0131n sorunlar\u0131n\u0131 yan\u0131tlad\u0131. 2009 y\u0131l\u0131nda T\u00fcrkiye\u2019nin en b\u00fcy\u00fck il\u00e7elerinden biri olan ve b\u00fcy\u00fck sorunlar\u0131 bulunan Kepez\u2019e belediye ba\u015fkan\u0131 oldu\u011funu hat\u0131rlatan T\u00fct\u00fcnc\u00fc, Kepez yolculu\u011funun 15 y\u0131l devam etti\u011fini s\u00f6yledi. 2009\u2019da ciddi problemleri olan, T\u00fcrkiye\u2019nin 56 ilinden b\u00fcy\u00fck, 700 bin n\u00fcfuslu Kepez\u2019in \u015fuan gelece\u011fe bamba\u015fka bir \u015fekilde bakt\u0131\u011f\u0131n\u0131 s\u00f6zlerine ekledi.&nbsp; Kepez\u2019deki sorunlar\u0131n \u00e7\u00f6z\u00fcm\u00fc noktas\u0131nda gece g\u00fcnd\u00fcz \u00e7al\u0131\u015ft\u0131klar\u0131n\u0131 belirten T\u00fct\u00fcnc\u00fc, \u201c90 bin gecekondunun kald\u0131r\u0131ld\u0131\u011f\u0131 Kepez\u2019de, 250 bin konut \u00fcretildi. Muazzam bir kentsel d\u00f6n\u00fc\u015f\u00fcm ger\u00e7ekle\u015ftirildi. Gecekondular kald\u0131r\u0131l\u0131rken en ufuk bir kavga g\u00fcr\u00fclt\u00fc ya\u015fanmad\u0131. Modern \u015fehirle\u015fmenin \u00f6n\u00fcn\u00fc a\u00e7t\u0131k. 1200 kilometre yeni yol, 3,5 milyon metre kare ye\u015fil alan \u00fcrettik. 153 yeni okul, hi\u00e7 hastanesi olmayan Kepez\u2019e 15 tane de hastane kazand\u0131rd\u0131k. 15 y\u0131l boyunca Kepez\u2019e eser \u00fcst\u00fcne eser kazand\u0131rabilmek i\u00e7in hi\u00e7 durmadan \u00e7al\u0131\u015ft\u0131k. Kepez bug\u00fcn gelece\u011fine g\u00fcvenle bak\u0131yor. \u201c dedi.<\/p>\n\n\n\n<p>&nbsp;ANTALYA V\u0130ZYONUNU HAYATA GE\u00c7\u0130REL\u0130M<\/p>\n\n\n\n<p>\u201c15 y\u0131l boyunca elde etti\u011fimiz birikimleri ve tecr\u00fcbeleri, Kepez\u2019de yazd\u0131\u011f\u0131m\u0131z ba\u015far\u0131 hikayesini Antalya\u2019ya yans\u0131tal\u0131m istedik.\u201d diyerek, s\u00f6zlerini s\u00fcrd\u00fcren T\u00fct\u00fcnc\u00fc, &nbsp;\u201cAntalya\u2019n\u0131n \u00f6n\u00fcne \u00e7ok ciddi vizyonlar ve \u00e7ok ciddi ufuklar konabilir. Bu vizyonlar\u0131 ger\u00e7ekle\u015ftirmek, Antalya\u2019y\u0131 g\u00fc\u00e7l\u00fc bir \u015fehir k\u0131lar. Antalya, Gazi Mustafa Kemal Atat\u00fcrk\u2019\u00fcn ifadesinde yerini buldu\u011fu \u015fekliyle; Antalya \u015f\u00fcphesiz ki D\u00fcnyan\u0131n en g\u00fczel yeri\u2026 Ancak, Antalya bug\u00fcn sorunlar\u0131yla problemleriyle ve y\u0131llard\u0131r hal\u0131n\u0131n alt\u0131na s\u00fcp\u00fcr\u00fclm\u00fc\u015f meseleleri ile \u00f6n planda olan, bu sorunlar\u0131 \u00e7\u00f6zme iradesini ortaya koyan bir \u015fehir. Bizde bu yakla\u015f\u0131mla farkl\u0131 bir Antalya vizyonunu hayata ge\u00e7irelim istedik. \u201cdiye konu\u015ftu.<\/p>\n\n\n\n<p>BUG\u00dcNE KADAR S\u00d6Z\u00dcM\u00dcZ H\u0130\u00c7 YERE D\u00dc\u015eMED\u0130<\/p>\n\n\n\n<p>Antalya\u2019n\u0131n alt\u0131n \u00e7a\u011f\u0131 mottosuyla yola \u00e7\u0131kt\u0131klar\u0131n\u0131 ve bu alt\u0131n \u00e7a\u011f\u0131n\u0131n ne oldu\u011funu a\u00e7\u0131klayan T\u00fct\u00fcnc\u00fc, Antalya\u2019n\u0131n potansiyelini ke\u015ffedip, o potansiyel \u00fczerine m\u00fc\u015fterek bir gelecek in\u015fa etmeye y\u00f6nelik her t\u00fcrl\u00fc vizyonu kapsayan ku\u015fat\u0131c\u0131 bir hedef oldu\u011funu s\u00f6yledi. Antalya\u2019n\u0131n trafik, ula\u015f\u0131m, alt yap\u0131, imar gibi bir \u00e7ok sorunlar\u0131n\u0131n oldu\u011funu hat\u0131rlatarak s\u00f6zlerini s\u00fcrd\u00fcren T\u00fct\u00fcnc\u00fc, \u201cBiz alt\u0131n \u00e7a\u011f ile Antalya\u2019y\u0131 bamba\u015fka bir lige ta\u015f\u0131yaca\u011f\u0131m\u0131z bir gelecekten bahsediyoruz. Alt\u0131n \u00e7a\u011f\u2019\u0131n, hepimizin daha \u00e7ok \u00e7al\u0131\u015ft\u0131\u011f\u0131, daha \u00e7ok \u00fcretti\u011fi, \u015fehir ekonomilerine can verdi\u011fi, hep birlikte kazan\u0131lan bir s\u00fcre\u00e7 olmas\u0131n\u0131 istiyoruz. Bunu birlikte ba\u015faraca\u011f\u0131z. \u00d6nce kalpleri birle\u015ftirece\u011fiz, sonra g\u00fc\u00e7leri birle\u015ftirece\u011fiz. Ve s\u00f6z veriyorum, Antalya\u2019y\u0131 yeniden d\u00fcnyan\u0131n en g\u00fczel kenti haline getirece\u011fiz. Bug\u00fcne kadar verdi\u011fimiz her s\u00f6z\u00fc yerine getirdik. S\u00f6z\u00fcm\u00fcz yere d\u00fc\u015fmedi. Antalya B\u00fcy\u00fck\u015fehir\u2019de de verdi\u011fimiz her s\u00f6z\u00fc yerine getirece\u011fiz ve s\u00f6z\u00fcm\u00fcz yine yere d\u00fc\u015fmeyecek \u201c dedi.&nbsp;<\/p>\n\n\n\n<p>T\u00fct\u00fcnc\u00fc konu\u015fmas\u0131n\u0131n ard\u0131ndan i\u015f insanlar\u0131n\u0131n sorular\u0131n\u0131 yan\u0131tlad\u0131.<\/p>\n\n\n\n<p>Antalya Gen\u00e7 \u0130\u015f \u0130nsanlar\u0131 Derne\u011fi \/ B\u00fclten<\/p>\n","protected":false},"excerpt":{"rendered":"<p>Antalya Gen\u00e7 \u0130\u015f \u0130nsanlar\u0131 Derne\u011fi\u2019nin(ANTG\u0130AD) konu\u011fu olan Cumhur \u0130ttifak\u0131\u2019n\u0131n Antalya B\u00fcy\u00fck\u015fehir Belediye Ba\u015fkan aday\u0131 Hakan T\u00fct\u00fcnc\u00fc, \u015fehrin alt\u0131n \u00e7a\u011f\u0131 projelerini anlatt\u0131, i\u015f insanlar\u0131n\u0131n sorular\u0131n\u0131 yan\u0131tlad\u0131. <a href=\"https:\/\/akdenizhaber.com.tr\/index.php\/2024\/03\/19\/tutuncu-antgiadin-konugu-oldu\/\" class=\"read-more-link\">[more&#8230;]<\/a><\/p>\n","protected":false},"author":2,"featured_media":21724,"comment_status":"open","ping_status":"open","sticky":false,"template":"","format":"standard","meta":{"footnotes":""},"categories":[2],"tags":[],"class_list":["post-21723","post","type-post","status-publish","format-standard","has-post-thumbnail","hentry","category-gundem"],"_links":{"self":[{"href":"https:\/\/akdenizhaber.com.tr\/index.php\/wp-json\/wp\/v2\/posts\/21723","targetHints":{"allow":["GET"]}}],"collection":[{"href":"https:\/\/akdenizhaber.com.tr\/index.php\/wp-json\/wp\/v2\/posts"}],"about":[{"href":"https:\/\/akdenizhaber.com.tr\/index.php\/wp-json\/wp\/v2\/types\/post"}],"author":[{"embeddable":true,"href":"https:\/\/akdenizhaber.com.tr\/index.php\/wp-json\/wp\/v2\/users\/2"}],"replies":[{"embeddable":true,"href":"https:\/\/akdenizhaber.com.tr\/index.php\/wp-json\/wp\/v2\/comments?post=21723"}],"version-history":[{"count":0,"href":"https:\/\/akdenizhaber.com.tr\/index.php\/wp-json\/wp\/v2\/posts\/21723\/revisions"}],"wp:featuredmedia":[{"embeddable":true,"href":"https:\/\/akdenizhaber.com.tr\/index.php\/wp-json\/wp\/v2\/media\/21724"}],"wp:attachment":[{"href":"https:\/\/akdenizhaber.com.tr\/index.php\/wp-json\/wp\/v2\/media?parent=21723"}],"wp:term":[{"taxonomy":"category","embeddable":true,"href":"https:\/\/akdenizhaber.com.tr\/index.php\/wp-json\/wp\/v2\/categories?post=21723"},{"taxonomy":"post_tag","embeddable":true,"href":"https:\/\/akdenizhaber.com.tr\/index.php\/wp-json\/wp\/v2\/tags?post=21723"}],"curies":[{"name":"wp","href":"https:\/\/api.w.org\/{rel}","templated":true}]}}