{"id":21720,"date":"2024-03-19T12:26:51","date_gmt":"2024-03-19T09:26:51","guid":{"rendered":"https:\/\/akdenizhaber.com.tr\/?p=21720"},"modified":"2024-03-19T12:26:51","modified_gmt":"2024-03-19T09:26:51","slug":"tutuncu-biz-antalyaya-sevdaliyiz","status":"publish","type":"post","link":"https:\/\/akdenizhaber.com.tr\/index.php\/2024\/03\/19\/tutuncu-biz-antalyaya-sevdaliyiz\/","title":{"rendered":"T\u00fct\u00fcnc\u00fc: \u201cBiz Antalya\u2019ya sevdal\u0131y\u0131z\u201d \u00a0"},"content":{"rendered":"\n<p><\/p>\n\n\n\n<p>Kepez\u2019deki Ye\u015filyurt Mahalle Bulu\u015fmas\u0131\u2019nda konu\u015fan Cumhur \u0130ttifak\u0131\u2019n\u0131n Antalya B\u00fcy\u00fck\u015fehir Belediye Ba\u015fkan aday\u0131 Hakan T\u00fct\u00fcnc\u00fc, \u201cBiz Antalya\u2019ya sevdal\u0131y\u0131z. Biz Kepez\u2019e sevdal\u0131y\u0131z. 31 Mart\u2019ta Antalya\u2019n\u0131n alt\u0131n \u00e7a\u011f\u0131\u2019n\u0131 hep birlikte ba\u015flataca\u011f\u0131z. \u201c dedi.<\/p>\n\n\n\n<p>Cumhur \u0130ttifak\u0131\u2019n\u0131n Antalya B\u00fcy\u00fck\u015fehir Belediye Ba\u015fkan aday\u0131 Hakan T\u00fct\u00fcnc\u00fc, se\u00e7im \u00e7al\u0131\u015fmalar\u0131n\u0131 kentin d\u00f6rt bir yan\u0131nda s\u00fcrd\u00fcr\u00fcyor. Antalya\u2019n\u0131n il\u00e7elerini kar\u0131\u015f kar\u0131\u015f gezen T\u00fct\u00fcnc\u00fc, bir yandan da kent merkezindeki mahalleleri dola\u015f\u0131yor. T\u00fct\u00fcnc\u00fc, Cumhur \u0130ttifak\u0131 belediye ba\u015fkan adaylar\u0131 ile beraber Mahalle Bulu\u015fmalar\u0131\u2019na da kat\u0131larak, \u00e7ok sevdi\u011fi hem\u015fehrileriyle kucakla\u015f\u0131yor. Kepez\u2019de, Ye\u015filyurt Mahallesi\u2019nde d\u00fczenlenen bulu\u015fmaya kat\u0131lan T\u00fct\u00fcnc\u00fc, Kepez\u2019in 15 y\u0131l\u0131n\u0131, Antalya\u2019n\u0131n alt\u0131n \u00e7a\u011f\u0131 projelerini hem\u015fehrilerine anlatt\u0131. Cumhur \u0130ttifak\u0131 Kepez Belediye Ba\u015fkan aday\u0131 R\u0131za S\u00fcmer, il ve il\u00e7e te\u015fkilatlar\u0131n\u0131n kat\u0131ld\u0131\u011f\u0131 bulu\u015fmada T\u00fct\u00fcnc\u00fc, konu\u015fmas\u0131na \u201cBiz hepinize sevdal\u0131y\u0131z, Kepez\u2019e sevdal\u0131y\u0131z, Antalya\u2019ya sevdal\u0131y\u0131z.\u201d diyerek, ba\u015flad\u0131. &nbsp;T\u00fct\u00fcnc\u00fc, konu\u015fmas\u0131na ba\u015flar ba\u015flamaz \u00e7ocuklar\u0131n \u201cBiz paten park\u0131 istiyoruz.\u201d s\u00f6zleri \u00fczerine, &nbsp;Kepez Belediye Ba\u015fkan aday\u0131 R\u0131za S\u00fcmer\u2019i i\u015faret ederek,\u201c R\u0131za abiniz paten park\u0131n\u0131 buraya en g\u00fczel \u015fekilde sizlere yapacak.\u201d dedi.<\/p>\n\n\n\n<p>ANTALYA\u2019NIN ALTIN \u00c7A\u011eINI BA\u015eLATACA\u011eIZ<\/p>\n\n\n\n<p>\u201cBiz, 15 y\u0131l boyunca hep yan yana olduk, hep can cana olduk.\u201d diyerek, s\u00f6zlerini, s\u00fcrd\u00fcren T\u00fct\u00fcnc\u00fc, \u201cSiz bizi asla yaln\u0131z b\u0131rakmad\u0131n\u0131z, bizde sizin bize verdi\u011finiz her bir oyu helal ettirebilmek i\u00e7in gece g\u00fcnd\u00fcz \u00e7al\u0131\u015ft\u0131k. Allaha \u015f\u00fck\u00fcrler olsun ki; 2009\u2019daki Kepez ile bug\u00fcnk\u00fc Kepez aras\u0131nda beyazla, siyah kadar fark var. 15 y\u0131l boyunca ortaya koydu\u011fumuz performansla Kepez\u2019i \u00e7ok g\u00fczel bir seviyeye getirdik. 31 Mart\u2019ta sizlerin deste\u011fi ile Antalya\u2019n\u0131n alt\u0131n \u00e7a\u011f\u0131n\u0131 hep birlikte ba\u015flataca\u011f\u0131z. Kepez\u2019de \u00e7al\u0131\u015fmalar\u0131m\u0131z kald\u0131\u011f\u0131 yerden devam edecek. R\u0131za S\u00fcmer ba\u015fkan\u0131m\u0131z, bizden ald\u0131\u011f\u0131 bayra\u011f\u0131 y\u00fckse\u011fe daha y\u00fckse\u011fe, en y\u00fckse\u011fe ta\u015f\u0131mak i\u00e7in \u00e7al\u0131\u015facak gayret g\u00f6sterecek.\u201c diyerek, Cumhur \u0130ttifak\u0131 Kepez Belediye Ba\u015fkan aday\u0131 R\u0131za S\u00fcmer\u2019e destek istedi.<\/p>\n\n\n\n<p>ANTALYA\u2019DA T\u00dcT\u00dcNC\u00dc, KEPEZ\u2019DE RIZA<\/p>\n\n\n\n<p>Antalya\u2019n\u0131n sorunlar\u0131na da de\u011finen T\u00fct\u00fcnc\u00fc, \u201cAntalya\u2019n\u0131n trafik, ula\u015f\u0131m, su bask\u0131nlar\u0131 ve alt yap\u0131 sorunlar\u0131n\u0131n hepsini tarihin karanl\u0131k sular\u0131na g\u00f6m\u00fcyoruz. Yeni okullar, yeni e\u011fitim kurumlar\u0131yla, turizme de\u011fer katan yepyeni \u00e7al\u0131\u015fmalarla, projelerle Antalya\u2019y\u0131 gelece\u011fe hep beraber bamba\u015fka bir heyecanla ta\u015f\u0131yaca\u011f\u0131z. Yapt\u0131klar\u0131m\u0131z zaten yapacaklar\u0131m\u0131z\u0131n teminat\u0131d\u0131r. 31 Mart\u2019ta sand\u0131klar a\u00e7\u0131ld\u0131\u011f\u0131nda Antalya\u2019da Hakan T\u00fct\u00fcnc\u00fc, Kepez\u2019de R\u0131za S\u00fcmer diyece\u011fiz. \u201c dedi.<\/p>\n\n\n\n<p>DURMAK YOK YOLA DEVAM<\/p>\n\n\n\n<p>T\u00fct\u00fcnc\u00fc mahalle sakinlerine \u201c31 Mart\u2019a haz\u0131r m\u0131y\u0131z?\u201d diye sordu. \u2018Evet\u2019 cevab\u0131n\u0131 alan T\u00fct\u00fcnc\u00fc, \u201cBizde size s\u00f6z veriyoruz. Geceyi g\u00fcnd\u00fcze kataca\u011f\u0131z. \u00c7ok daha g\u00fczel bir Antalya, \u00e7ok daha g\u00fczel bir Kepez\u2019i birlikte ve beraber ortaya \u00e7\u0131karaca\u011f\u0131z. \u201c diye konu\u015ftu. Ramazan\u2019\u0131n sonunda Antalya\u2019n\u0131n \u00e7ifte bayram kutlamas\u0131 yapaca\u011f\u0131n\u0131 belirten T\u00fct\u00fcnc\u00fc, \u201cDurmak yok, durmak yok, yola devam.\u201d diyerek, konu\u015fmas\u0131n\u0131 tamamlad\u0131. &nbsp;<\/p>\n\n\n\n<p>Haber Merkezi<\/p>\n","protected":false},"excerpt":{"rendered":"<p>Kepez\u2019deki Ye\u015filyurt Mahalle Bulu\u015fmas\u0131\u2019nda konu\u015fan Cumhur \u0130ttifak\u0131\u2019n\u0131n Antalya B\u00fcy\u00fck\u015fehir Belediye Ba\u015fkan aday\u0131 Hakan T\u00fct\u00fcnc\u00fc, \u201cBiz Antalya\u2019ya sevdal\u0131y\u0131z. Biz Kepez\u2019e sevdal\u0131y\u0131z. 31 Mart\u2019ta Antalya\u2019n\u0131n alt\u0131n \u00e7a\u011f\u0131\u2019n\u0131 <a href=\"https:\/\/akdenizhaber.com.tr\/index.php\/2024\/03\/19\/tutuncu-biz-antalyaya-sevdaliyiz\/\" class=\"read-more-link\">[more&#8230;]<\/a><\/p>\n","protected":false},"author":2,"featured_media":21721,"comment_status":"open","ping_status":"open","sticky":false,"template":"","format":"standard","meta":{"footnotes":""},"categories":[2],"tags":[],"class_list":["post-21720","post","type-post","status-publish","format-standard","has-post-thumbnail","hentry","category-gundem"],"_links":{"self":[{"href":"https:\/\/akdenizhaber.com.tr\/index.php\/wp-json\/wp\/v2\/posts\/21720","targetHints":{"allow":["GET"]}}],"collection":[{"href":"https:\/\/akdenizhaber.com.tr\/index.php\/wp-json\/wp\/v2\/posts"}],"about":[{"href":"https:\/\/akdenizhaber.com.tr\/index.php\/wp-json\/wp\/v2\/types\/post"}],"author":[{"embeddable":true,"href":"https:\/\/akdenizhaber.com.tr\/index.php\/wp-json\/wp\/v2\/users\/2"}],"replies":[{"embeddable":true,"href":"https:\/\/akdenizhaber.com.tr\/index.php\/wp-json\/wp\/v2\/comments?post=21720"}],"version-history":[{"count":0,"href":"https:\/\/akdenizhaber.com.tr\/index.php\/wp-json\/wp\/v2\/posts\/21720\/revisions"}],"wp:featuredmedia":[{"embeddable":true,"href":"https:\/\/akdenizhaber.com.tr\/index.php\/wp-json\/wp\/v2\/media\/21721"}],"wp:attachment":[{"href":"https:\/\/akdenizhaber.com.tr\/index.php\/wp-json\/wp\/v2\/media?parent=21720"}],"wp:term":[{"taxonomy":"category","embeddable":true,"href":"https:\/\/akdenizhaber.com.tr\/index.php\/wp-json\/wp\/v2\/categories?post=21720"},{"taxonomy":"post_tag","embeddable":true,"href":"https:\/\/akdenizhaber.com.tr\/index.php\/wp-json\/wp\/v2\/tags?post=21720"}],"curies":[{"name":"wp","href":"https:\/\/api.w.org\/{rel}","templated":true}]}}