{"id":21708,"date":"2024-03-18T13:59:10","date_gmt":"2024-03-18T10:59:10","guid":{"rendered":"https:\/\/akdenizhaber.com.tr\/?p=21708"},"modified":"2024-03-18T13:59:11","modified_gmt":"2024-03-18T10:59:11","slug":"okudan-manavgat-universitesini-kuracagiz","status":"publish","type":"post","link":"https:\/\/akdenizhaber.com.tr\/index.php\/2024\/03\/18\/okudan-manavgat-universitesini-kuracagiz\/","title":{"rendered":"Okudan \u201cManavgat \u00dcniversitesini Kuraca\u011f\u0131z\u201d"},"content":{"rendered":"\n<p><\/p>\n\n\n\n<p><a>Manavgat Belediye Ba\u015fkan Aday\u0131 Prof. Dr. S\u00fcleyman Okudan se\u00e7im \u00e7al\u0131\u015fmalar\u0131 kapsam\u0131nda projelerini kamuoyu ile payla\u015fmaya ba\u015flad\u0131. Sosyal Konut\u2019tan ula\u015f\u0131ma, il olma hayalinden do\u011fal gaz\u2019\u0131n Manavgat\u2019a getirilmesine kadar 101 proje a\u00e7\u0131klayan Ba\u015fkan Aday\u0131 Okudan\u2019\u0131n en \u00e7arp\u0131c\u0131 projelerinden birisi de \u2018Manavgat\u2019a bir \u00dcniversite kazand\u0131rma projesi\u2019 olarak g\u00f6r\u00fcl\u00fcyor.<\/a><\/p>\n\n\n\n<p>Cumhur \u0130ttifak\u0131\u2019n\u0131n Manavgat Belediye Ba\u015fkan Aday\u0131 olan Prof. Dr. S\u00fcleyman Okudan Manavgat Belediye Ba\u015fkan\u0131 se\u00e7ildi\u011fi zaman en k\u0131sa s\u00fcre i\u00e7erisinde altyap\u0131 \u00e7al\u0131\u015fmalar\u0131n\u0131 tamamlayarak Manavgat\u2019a marka bir \u00fcniversite kuraca\u011f\u0131n\u0131 s\u00f6yledi.<\/p>\n\n\n\n<p>MARKA B\u0130R \u00dcN\u0130VERS\u0130TE KURACA\u011eIZ.<\/p>\n\n\n\n<p>Konya Sel\u00e7uk \u00dcniversitesinde iki d\u00f6nem Rekt\u00f6rl\u00fck yapan Prof. Dr. S\u00fcleyman Okudan \u201cKonya Sel\u00e7uk \u00fcniversitesinden d\u00f6rt tane \u00fcniversite ayr\u0131ld\u0131. Bu \u00fcniversitelerin kurulu\u015f s\u00fcre\u00e7lerinin bizzat i\u00e7inde bulundum. Bu konuda \u00e7ok deneyimliyiz. Manavgat Belediye Ba\u015fkan\u0131 se\u00e7ilmem durumunda \u00e7ok k\u0131sa bir s\u00fcre i\u00e7erisinde Manavgat \u00dcniversitesini kuraca\u011f\u0131z. Kuraca\u011f\u0131m\u0131z \u00fcniversite marka bir \u00fcniversite olacak. D\u00fcnya bilim \u00e7evrelerince dikkate al\u0131nan, Akademik kadrosu ile kendini ispatlam\u0131\u015f Marka bir \u00fcniversite kuraca\u011f\u0131z\u201d ifadelerini kulland\u0131. Konya Sel\u00e7uk \u00dcniversitesinde ve T\u00fcrkiye\u2019nin bir\u00e7ok sayg\u0131n \u00dcniversitesinde \u00f6\u011fretim \u00fcyesi olan \u00f6\u011frencisinin oldu\u011funun alt\u0131n\u0131 \u00e7izen Manavgat Belediye Ba\u015fkan Aday\u0131 Prof.Dr. S\u00fcleyman Okudan \u201cYeni kurulacak bir \u00fcniversitede Akademik kadroyu olu\u015fturmak olduk\u00e7a zordur ve zaman al\u0131r. Ama bizim i\u00e7in b\u00f6yle bir zorluk yok. Akademik kadromuz haz\u0131r Manavgat \u00dcniversitesi Akademik kadro i\u00e7in beklemeyecek\u201d dedi.<\/p>\n\n\n\n<p>MANAVGAT TIP FAK\u00dcLTES\u0130\u2019N\u0130 KURACA\u011eIZ.<\/p>\n\n\n\n<p>&nbsp;Manavgat Belediye Ba\u015fkan Aday\u0131 Prof.Dr. S\u00fcleyman Okudan\u2019a kat\u0131ld\u0131\u011f\u0131 bir programda \u201c Konya Sel\u00e7uk \u00dcniversitesi T\u0131p Fak\u00fcltesi\u2019nin b\u00fct\u00fcn imk\u00e2nlar\u0131ndan Manavgatl\u0131lar\u0131 faydaland\u0131r\u0131yorsunuz. Hatta halk aras\u0131nda \u2018Konya Sel\u00e7uk \u00dcniversitesi\u2019nin T\u0131p Fak\u00fcltesi\u2019ni Manavgat devlet hastanesine d\u00f6n\u00fc\u015ft\u00fcrd\u00fc\u2019 \u015feklinde konu\u015fuluyor. E\u011fer Manavgat Belediye Ba\u015fkan\u0131 se\u00e7ilirsiniz Manavgat halk\u0131 bu hizmetten mahrum kalmayacak m\u0131 sorusuna Ba\u015fkan Aday\u0131 Okudan \u201c Konya Sel\u00e7uk \u00dcniversitesinde Manavgatl\u0131lara verdi\u011fimiz hizmet bir ekip \u00e7al\u0131\u015fmas\u0131n\u0131n sonucu olarak ortaya \u00e7\u0131kt\u0131. Sadece benim yapt\u0131\u011f\u0131m bir \u015fey de\u011fil. Ben olsam da olmasam da oradaki kadro benim evlad\u0131m gibiler, y\u0131llard\u0131r birlikte \u00e7al\u0131\u015f\u0131yoruz. Bize olan sevgilerinin bir yans\u0131mas\u0131 olarak onlarda Manavgat sevdal\u0131s\u0131 oldu. Hizmetler asla aksamaz. Zaten \u00e7ocu\u011fu zaman sadece Manavgatl\u0131larla ilgilenen Muammer isminde bir karde\u015fimiz var. \u00c7o\u011fu zaman onu ar\u0131yorlar ve Muammerle i\u015flerini hallediyorlar. Ama en \u00f6nemlisi Konya Sel\u00e7uk \u00dcniversitesi T\u0131p Fak\u00fcltesinde verdi\u011fimiz hizmetin daha iyisini Manavgat\u2019ta vermek. Kuraca\u011f\u0131m\u0131z Manavgat \u00dcniversitesi\u2019nin kapsam\u0131nda Manavgat\u2019a bir t\u0131p Fak\u00fcltesi hastanesi kurmak. Manavgat Belediye Ba\u015fkan\u0131 se\u00e7ilmemiz durumunda Manavgat\u2019ta bilim \u00e7evrelerinde a\u011f\u0131rl\u0131\u011f\u0131 olan bir t\u0131p fak\u00fcltesi kuraca\u011f\u0131z\u201d dedi.<\/p>\n\n\n\n<p>ASGAR\u0130 \u00dcCRETL\u0130YE SOSYAL KONUTLAR YAPACA\u011eIZ.<\/p>\n\n\n\n<p>Manavgat Belediye Ba\u015fkan Aday\u0131 S\u00fcleyman Okudan \u201cManavgat\u2019\u0131n en \u00f6nemli sorunlar\u0131ndan biride y\u00fcksek kiralar ve konut s\u0131k\u0131nt\u0131s\u0131d\u0131r. Dar gelirli vatanda\u015flar\u0131m\u0131za sosyal konutlar yapaca\u011f\u0131z. Ben Konya Sel\u00e7uk \u00dcniversitesinde \u00e7al\u0131\u015fanlar\u0131m\u0131za sosyal konut yapt\u0131m. T\u00fcrkiye de bir \u00f6rne\u011fi daha yok. Peki, bunu nas\u0131l yapt\u0131k? Konya\u2019n\u0131n siyasileri ve b\u00fcrokratlar\u0131 ile iyi ili\u015fkiler kurarak. Milletvekilleri ile arkada\u015fl\u0131klar kurarak, uzla\u015farak yapt\u0131k. Kavga etmekten vazge\u00e7ece\u011fiz. Herkes yapaca\u011f\u0131z diyor. Kimse nas\u0131l yapaca\u011f\u0131n\u0131 s\u00f6ylemiyor. Ben daha \u00f6nce yapt\u0131m. Nas\u0131l yap\u0131laca\u011f\u0131n\u0131 biliyorum. Tek ba\u015f\u0131na iktidar olan Ak Parti\u2019nin b\u00fct\u00fcn imk\u00e2nlar\u0131n\u0131 kullanarak asgari \u00fccretli vatanda\u015flar\u0131m\u0131z\u0131n ev sahibi olmas\u0131n\u0131 sa\u011flayaca\u011f\u0131z\u201d Dedi.<\/p>\n\n\n\n<p>\u0130LK \u0130\u015e\u0130M\u0130Z DO\u011eAL GAZI MANAVGAT\u2019A GET\u0130RMEK OLACAK.<\/p>\n\n\n\n<p>Manavgat Belediye Ba\u015fkan Aday\u0131 S\u00fcleyman Okudan \u201c Manavgat halk\u0131 tevecc\u00fch g\u00f6sterir, Allah\u2019ta nasip ederse Manavgat Belediye Ba\u015fkanl\u0131\u011f\u0131 koltu\u011funa oturdu\u011fumuz zaman yapaca\u011f\u0131m\u0131z ilk i\u015f Do\u011falgaz ile Manavgat\u2019\u0131 bulu\u015fturmak olacak. Kimseyi su\u00e7lam\u0131yorum. \u015eundan oldu, bundan oldu demiyorum\u2026 Do\u011fal gaz bir proje de\u011fildir. Bir ihtiya\u00e7t\u0131r. Serik\u2019te var. Alanya \u00e7al\u0131\u015fmalara ba\u015flad\u0131. Kom\u015fumuz Seydi\u015fehir de var. Manavgat\u2019ta olmamas\u0131 bir ay\u0131pt\u0131r. Manavgat Belediye Ba\u015fkan\u0131&nbsp; Se\u00e7ildi\u011fimiz zaman yapaca\u011f\u0131m\u0131z ilk i\u015f bu ay\u0131ba bir son vermek olacakt\u0131r\u201d \u015feklinde konu\u015ftu.<\/p>\n\n\n\n<p>Haber Merkezi<\/p>\n","protected":false},"excerpt":{"rendered":"<p>Manavgat Belediye Ba\u015fkan Aday\u0131 Prof. Dr. S\u00fcleyman Okudan se\u00e7im \u00e7al\u0131\u015fmalar\u0131 kapsam\u0131nda projelerini kamuoyu ile payla\u015fmaya ba\u015flad\u0131. Sosyal Konut\u2019tan ula\u015f\u0131ma, il olma hayalinden do\u011fal gaz\u2019\u0131n Manavgat\u2019a <a href=\"https:\/\/akdenizhaber.com.tr\/index.php\/2024\/03\/18\/okudan-manavgat-universitesini-kuracagiz\/\" class=\"read-more-link\">[more&#8230;]<\/a><\/p>\n","protected":false},"author":2,"featured_media":21709,"comment_status":"open","ping_status":"open","sticky":false,"template":"","format":"standard","meta":{"footnotes":""},"categories":[2],"tags":[],"class_list":["post-21708","post","type-post","status-publish","format-standard","has-post-thumbnail","hentry","category-gundem"],"_links":{"self":[{"href":"https:\/\/akdenizhaber.com.tr\/index.php\/wp-json\/wp\/v2\/posts\/21708","targetHints":{"allow":["GET"]}}],"collection":[{"href":"https:\/\/akdenizhaber.com.tr\/index.php\/wp-json\/wp\/v2\/posts"}],"about":[{"href":"https:\/\/akdenizhaber.com.tr\/index.php\/wp-json\/wp\/v2\/types\/post"}],"author":[{"embeddable":true,"href":"https:\/\/akdenizhaber.com.tr\/index.php\/wp-json\/wp\/v2\/users\/2"}],"replies":[{"embeddable":true,"href":"https:\/\/akdenizhaber.com.tr\/index.php\/wp-json\/wp\/v2\/comments?post=21708"}],"version-history":[{"count":0,"href":"https:\/\/akdenizhaber.com.tr\/index.php\/wp-json\/wp\/v2\/posts\/21708\/revisions"}],"wp:featuredmedia":[{"embeddable":true,"href":"https:\/\/akdenizhaber.com.tr\/index.php\/wp-json\/wp\/v2\/media\/21709"}],"wp:attachment":[{"href":"https:\/\/akdenizhaber.com.tr\/index.php\/wp-json\/wp\/v2\/media?parent=21708"}],"wp:term":[{"taxonomy":"category","embeddable":true,"href":"https:\/\/akdenizhaber.com.tr\/index.php\/wp-json\/wp\/v2\/categories?post=21708"},{"taxonomy":"post_tag","embeddable":true,"href":"https:\/\/akdenizhaber.com.tr\/index.php\/wp-json\/wp\/v2\/tags?post=21708"}],"curies":[{"name":"wp","href":"https:\/\/api.w.org\/{rel}","templated":true}]}}