{"id":21603,"date":"2024-03-15T12:08:42","date_gmt":"2024-03-15T09:08:42","guid":{"rendered":"https:\/\/akdenizhaber.com.tr\/?p=21603"},"modified":"2024-03-15T12:08:42","modified_gmt":"2024-03-15T09:08:42","slug":"matso-baskani-gungor-manavgat-2023-yili-vergi-tahsilatinda-rekor-kirdi","status":"publish","type":"post","link":"https:\/\/akdenizhaber.com.tr\/index.php\/2024\/03\/15\/matso-baskani-gungor-manavgat-2023-yili-vergi-tahsilatinda-rekor-kirdi\/","title":{"rendered":"Matso Ba\u015fkan\u0131 G\u00fcng\u00f6r, \u201cManavgat, 2023 Y\u0131l\u0131 Vergi Tahsilat\u0131nda Rekor K\u0131rd\u0131\u201d"},"content":{"rendered":"\n<p><\/p>\n\n\n\n<p>MATSO Ba\u015fkan\u0131 Seydi Tahsin G\u00fcng\u00f6r, g\u00fc\u00e7l\u00fc ekonomik potansiyeli ile Manavgat\u2019\u0131n vergi gelirlerinde bir\u00e7ok ilden daha y\u00fcksek bir orana sahip oldu\u011funu belirterek 2023 y\u0131l\u0131nda vergi tahsilat\u0131nda Antalya il\u00e7eleri aras\u0131nda birinci oldu\u011funu s\u00f6yledi.<\/p>\n\n\n\n<p>Manavgat Ticaret ve Sanayi Odas\u0131 (MATSO) Ba\u015fkan\u0131 Seydi Tahsin G\u00fcng\u00f6r, Antalya Vergi Dairesi Ba\u015fkan\u0131 \u0130lhan Karay\u0131lan&#8217;\u0131 makam\u0131nda ziyaret etti.<\/p>\n\n\n\n<p>Ziyarette, gelir, harcama ve servet \u00fczerinden al\u0131nan bilumum vergilerin devlete gelir te\u015fkil etmesinin yan\u0131 s\u0131ra vergi al\u0131nan b\u00f6lgenin ekonomik b\u00fcy\u00fckl\u00fc\u011f\u00fc ve geli\u015fimi gibi konularda da veri olu\u015fturdu\u011funa de\u011finilerek Manavgat\u2019\u0131n vergi tahsilat\u0131nda Antalya il\u00e7eleri aras\u0131nda birinci oldu\u011fu konu\u015fuldu.<\/p>\n\n\n\n<p>MATSO Ba\u015fkan\u0131 Seydi Tahsin G\u00fcng\u00f6r, Manavgat\u2019\u0131n en \u00e7ok vergi \u00f6deyen il\u00e7e olmas\u0131n\u0131n i\u015f d\u00fcnyas\u0131n\u0131n gururu oldu\u011funu belirterek kentin, 2023 y\u0131l\u0131 vergi tahsilat\u0131nda rekor k\u0131rd\u0131\u011f\u0131n\u0131 s\u00f6yledi.<\/p>\n\n\n\n<p>G\u00fcng\u00f6r, Manavgat\u2019tan 2023 y\u0131l\u0131nda yakla\u015f\u0131k 8 milyar 64 milyon 963 bin TLvergi tahsil edildi\u011fini kaydetti.<\/p>\n\n\n\n<p>MANAVGAT EKONOM\u0130S\u0130, B\u00dcY\u00dcK B\u0130R EKONOM\u0130K POTANS\u0130YELE SAH\u0130PT\u0130R<\/p>\n\n\n\n<p>Antalya il\u00e7eleri aras\u0131nda en \u00e7ok vergi tahsilat\u0131 yap\u0131lan Manavgat\u2019\u0131n ekonomik potansiyelinin s\u00fcrekli b\u00fcy\u00fcd\u00fc\u011f\u00fcn\u00fc vurgulayan Ba\u015fkan G\u00fcng\u00f6r, \u201cAntalya il\u00e7eleri aras\u0131nda vergi tahsilat\u0131nda birinci s\u0131rada yer alan kentimiz bir\u00e7ok ilden daha b\u00fcy\u00fck bir ekonomik potansiyele sahip bir il\u00e7edir. Manavgat, &nbsp;ekonomik yap\u0131s\u0131, turizm ve tar\u0131m\u0131n yan\u0131 s\u0131ra ticaret ve hizmet sekt\u00f6r\u00fcndeki canl\u0131l\u0131\u011f\u0131yla \u00f6vg\u00fcye de\u011fer olmakla birlikte s\u00fcrd\u00fcr\u00fclebilir kalk\u0131nma i\u00e7in \u00f6nemli bir \u00f6rnek te\u015fkil ediyor.&nbsp; Say\u0131n Antalya Vergi Dairesi Ba\u015fkan\u0131m konuyla ilgili olarak \u00f6n\u00fcm\u00fczdeki g\u00fcnlerde Odam\u0131z\u0131 ziyaret edecek Kendilerine misafirperverlikleri i\u00e7in te\u015fekk\u00fcr ediyor, \u00e7al\u0131\u015fmalar\u0131nda ba\u015far\u0131lar diliyorum\u201d dedi.<\/p>\n\n\n\n<p>Ba\u015fkan G\u00fcng\u00f6r, ziyarette ayr\u0131ca \u00fcyelerden gelen talep ve sorunlar\u0131 ilettiklerini belirtti.<\/p>\n\n\n\n<p>Manavgat Ticaret ve Sanayi Odas\u0131 \/ B\u00fclten<\/p>\n","protected":false},"excerpt":{"rendered":"<p>MATSO Ba\u015fkan\u0131 Seydi Tahsin G\u00fcng\u00f6r, g\u00fc\u00e7l\u00fc ekonomik potansiyeli ile Manavgat\u2019\u0131n vergi gelirlerinde bir\u00e7ok ilden daha y\u00fcksek bir orana sahip oldu\u011funu belirterek 2023 y\u0131l\u0131nda vergi tahsilat\u0131nda <a href=\"https:\/\/akdenizhaber.com.tr\/index.php\/2024\/03\/15\/matso-baskani-gungor-manavgat-2023-yili-vergi-tahsilatinda-rekor-kirdi\/\" class=\"read-more-link\">[more&#8230;]<\/a><\/p>\n","protected":false},"author":2,"featured_media":21604,"comment_status":"open","ping_status":"open","sticky":false,"template":"","format":"standard","meta":{"footnotes":""},"categories":[2],"tags":[],"class_list":["post-21603","post","type-post","status-publish","format-standard","has-post-thumbnail","hentry","category-gundem"],"_links":{"self":[{"href":"https:\/\/akdenizhaber.com.tr\/index.php\/wp-json\/wp\/v2\/posts\/21603","targetHints":{"allow":["GET"]}}],"collection":[{"href":"https:\/\/akdenizhaber.com.tr\/index.php\/wp-json\/wp\/v2\/posts"}],"about":[{"href":"https:\/\/akdenizhaber.com.tr\/index.php\/wp-json\/wp\/v2\/types\/post"}],"author":[{"embeddable":true,"href":"https:\/\/akdenizhaber.com.tr\/index.php\/wp-json\/wp\/v2\/users\/2"}],"replies":[{"embeddable":true,"href":"https:\/\/akdenizhaber.com.tr\/index.php\/wp-json\/wp\/v2\/comments?post=21603"}],"version-history":[{"count":0,"href":"https:\/\/akdenizhaber.com.tr\/index.php\/wp-json\/wp\/v2\/posts\/21603\/revisions"}],"wp:featuredmedia":[{"embeddable":true,"href":"https:\/\/akdenizhaber.com.tr\/index.php\/wp-json\/wp\/v2\/media\/21604"}],"wp:attachment":[{"href":"https:\/\/akdenizhaber.com.tr\/index.php\/wp-json\/wp\/v2\/media?parent=21603"}],"wp:term":[{"taxonomy":"category","embeddable":true,"href":"https:\/\/akdenizhaber.com.tr\/index.php\/wp-json\/wp\/v2\/categories?post=21603"},{"taxonomy":"post_tag","embeddable":true,"href":"https:\/\/akdenizhaber.com.tr\/index.php\/wp-json\/wp\/v2\/tags?post=21603"}],"curies":[{"name":"wp","href":"https:\/\/api.w.org\/{rel}","templated":true}]}}