{"id":21594,"date":"2024-03-15T12:06:22","date_gmt":"2024-03-15T09:06:22","guid":{"rendered":"https:\/\/akdenizhaber.com.tr\/?p=21594"},"modified":"2024-03-15T12:06:22","modified_gmt":"2024-03-15T09:06:22","slug":"ogrenciler-hayatparki-cimlendirdi","status":"publish","type":"post","link":"https:\/\/akdenizhaber.com.tr\/index.php\/2024\/03\/15\/ogrenciler-hayatparki-cimlendirdi\/","title":{"rendered":"\u00d6\u011frenciler HayatPark\u2019\u0131 \u00e7imlendirdi"},"content":{"rendered":"\n<p><\/p>\n\n\n\n<p>Konyaalt\u0131 il\u00e7esinde bulunan okullarda e\u011fitim g\u00f6ren \u00f6\u011frenciler, sosyal sorumluluk projesi kapsam\u0131nda HayatPark\u2019ta \u00e7im ekimi ger\u00e7ekle\u015ftirdi. Etkinlik kapsam\u0131nda \u00f6\u011frencilere \u00e7im haz\u0131rlanmas\u0131ndan bak\u0131m\u0131na kadar t\u00fcm bilgiler aktar\u0131ld\u0131<\/p>\n\n\n\n<p>Konyaalt\u0131 il\u00e7esinde bulunan okullarda e\u011fitim g\u00f6ren \u00f6\u011frenciler sosyal sorumluluk projesi kapsam\u0131nda Konyaalt\u0131 Belediyesi Park ve Bah\u00e7eler M\u00fcd\u00fcrl\u00fc\u011f\u00fc ekiplerinin yard\u0131mlar\u0131yla HayatPark\u2019a \u00e7im ekti. \u00d6\u011frencilere ekipler taraf\u0131ndan \u00e7im alan\u0131 olu\u015fturmadan, \u00e7im bak\u0131m\u0131na kadar teknik bilgi verildi.<br>\u00d6\u011eRENC\u0130LERE \u00d6NCE E\u011e\u0130T\u0130M VER\u0130LD\u0130<br>Konyaalt\u0131 Belediyesi Park ve Bah\u00e7eler M\u00fcd\u00fcr\u00fc \u00d6nc\u00fc Ceylan Balo\u011flu, \u201c\u0130l\u00e7emizde bulunan okullar sosyal sorumluluk projesi kapsam\u0131nda belediyemize ba\u015fvuruda bulundular. Biz de Konyaalt\u0131 Belediyesi olarak talep eden okullarda e\u011fitim g\u00f6ren \u00f6\u011frencilerimize HayatPark\u2019ta bak\u0131m \u00e7al\u0131\u015fmalar\u0131 kapsam\u0131nda \u00e7im ekimi ile ilgili genel bir bilgilendirme yapt\u0131k. \u00c7im alan\u0131 nas\u0131l haz\u0131rlan\u0131r, \u00e7im ekimi nas\u0131l yap\u0131l\u0131r konular\u0131nda \u00f6\u011frencilere teknik bilgi verdik. Bu bilgilendirmenin ard\u0131ndan da uygulamal\u0131 olarak \u00f6\u011frencilere \u00e7im ekimi yapt\u0131rarak vatanda\u015f\u0131n kullan\u0131m\u0131na nas\u0131l haz\u0131r hale getirildi\u011fini g\u00f6sterdik\u2019\u2019 dedi. &nbsp;Etkinli\u011fe kat\u0131lan \u00f6\u011frencilerden Duru Nama da, \u201cBug\u00fcn burada Konyaalt\u0131 Belediyesi HayatPark\u2019ta \u00e7im nas\u0131l ekilir bunu \u00f6\u011frendik ve uygulamal\u0131 olarak da \u00e7im ekimi ger\u00e7ekle\u015ftirdik. Proje kapsam\u0131nda bizlere destek olan Konyaalt\u0131 Belediyesi\u2019ne te\u015fekk\u00fcr ediyorum\u2019\u2019 dedi.<\/p>\n\n\n\n<p>Konyaalt\u0131 Belediyesi \/ B\u00fclten<\/p>\n","protected":false},"excerpt":{"rendered":"<p>Konyaalt\u0131 il\u00e7esinde bulunan okullarda e\u011fitim g\u00f6ren \u00f6\u011frenciler, sosyal sorumluluk projesi kapsam\u0131nda HayatPark\u2019ta \u00e7im ekimi ger\u00e7ekle\u015ftirdi. Etkinlik kapsam\u0131nda \u00f6\u011frencilere \u00e7im haz\u0131rlanmas\u0131ndan bak\u0131m\u0131na kadar t\u00fcm bilgiler aktar\u0131ld\u0131 <a href=\"https:\/\/akdenizhaber.com.tr\/index.php\/2024\/03\/15\/ogrenciler-hayatparki-cimlendirdi\/\" class=\"read-more-link\">[more&#8230;]<\/a><\/p>\n","protected":false},"author":2,"featured_media":21595,"comment_status":"open","ping_status":"open","sticky":false,"template":"","format":"standard","meta":{"footnotes":""},"categories":[2],"tags":[],"class_list":["post-21594","post","type-post","status-publish","format-standard","has-post-thumbnail","hentry","category-gundem"],"_links":{"self":[{"href":"https:\/\/akdenizhaber.com.tr\/index.php\/wp-json\/wp\/v2\/posts\/21594","targetHints":{"allow":["GET"]}}],"collection":[{"href":"https:\/\/akdenizhaber.com.tr\/index.php\/wp-json\/wp\/v2\/posts"}],"about":[{"href":"https:\/\/akdenizhaber.com.tr\/index.php\/wp-json\/wp\/v2\/types\/post"}],"author":[{"embeddable":true,"href":"https:\/\/akdenizhaber.com.tr\/index.php\/wp-json\/wp\/v2\/users\/2"}],"replies":[{"embeddable":true,"href":"https:\/\/akdenizhaber.com.tr\/index.php\/wp-json\/wp\/v2\/comments?post=21594"}],"version-history":[{"count":0,"href":"https:\/\/akdenizhaber.com.tr\/index.php\/wp-json\/wp\/v2\/posts\/21594\/revisions"}],"wp:featuredmedia":[{"embeddable":true,"href":"https:\/\/akdenizhaber.com.tr\/index.php\/wp-json\/wp\/v2\/media\/21595"}],"wp:attachment":[{"href":"https:\/\/akdenizhaber.com.tr\/index.php\/wp-json\/wp\/v2\/media?parent=21594"}],"wp:term":[{"taxonomy":"category","embeddable":true,"href":"https:\/\/akdenizhaber.com.tr\/index.php\/wp-json\/wp\/v2\/categories?post=21594"},{"taxonomy":"post_tag","embeddable":true,"href":"https:\/\/akdenizhaber.com.tr\/index.php\/wp-json\/wp\/v2\/tags?post=21594"}],"curies":[{"name":"wp","href":"https:\/\/api.w.org\/{rel}","templated":true}]}}