{"id":21591,"date":"2024-03-15T12:05:52","date_gmt":"2024-03-15T09:05:52","guid":{"rendered":"https:\/\/akdenizhaber.com.tr\/?p=21591"},"modified":"2024-03-15T12:05:52","modified_gmt":"2024-03-15T09:05:52","slug":"buyuksehir-vatandasin-iftar-sofrasina-destek-oluyor","status":"publish","type":"post","link":"https:\/\/akdenizhaber.com.tr\/index.php\/2024\/03\/15\/buyuksehir-vatandasin-iftar-sofrasina-destek-oluyor\/","title":{"rendered":"B\u00fcy\u00fck\u015fehir vatanda\u015f\u0131n iftar sofras\u0131na destek oluyor"},"content":{"rendered":"\n<p><\/p>\n\n\n\n<p>Antalya B\u00fcy\u00fck\u015fehir Belediyesi, Ramazan Ay\u0131nda dayan\u0131\u015fmay\u0131 art\u0131r\u0131yor. Ramazan\u2019\u0131n 3. g\u00fcn\u00fcnde de B\u00fcy\u00fck\u015fehir ekipleri Kepez Aydo\u011fmu\u015f Mahallesi\u2019nde iftar \u00f6ncesi vatanda\u015flara s\u0131cak yemek ikram etti. Alanya\u2019da kurulan iftar \u00e7ad\u0131r\u0131 da vatanda\u015flardan yo\u011fun ilgi g\u00f6rmeye devam ediyor.<\/p>\n\n\n\n<p>Antalya B\u00fcy\u00fck\u015fehir Belediyesi, payla\u015fman\u0131n ve dayan\u0131\u015fman\u0131n \u00f6nemini vurgulayarak Ramazan ay\u0131nda kent merkezindeki mahallelerde iftar yeme\u011fi da\u011f\u0131t\u0131m\u0131n\u0131 s\u00fcrd\u00fcr\u00fcyor. Sosyal Hizmetler Daire Ba\u015fkanl\u0131\u011f\u0131\u2019na ba\u011fl\u0131 Mobil A\u015fevi, Kepez \u0130l\u00e7esi Aydo\u011fmu\u015f Mahallesi\u2019nde iftar \u00f6ncesi ger\u00e7ekle\u015ftirilen yemek da\u011f\u0131t\u0131m\u0131nda, 1500 ki\u015fiye d\u00f6rt \u00e7e\u015fit yemek ikram edildi. Antalya B\u00fcy\u00fck\u015fehir Belediyesi Mobil A\u015fevi, Ramazan Ay\u0131 boyunca farkl\u0131 mahallelerde iftar \u00f6ncesi yemek da\u011f\u0131t\u0131mlar\u0131na devam edecek.<\/p>\n\n\n\n<p>ALANYA\u2019DA \u0130FTAR \u00c7ADIRI YO\u011eUN \u0130LG\u0130 G\u00d6R\u00dcYOR<\/p>\n\n\n\n<p><a><\/a>Ramazan ay\u0131 nedeniyle il\u00e7elerde de iftar yeme\u011fi ikram\u0131nda bulunan B\u00fcy\u00fck\u015fehir Belediyesi iftar \u00e7ad\u0131rlar\u0131 da yo\u011fun ilgi g\u00f6r\u00fcyor. B\u00fcy\u00fck\u015fehir Belediyesi, Alanya N\u00fcfus M\u00fcd\u00fcrl\u00fc\u011f\u00fc kar\u015f\u0131s\u0131ndaki Hac\u0131memi\u015fler Camii \u00f6n\u00fcndeki alanda her ak\u015fam vatanda\u015flara s\u0131cak yemek ikram\u0131 yap\u0131l\u0131yor. Ramazan\u2019\u0131n ilk \u00fc\u00e7 g\u00fcn\u00fc B\u00fcy\u00fck\u015fehir Belediyesi\u2019nin iftar sofras\u0131ndan binlerce vatanda\u015f yararland\u0131. \u0130ftar sofras\u0131 Ramazan ay\u0131 boyunca t\u00fcm vatanda\u015flara a\u00e7\u0131k olacak.&nbsp;<\/p>\n\n\n\n<p>Antalya B\u00fcy\u00fck\u015fehir Belediyesi \/ B\u00fclten<\/p>\n","protected":false},"excerpt":{"rendered":"<p>Antalya B\u00fcy\u00fck\u015fehir Belediyesi, Ramazan Ay\u0131nda dayan\u0131\u015fmay\u0131 art\u0131r\u0131yor. Ramazan\u2019\u0131n 3. g\u00fcn\u00fcnde de B\u00fcy\u00fck\u015fehir ekipleri Kepez Aydo\u011fmu\u015f Mahallesi\u2019nde iftar \u00f6ncesi vatanda\u015flara s\u0131cak yemek ikram etti. Alanya\u2019da kurulan <a href=\"https:\/\/akdenizhaber.com.tr\/index.php\/2024\/03\/15\/buyuksehir-vatandasin-iftar-sofrasina-destek-oluyor\/\" class=\"read-more-link\">[more&#8230;]<\/a><\/p>\n","protected":false},"author":2,"featured_media":21592,"comment_status":"open","ping_status":"open","sticky":false,"template":"","format":"standard","meta":{"footnotes":""},"categories":[2],"tags":[],"class_list":["post-21591","post","type-post","status-publish","format-standard","has-post-thumbnail","hentry","category-gundem"],"_links":{"self":[{"href":"https:\/\/akdenizhaber.com.tr\/index.php\/wp-json\/wp\/v2\/posts\/21591","targetHints":{"allow":["GET"]}}],"collection":[{"href":"https:\/\/akdenizhaber.com.tr\/index.php\/wp-json\/wp\/v2\/posts"}],"about":[{"href":"https:\/\/akdenizhaber.com.tr\/index.php\/wp-json\/wp\/v2\/types\/post"}],"author":[{"embeddable":true,"href":"https:\/\/akdenizhaber.com.tr\/index.php\/wp-json\/wp\/v2\/users\/2"}],"replies":[{"embeddable":true,"href":"https:\/\/akdenizhaber.com.tr\/index.php\/wp-json\/wp\/v2\/comments?post=21591"}],"version-history":[{"count":0,"href":"https:\/\/akdenizhaber.com.tr\/index.php\/wp-json\/wp\/v2\/posts\/21591\/revisions"}],"wp:featuredmedia":[{"embeddable":true,"href":"https:\/\/akdenizhaber.com.tr\/index.php\/wp-json\/wp\/v2\/media\/21592"}],"wp:attachment":[{"href":"https:\/\/akdenizhaber.com.tr\/index.php\/wp-json\/wp\/v2\/media?parent=21591"}],"wp:term":[{"taxonomy":"category","embeddable":true,"href":"https:\/\/akdenizhaber.com.tr\/index.php\/wp-json\/wp\/v2\/categories?post=21591"},{"taxonomy":"post_tag","embeddable":true,"href":"https:\/\/akdenizhaber.com.tr\/index.php\/wp-json\/wp\/v2\/tags?post=21591"}],"curies":[{"name":"wp","href":"https:\/\/api.w.org\/{rel}","templated":true}]}}