{"id":21588,"date":"2024-03-15T12:04:48","date_gmt":"2024-03-15T09:04:48","guid":{"rendered":"https:\/\/akdenizhaber.com.tr\/?p=21588"},"modified":"2024-03-15T12:04:48","modified_gmt":"2024-03-15T09:04:48","slug":"gunes-mahallesi-cami-ibadete-hazir-hale-getiriliyor","status":"publish","type":"post","link":"https:\/\/akdenizhaber.com.tr\/index.php\/2024\/03\/15\/gunes-mahallesi-cami-ibadete-hazir-hale-getiriliyor\/","title":{"rendered":"G\u00fcne\u015f Mahallesi Cami ibadete haz\u0131r hale getiriliyor"},"content":{"rendered":"\n<p><\/p>\n\n\n\n<p>Antalya B\u00fcy\u00fck\u015fehir Belediyesi\u2019nin ba\u015flatt\u0131\u011f\u0131 G\u00fcne\u015f Mahallesi Cami in\u015faat\u0131 y\u00fczde 99 oran\u0131nda tamamland\u0131. Caminin i\u00e7-d\u0131\u015f boyamalar\u0131, elektrik ve s\u0131hhi tesisat \u00e7al\u0131\u015fmalar\u0131 tamamlan\u0131rken hal\u0131 d\u00f6\u015femesi yap\u0131l\u0131yor. Cami\u2019nin \u00f6n\u00fcm\u00fczdeki g\u00fcnlerde ibadete a\u00e7\u0131lmas\u0131 planlan\u0131yor.<\/p>\n\n\n\n<p>B\u00fcy\u00fck\u015fehir Belediyesi\u2019nin, Antalya i\u00e7in hayata ge\u00e7irdi\u011fi \u00f6nemli projelerden olan ve b\u00f6lge halk\u0131n\u0131n b\u00fcy\u00fck bir ma\u011fduriyetini gideren \u201cG\u00fcne\u015f Mahallesi Kentsel D\u00f6n\u00fc\u015f\u00fcm\u201d projesi kapsam\u0131nda, mahalle sakinlerinin ihtiyac\u0131n\u0131n giderilmesi amac\u0131yla ba\u015flatt\u0131\u011f\u0131 \u201cG\u00fcne\u015f Mahallesi Cami Projesi\u201d in\u015faat\u0131nda sona yakla\u015f\u0131ld\u0131.<\/p>\n\n\n\n<p>\u0130BADETE HAZIRLANIYOR<\/p>\n\n\n\n<p>Antalya B\u00fcy\u00fck\u015fehir Belediyesi&#8217;nin G\u00fcne\u015f Mahallesi&#8217;nde ba\u015flatt\u0131\u011f\u0131 cami projesi in\u015faat\u0131n\u0131n y\u00fczde 99\u2019u tamamland\u0131. Mahalle sakinlerinin b\u00fcy\u00fck bir heyecanla bekledi\u011fi cami in\u015faat\u0131n\u0131n tamamlan\u0131p a\u00e7\u0131lmas\u0131yla vatanda\u015flar ibadetlerini rahat\u00e7a ger\u00e7ekle\u015ftirebilecekler. Antalya B\u00fcy\u00fck\u015fehir Belediyesi\u2019nin 27724 ada 7 parsel \u00fczerine in\u015fa etti\u011fi G\u00fcne\u015f Mahallesi Cami Projesi toplamda 2 bin 152 metrekarelik bir alan\u0131 kaps\u0131yor. Caminin i\u00e7-d\u0131\u015f boyamalar\u0131, elektrik ve s\u0131hhi tesisat \u00e7al\u0131\u015fmalar\u0131 tamamlan\u0131rken ibadete uygun hale gelebilmesi i\u00e7in sadece hal\u0131 d\u00f6\u015femesi kald\u0131.<\/p>\n\n\n\n<p>825 K\u0130\u015e\u0130L\u0130K KAPAS\u0130TE VE GEN\u0130\u015e \u00c7EVRE D\u00dcZENLEMES\u0130<\/p>\n\n\n\n<p>B\u00fcy\u00fck\u015fehir Belediyesinin G\u00fcne\u015f Mahallesinde hayata ge\u00e7irdi\u011fi, mahalle sakinlerinin ihtiya\u00e7lar\u0131n\u0131 kar\u015f\u0131lamak ve modern bir ibadet alan\u0131 sunmay\u0131 hedefledi\u011fi Cami Projesi i\u00e7 ve d\u0131\u015f g\u00f6r\u00fcn\u00fc\u015f\u00fcyle g\u00f6renleri cezbediyor. G\u00fcne\u015f Mahallesi Cami\u2019de zemin kat\u0131nda wc, gasilhane, morg, abdesthane, taziye salonu gibi b\u00f6l\u00fcmler bulunurken, 1. katta son cemaat yeri, harim ve imam odas\u0131 gibi alanlar yer al\u0131yor. Ayr\u0131ca, caminin 2. kat\u0131nda kad\u0131n mahfili b\u00f6l\u00fcm\u00fc yer al\u0131yor. Toplam kapasitesi 825 ki\u015fi olarak planlanan G\u00fcne\u015f Mahallesi Cami\u2019nin projesinde<\/p>\n\n\n\n<p>940 metrekarelik ye\u015fil alan, 615 metrekarelik sert zemin, \u015fad\u0131rvan ve iki minare bulunuyor.<\/p>\n\n\n\n<p>Antalya B\u00fcy\u00fck\u015fehir Belediyesi \/ B\u00fclten<\/p>\n","protected":false},"excerpt":{"rendered":"<p>Antalya B\u00fcy\u00fck\u015fehir Belediyesi\u2019nin ba\u015flatt\u0131\u011f\u0131 G\u00fcne\u015f Mahallesi Cami in\u015faat\u0131 y\u00fczde 99 oran\u0131nda tamamland\u0131. Caminin i\u00e7-d\u0131\u015f boyamalar\u0131, elektrik ve s\u0131hhi tesisat \u00e7al\u0131\u015fmalar\u0131 tamamlan\u0131rken hal\u0131 d\u00f6\u015femesi yap\u0131l\u0131yor. Cami\u2019nin <a href=\"https:\/\/akdenizhaber.com.tr\/index.php\/2024\/03\/15\/gunes-mahallesi-cami-ibadete-hazir-hale-getiriliyor\/\" class=\"read-more-link\">[more&#8230;]<\/a><\/p>\n","protected":false},"author":2,"featured_media":21589,"comment_status":"open","ping_status":"open","sticky":false,"template":"","format":"standard","meta":{"footnotes":""},"categories":[2],"tags":[],"class_list":["post-21588","post","type-post","status-publish","format-standard","has-post-thumbnail","hentry","category-gundem"],"_links":{"self":[{"href":"https:\/\/akdenizhaber.com.tr\/index.php\/wp-json\/wp\/v2\/posts\/21588","targetHints":{"allow":["GET"]}}],"collection":[{"href":"https:\/\/akdenizhaber.com.tr\/index.php\/wp-json\/wp\/v2\/posts"}],"about":[{"href":"https:\/\/akdenizhaber.com.tr\/index.php\/wp-json\/wp\/v2\/types\/post"}],"author":[{"embeddable":true,"href":"https:\/\/akdenizhaber.com.tr\/index.php\/wp-json\/wp\/v2\/users\/2"}],"replies":[{"embeddable":true,"href":"https:\/\/akdenizhaber.com.tr\/index.php\/wp-json\/wp\/v2\/comments?post=21588"}],"version-history":[{"count":0,"href":"https:\/\/akdenizhaber.com.tr\/index.php\/wp-json\/wp\/v2\/posts\/21588\/revisions"}],"wp:featuredmedia":[{"embeddable":true,"href":"https:\/\/akdenizhaber.com.tr\/index.php\/wp-json\/wp\/v2\/media\/21589"}],"wp:attachment":[{"href":"https:\/\/akdenizhaber.com.tr\/index.php\/wp-json\/wp\/v2\/media?parent=21588"}],"wp:term":[{"taxonomy":"category","embeddable":true,"href":"https:\/\/akdenizhaber.com.tr\/index.php\/wp-json\/wp\/v2\/categories?post=21588"},{"taxonomy":"post_tag","embeddable":true,"href":"https:\/\/akdenizhaber.com.tr\/index.php\/wp-json\/wp\/v2\/tags?post=21588"}],"curies":[{"name":"wp","href":"https:\/\/api.w.org\/{rel}","templated":true}]}}