{"id":21585,"date":"2024-03-15T12:03:46","date_gmt":"2024-03-15T09:03:46","guid":{"rendered":"https:\/\/akdenizhaber.com.tr\/?p=21585"},"modified":"2024-03-15T12:03:47","modified_gmt":"2024-03-15T09:03:47","slug":"bocek-saglik-calisanlarinin-14-mart-tip-bayramini-kutladi","status":"publish","type":"post","link":"https:\/\/akdenizhaber.com.tr\/index.php\/2024\/03\/15\/bocek-saglik-calisanlarinin-14-mart-tip-bayramini-kutladi\/","title":{"rendered":"B\u00f6cek, sa\u011fl\u0131k \u00e7al\u0131\u015fanlar\u0131n\u0131n 14 Mart T\u0131p Bayram\u0131\u2019n\u0131 kutlad\u0131"},"content":{"rendered":"\n<p><\/p>\n\n\n\n<p>Antalya B\u00fcy\u00fck\u015fehir Belediye Ba\u015fkan\u0131 Muhittin B\u00f6cek, 14 Mart T\u0131p Bayram\u0131 nedeniyle&nbsp; sa\u011fl\u0131k \u00e7al\u0131\u015fanlar\u0131yla bulu\u015ftu. Ba\u015fkan B\u00f6cek, Akdeniz \u00dcniversitesi Rekt\u00f6r\u00fc \u00d6zlenen \u00d6zkan ve ekibini, ard\u0131ndan B\u00fcy\u00fck\u015fehir Belediyesi\u2019ne ait Kepez\u2019de hizmet veren Sa\u011fl\u0131k Merkezi \u00e7al\u0131\u015fanlar\u0131n\u0131 ziyaret etti. Ba\u015fkan B\u00f6cek, \u201cB\u00fcy\u00fck bir \u00f6zveri ve fedakarl\u0131kla \u00e7al\u0131\u015fan t\u00fcm sa\u011fl\u0131k kahramanlar\u0131m\u0131z\u0131n T\u0131p Bayram\u0131\u2019n\u0131 kutluyorum\u201d dedi.<\/p>\n\n\n\n<p>Antalya B\u00fcy\u00fck\u015fehir Belediye Ba\u015fkan\u0131 Muhittin B\u00f6cek, 14 Mart T\u0131p Bayram\u0131 nedeniyle<\/p>\n\n\n\n<p>Akdeniz \u00dcniversitesi Rekt\u00f6r\u00fc \u00d6zlenen \u00d6zkan&#8217;\u0131 ziyaret etti. Hastal\u0131\u011f\u0131 s\u00fcresince 108 g\u00fcn Akdeniz \u00dcniversitesi Hastanesinde tedavi g\u00f6ren ve her f\u0131rsatta sa\u011fl\u0131k \u00e7al\u0131\u015fanlar\u0131na te\u015fekk\u00fcr ve dua eden Ba\u015fkan B\u00f6cek, Rekt\u00f6r \u00d6zlenen \u00d6zkan\u2019\u0131n, t\u00fcm ekibinin, doktorlar\u0131n ve sa\u011fl\u0131k personellerinin t\u0131p bayram\u0131n\u0131 kutlad\u0131. Ba\u015fkan B\u00f6cek, \u00d6zlenen \u00d6zkan ile \u00fcniversite ile yapaca\u011f\u0131 i\u015fbirlikleri \u00fczerine sohbet ederek sa\u011fl\u0131k personelleri ad\u0131na \u00e7i\u00e7ek takdim etti.<\/p>\n\n\n\n<p>\u00d6ZKAN \u2018\u00d6MR\u00dcN\u00dcZUZUN OLSUN\u2019<\/p>\n\n\n\n<p>Akdeniz \u00dcniversitesi Rekt\u00f6r\u00fc \u00d6zlenen \u00d6zkan da, Ba\u015fkan B\u00f6cek\u2019e ziyareti i\u00e7in te\u015fekk\u00fcr ederek, \u201cSizin i\u00e7in oldu\u011fu kadar bizim i\u00e7inde zor bir s\u00fcre\u00e7ti. Allah\u2019\u0131n izniyle b\u00fcy\u00fck bir titizlikle bir bebek gibi \u00e7ok iyi bakt\u0131k size. Allah bundan sonra sevdikleriniz ile uzun bir \u00f6m\u00fcr ge\u00e7irmeyi nasip etsin\u201d dedi.<\/p>\n\n\n\n<p>KEPEZ SA\u011eLIK MERKEZ\u0130N\u0130 Z\u0130YARET ETT\u0130<\/p>\n\n\n\n<p>B\u00fcy\u00fck\u015fehir Belediye Ba\u015fkan\u0131 Muhittin B\u00f6cek, T\u0131p Bayram\u0131 nedeniyle program\u0131na Antalya B\u00fcy\u00fck\u015fehir Belediyesi Sa\u011fl\u0131k Merkezi ziyaretiyle devam etti. Kepez il\u00e7esinde,evde sa\u011fl\u0131k hizmeti, di\u015f tedavisi, s\u00fcnnet ve psikolojik destek gibi sa\u011fl\u0131k hizmetlerinin \u00fccretsiz verildi\u011fi merkezde g\u00f6rev yapan sa\u011fl\u0131k \u00e7al\u0131\u015fanlar\u0131n\u0131n 14 Mart T\u0131p Bayram\u0131\u2019n\u0131 kutlayan Ba\u015fkan B\u00f6cek personele \u00e7i\u00e7ek takdim etti. Ba\u015fkan B\u00f6cek, \u201cB\u00fcy\u00fck bir \u00f6zveriyle insan sa\u011fl\u0131\u011f\u0131 i\u00e7in ellerinden gelen her t\u00fcrl\u00fc \u00e7abay\u0131 esirgemeden sunan t\u00fcm sa\u011fl\u0131k \u00e7al\u0131\u015fanlar\u0131n\u0131n T\u0131p Bayram\u0131 kutlu olsun\u201d ifadelerini kulland\u0131. Ba\u015fkan B\u00f6cek, sa\u011fl\u0131k personeli ile foto\u011fraf ve \u00f6z \u00e7ekim yapt\u0131.<\/p>\n\n\n\n<p>Antalya B\u00fcy\u00fck\u015fehir Belediyesi \/ B\u00fclten<\/p>\n","protected":false},"excerpt":{"rendered":"<p>Antalya B\u00fcy\u00fck\u015fehir Belediye Ba\u015fkan\u0131 Muhittin B\u00f6cek, 14 Mart T\u0131p Bayram\u0131 nedeniyle&nbsp; sa\u011fl\u0131k \u00e7al\u0131\u015fanlar\u0131yla bulu\u015ftu. Ba\u015fkan B\u00f6cek, Akdeniz \u00dcniversitesi Rekt\u00f6r\u00fc \u00d6zlenen \u00d6zkan ve ekibini, ard\u0131ndan B\u00fcy\u00fck\u015fehir <a href=\"https:\/\/akdenizhaber.com.tr\/index.php\/2024\/03\/15\/bocek-saglik-calisanlarinin-14-mart-tip-bayramini-kutladi\/\" class=\"read-more-link\">[more&#8230;]<\/a><\/p>\n","protected":false},"author":2,"featured_media":21586,"comment_status":"open","ping_status":"open","sticky":false,"template":"","format":"standard","meta":{"footnotes":""},"categories":[2],"tags":[],"class_list":["post-21585","post","type-post","status-publish","format-standard","has-post-thumbnail","hentry","category-gundem"],"_links":{"self":[{"href":"https:\/\/akdenizhaber.com.tr\/index.php\/wp-json\/wp\/v2\/posts\/21585","targetHints":{"allow":["GET"]}}],"collection":[{"href":"https:\/\/akdenizhaber.com.tr\/index.php\/wp-json\/wp\/v2\/posts"}],"about":[{"href":"https:\/\/akdenizhaber.com.tr\/index.php\/wp-json\/wp\/v2\/types\/post"}],"author":[{"embeddable":true,"href":"https:\/\/akdenizhaber.com.tr\/index.php\/wp-json\/wp\/v2\/users\/2"}],"replies":[{"embeddable":true,"href":"https:\/\/akdenizhaber.com.tr\/index.php\/wp-json\/wp\/v2\/comments?post=21585"}],"version-history":[{"count":0,"href":"https:\/\/akdenizhaber.com.tr\/index.php\/wp-json\/wp\/v2\/posts\/21585\/revisions"}],"wp:featuredmedia":[{"embeddable":true,"href":"https:\/\/akdenizhaber.com.tr\/index.php\/wp-json\/wp\/v2\/media\/21586"}],"wp:attachment":[{"href":"https:\/\/akdenizhaber.com.tr\/index.php\/wp-json\/wp\/v2\/media?parent=21585"}],"wp:term":[{"taxonomy":"category","embeddable":true,"href":"https:\/\/akdenizhaber.com.tr\/index.php\/wp-json\/wp\/v2\/categories?post=21585"},{"taxonomy":"post_tag","embeddable":true,"href":"https:\/\/akdenizhaber.com.tr\/index.php\/wp-json\/wp\/v2\/tags?post=21585"}],"curies":[{"name":"wp","href":"https:\/\/api.w.org\/{rel}","templated":true}]}}