{"id":21576,"date":"2024-03-14T12:43:01","date_gmt":"2024-03-14T09:43:01","guid":{"rendered":"https:\/\/akdenizhaber.com.tr\/?p=21576"},"modified":"2024-03-14T12:43:01","modified_gmt":"2024-03-14T09:43:01","slug":"ulualan-golf-projesi-iptal-edildi","status":"publish","type":"post","link":"https:\/\/akdenizhaber.com.tr\/index.php\/2024\/03\/14\/ulualan-golf-projesi-iptal-edildi\/","title":{"rendered":"Ulualan Golf Projesi \u0130ptal Edildi"},"content":{"rendered":"\n<p><\/p>\n\n\n\n<p><strong>K\u0131z\u0131la\u011fa\u00e7\u2019ta 3\u2019\u00fc konaklamal\u0131 1\u2019i konaklamas\u0131z 4 par\u00e7a golf alan\u0131 i\u00e7in Mahkeme iptal karar\u0131 verdi<\/strong><\/p>\n\n\n\n<p>Manavgat\u2019ta Ulualan olarak bilinen b\u00f6lgede 3\u2019\u00fc konaklamal\u0131 1 tanesi de konaklamas\u0131z olmak \u00fczere 4 ayr\u0131 par\u00e7a halinde golf alan\u0131 olarak K\u00fclt\u00fcr ve Turizm Bakanl\u0131\u011f\u0131nca onaylanan ve 23.03.2023-22.04.2023 tarihleri aras\u0131nda Manavgat Belediyesinde ask\u0131ya \u00e7\u0131kar\u0131lan Side II Nolu Turizm Merkezi, K\u0131z\u0131laga\u00e7 B\u00f6lgesi 3. Etaba iliskin olarak yap\u0131lan Dogu Antalya 1\/25000 \u00f6l\u00e7ekli \u00c7evre D\u00fczeni Plan\u0131 Revizyonunun, 1\/5000 \u00f6l\u00e7ekli Naz\u0131m Imar Plan\u0131n\u0131n ve 1\/1000 \u00f6l\u00e7ekli Uygulama Imar Plan\u0131n\u0131n, golf alan\u0131 olarak planlanmas\u0131na ili\u015fkin Gazeteci Nalan Akp\u0131naro\u011flu taraf\u0131ndan Bakanl\u0131k aleyhine Antalya N\u00f6bet\u00e7i \u0130dari Mahkemesine a\u00e7\u0131lan iptal davas\u0131nda Antalya 4. \u0130dare Mahkemesi hukuka uyarl\u0131k bulunmad\u0131\u011f\u0131 sonu\u00e7 ve kanaatine vararak iptaline karar verdi. &nbsp;Karar Manavgat halk\u0131 taraf\u0131ndan sevin\u00e7le kar\u015f\u0131land\u0131.<\/p>\n\n\n\n<p><strong>NELER OLDU?<\/strong><\/p>\n\n\n\n<p>Davac\u0131 Nalan Akp\u0131naro\u011flu dilek\u00e7esinde; Manavgat\/Ulualan b\u00f6lgesi i\u00e7in bakanl\u0131k taraf\u0131ndan b\u00f6lgesel t\u00fcm ihtiya\u00e7lar\u0131n ve halk\u0131n talepleri g\u00f6zetilmeden Manavgat Belediyesi\u2019ne ve STK\u2019lara sorulmadan, resen yeniden plan yap\u0131ld\u0131\u011f\u0131na i\u015faret ederek, yeni planlan\u0131n Antalya 3\u2019\u00fcnc\u00fc \u0130dare Mahkemesi\u2019nin verdi\u011fi iptal karar\u0131n\u0131 bertaraf etmek amac\u0131yla yap\u0131ld\u0131\u011f\u0131n\u0131, Ulualan\u2019da bulunan Orman \u0130\u015fletmesi\u2019ne ait mevcut u\u00e7ak pisti\/yang\u0131n \u00fcss\u00fcn\u00fcn golf alan\u0131 yap\u0131lmak \u00fczere kald\u0131r\u0131ld\u0131\u011f\u0131n\u0131, oysa yang\u0131nlara kar\u015f\u0131 u\u00e7ak pistinin mutlak ihtiya\u00e7 oldu\u011funa dikkat \u00e7ekti.<\/p>\n\n\n\n<p>Davac\u0131 Nalan Akp\u0131naro\u011flu dava dilek\u00e7esinde ayr\u0131ca Manavgat\u2019a, kentin sekt\u00f6rel ve ticari hayat\u0131 i\u00e7in, b\u00f6lge ve \u00fclke menfaatleri i\u00e7in b\u00fcy\u00fck yarar sa\u011flayacak yat liman\u0131 ve \u00e7ekek yeri yap\u0131lmas\u0131n\u0131n uygun olaca\u011f\u0131n\u0131 belirterek imar mevzuat\u0131na, kamu yarar\u0131na, evrensel \u015fehircilik ilkeleri ile planlama esaslar\u0131na ayk\u0131r\u0131 oldu\u011fu ileri s\u00fcr\u00fclen planlar\u0131n iptalini talep etti.<\/p>\n\n\n\n<p>Daval\u0131 bakanl\u0131k taraf\u0131ndan yap\u0131lan savunmada ise davac\u0131n\u0131n iddialar\u0131n\u0131n mesnetsiz oldu\u011funu, haks\u0131z a\u00e7\u0131lan davan\u0131n reddi savunuldu.<\/p>\n\n\n\n<p><strong>KARAR OY\u00c7OKLU\u011eUYLA \u0130PTAL ED\u0130LD\u0130<\/strong><\/p>\n\n\n\n<p>Davay\u0131 g\u00f6r\u00fc\u015fen Antalya 4\u2019\u00fcnc\u00fc \u0130dare Mahkemesi, 4 par\u00e7a golf alan\u0131na imkan veren plan\u0131 oy\u00e7oklu\u011fuyla iptal etti ve Konya B\u00f6lge \u0130dare Mahkemesi\u2019ne istinaf yolunun a\u00e7\u0131k oldu\u011funu belirterek iptal karar\u0131 \u015f\u00f6yle a\u00e7\u0131klad\u0131:<\/p>\n\n\n\n<p>\u201cPlanlanan ve b\u00f6lgeyi etkileyecek nitelikteki \u2018golf turizm b\u00f6lgesi\u2019 kullan\u0131m karar\u0131 i\u00e7in analiz a\u015famas\u0131nda gerekli ve yeterli ara\u015ft\u0131rma ve analizlerin yap\u0131lmad\u0131\u011f\u0131 anla\u015f\u0131lmakla, Antalya \u0130li, Manavgat \u0130l\u00e7esi, Side Turizm Alan\u0131 ve Side II Nolu Turizm Merkezi, K\u0131z\u0131la\u011fa\u00e7 B\u00f6lgesi 3\u2019\u00fcnc\u00fc etaba ili\u015fkin olarak yap\u0131lan dava konusu Do\u011fu Antalya 1\/25 bin \u00f6l\u00e7ekli \u00c7evre D\u00fczeni Plan\u0131 Revizyonunun, 1\/5 bin \u00f6l\u00e7ekli Naz\u0131m \u0130mar Plan\u0131n\u0131n ve 1\/1000 \u00f6l\u00e7ekli Uygulama \u0130mar Plan\u0131\u2019n\u0131n, Ulualan b\u00f6lgesinin 4 par\u00e7a hallinde golf alan\u0131 olarak planlanmas\u0131na ili\u015fkin k\u0131sm\u0131nda hukuka uyarl\u0131k bulunmad\u0131\u011f\u0131 sonu\u00e7 ve kanaatine var\u0131lm\u0131\u015ft\u0131r. A\u00e7\u0131klanan nedenlerle, dava konusu i\u015flemlerin iptaline oy\u00e7oklu\u011fuyla karar verildi.\u201d<\/p>\n\n\n\n<p><strong>BA\u015eKAN KARA\u2019DAN AYRI\u015eIK OY<\/strong><\/p>\n\n\n\n<p>Kararda Ba\u015fkan Do\u00e7. Dr. Seyfettin Kara, uyu\u015fmazl\u0131k konusu planlara kars\u0131 davac\u0131 Nalan Akp\u0131naro\u011flu taraf\u0131ndan a\u00e7\u0131lan davan\u0131n reddine karar verilmesi gerekti\u011fi kanaatiyle dava konusu planlar\u0131n iptaline y\u00f6nelik \u00e7o\u011funluk g\u00f6r\u00fcs\u00fcne kat\u0131lmayarak ayr\u0131\u015f\u0131k oy kulland\u0131.<\/p>\n\n\n\n<p>Haber Merkezi<\/p>\n","protected":false},"excerpt":{"rendered":"<p>K\u0131z\u0131la\u011fa\u00e7\u2019ta 3\u2019\u00fc konaklamal\u0131 1\u2019i konaklamas\u0131z 4 par\u00e7a golf alan\u0131 i\u00e7in Mahkeme iptal karar\u0131 verdi Manavgat\u2019ta Ulualan olarak bilinen b\u00f6lgede 3\u2019\u00fc konaklamal\u0131 1 tanesi de konaklamas\u0131z <a href=\"https:\/\/akdenizhaber.com.tr\/index.php\/2024\/03\/14\/ulualan-golf-projesi-iptal-edildi\/\" class=\"read-more-link\">[more&#8230;]<\/a><\/p>\n","protected":false},"author":2,"featured_media":21577,"comment_status":"open","ping_status":"open","sticky":false,"template":"","format":"standard","meta":{"footnotes":""},"categories":[2],"tags":[],"class_list":["post-21576","post","type-post","status-publish","format-standard","has-post-thumbnail","hentry","category-gundem"],"_links":{"self":[{"href":"https:\/\/akdenizhaber.com.tr\/index.php\/wp-json\/wp\/v2\/posts\/21576","targetHints":{"allow":["GET"]}}],"collection":[{"href":"https:\/\/akdenizhaber.com.tr\/index.php\/wp-json\/wp\/v2\/posts"}],"about":[{"href":"https:\/\/akdenizhaber.com.tr\/index.php\/wp-json\/wp\/v2\/types\/post"}],"author":[{"embeddable":true,"href":"https:\/\/akdenizhaber.com.tr\/index.php\/wp-json\/wp\/v2\/users\/2"}],"replies":[{"embeddable":true,"href":"https:\/\/akdenizhaber.com.tr\/index.php\/wp-json\/wp\/v2\/comments?post=21576"}],"version-history":[{"count":0,"href":"https:\/\/akdenizhaber.com.tr\/index.php\/wp-json\/wp\/v2\/posts\/21576\/revisions"}],"wp:featuredmedia":[{"embeddable":true,"href":"https:\/\/akdenizhaber.com.tr\/index.php\/wp-json\/wp\/v2\/media\/21577"}],"wp:attachment":[{"href":"https:\/\/akdenizhaber.com.tr\/index.php\/wp-json\/wp\/v2\/media?parent=21576"}],"wp:term":[{"taxonomy":"category","embeddable":true,"href":"https:\/\/akdenizhaber.com.tr\/index.php\/wp-json\/wp\/v2\/categories?post=21576"},{"taxonomy":"post_tag","embeddable":true,"href":"https:\/\/akdenizhaber.com.tr\/index.php\/wp-json\/wp\/v2\/tags?post=21576"}],"curies":[{"name":"wp","href":"https:\/\/api.w.org\/{rel}","templated":true}]}}