{"id":21568,"date":"2024-03-14T12:38:32","date_gmt":"2024-03-14T09:38:32","guid":{"rendered":"https:\/\/akdenizhaber.com.tr\/?p=21568"},"modified":"2024-03-14T12:38:32","modified_gmt":"2024-03-14T09:38:32","slug":"baskan-av-kucukkuru-altinbesik-magarasini-kultur-ve-sanatin-merkezi-yapacagiz","status":"publish","type":"post","link":"https:\/\/akdenizhaber.com.tr\/index.php\/2024\/03\/14\/baskan-av-kucukkuru-altinbesik-magarasini-kultur-ve-sanatin-merkezi-yapacagiz\/","title":{"rendered":"Ba\u015fkan Av. K\u00fc\u00e7\u00fckkuru: Alt\u0131nbe\u015fik Ma\u011faras\u0131n\u0131 k\u00fclt\u00fcr ve sanat\u0131n merkezi yapaca\u011f\u0131z"},"content":{"rendered":"\n<p><\/p>\n\n\n\n<p>\u0130brad\u0131 Belediye Ba\u015fkan\u0131 ve Ba\u011f\u0131ms\u0131z Belediye Ba\u015fkan\u0131 Aday\u0131 Av. Serkan K\u00fc\u00e7\u00fckkuru, her y\u0131l 100 bin yerli ve yabanc\u0131 turistin ziyaret etti\u011fi d\u00fcnyan\u0131n en uzun T\u00fcrkiye&#8217;nin ikinci uzun ve b\u00fcy\u00fck ma\u011faras\u0131 Alt\u0131n Be\u015fik Ma\u011faras\u0131n\u0131 k\u00fclt\u00fcr ve sanat etkinliklerinin merkezi haline getireceklerini s\u00f6yledi.<\/p>\n\n\n\n<p>Burdur&#8217;un \u0130nsuyu Ma\u011faras\u0131&#8217;n\u0131n k\u00fclt\u00fcr ve sanat etkinlikleri ile ismini duyurdu\u011fu hat\u0131rlatan \u0130brad\u0131 Belediye Ba\u015fkan\u0131 Av. Serkan K\u00fc\u00e7\u00fckkuru,&#8221; \u0130brad\u0131m\u0131z\u0131n \u00dcr\u00fcnl\u00fc Mahallesi s\u0131n\u0131rlar\u0131 i\u00e7inde bulunan Alt\u0131nbe\u015fik Ma\u011faras\u0131n\u0131 1967 y\u0131l\u0131nda ilk&nbsp;&nbsp; ke\u015ffeden ma\u011fara bilimci Timu\u00e7in Aygen olmu\u015ftur. D\u00fcnyan\u0131n en uzun ma\u011faras\u0131 \u00dcr\u00fcnl\u00fc Mahallemizde bulunan Alt\u0131nbe\u015fik Y\u0131ll\u0131k ortalama 100 bin yerli ve yabanc\u0131 turist ziyaret ediyor. Bizde Alt\u0131nbe\u015fik Ma\u011fazam\u0131z\u0131 k\u00fclt\u00fcr ve sanat merkezi haline getirece\u011fiz.&#8221; diye konu\u015ftu.<\/p>\n\n\n\n<p>Abdurrahman B\u00fcy\u00fckkeskin \/ Haber<\/p>\n","protected":false},"excerpt":{"rendered":"<p>\u0130brad\u0131 Belediye Ba\u015fkan\u0131 ve Ba\u011f\u0131ms\u0131z Belediye Ba\u015fkan\u0131 Aday\u0131 Av. Serkan K\u00fc\u00e7\u00fckkuru, her y\u0131l 100 bin yerli ve yabanc\u0131 turistin ziyaret etti\u011fi d\u00fcnyan\u0131n en uzun T\u00fcrkiye&#8217;nin <a href=\"https:\/\/akdenizhaber.com.tr\/index.php\/2024\/03\/14\/baskan-av-kucukkuru-altinbesik-magarasini-kultur-ve-sanatin-merkezi-yapacagiz\/\" class=\"read-more-link\">[more&#8230;]<\/a><\/p>\n","protected":false},"author":2,"featured_media":21569,"comment_status":"open","ping_status":"open","sticky":false,"template":"","format":"standard","meta":{"footnotes":""},"categories":[2],"tags":[],"class_list":["post-21568","post","type-post","status-publish","format-standard","has-post-thumbnail","hentry","category-gundem"],"_links":{"self":[{"href":"https:\/\/akdenizhaber.com.tr\/index.php\/wp-json\/wp\/v2\/posts\/21568","targetHints":{"allow":["GET"]}}],"collection":[{"href":"https:\/\/akdenizhaber.com.tr\/index.php\/wp-json\/wp\/v2\/posts"}],"about":[{"href":"https:\/\/akdenizhaber.com.tr\/index.php\/wp-json\/wp\/v2\/types\/post"}],"author":[{"embeddable":true,"href":"https:\/\/akdenizhaber.com.tr\/index.php\/wp-json\/wp\/v2\/users\/2"}],"replies":[{"embeddable":true,"href":"https:\/\/akdenizhaber.com.tr\/index.php\/wp-json\/wp\/v2\/comments?post=21568"}],"version-history":[{"count":0,"href":"https:\/\/akdenizhaber.com.tr\/index.php\/wp-json\/wp\/v2\/posts\/21568\/revisions"}],"wp:featuredmedia":[{"embeddable":true,"href":"https:\/\/akdenizhaber.com.tr\/index.php\/wp-json\/wp\/v2\/media\/21569"}],"wp:attachment":[{"href":"https:\/\/akdenizhaber.com.tr\/index.php\/wp-json\/wp\/v2\/media?parent=21568"}],"wp:term":[{"taxonomy":"category","embeddable":true,"href":"https:\/\/akdenizhaber.com.tr\/index.php\/wp-json\/wp\/v2\/categories?post=21568"},{"taxonomy":"post_tag","embeddable":true,"href":"https:\/\/akdenizhaber.com.tr\/index.php\/wp-json\/wp\/v2\/tags?post=21568"}],"curies":[{"name":"wp","href":"https:\/\/api.w.org\/{rel}","templated":true}]}}