{"id":21556,"date":"2024-03-14T12:36:25","date_gmt":"2024-03-14T09:36:25","guid":{"rendered":"https:\/\/akdenizhaber.com.tr\/?p=21556"},"modified":"2024-03-14T12:36:25","modified_gmt":"2024-03-14T09:36:25","slug":"unal-durdurak-bilmiyor","status":"publish","type":"post","link":"https:\/\/akdenizhaber.com.tr\/index.php\/2024\/03\/14\/unal-durdurak-bilmiyor\/","title":{"rendered":"\u00dcnal durdurak bilmiyor"},"content":{"rendered":"\n<p><\/p>\n\n\n\n<p>\u0130yi Parti Antalya B\u00fcy\u00fck\u015fehir Belediye Ba\u015fkan Aday\u0131 Nesrin \u00dcnal, \u00e7al\u0131\u015fmalar\u0131na dur durak demeden devam ediyor. Sabah 10\u2019dan gece 11\u2019e kadar Finike\u2019de mesai yapan \u00dcnal, SKM a\u00e7\u0131l\u0131\u015f\u0131na kat\u0131ld\u0131, pazar yeri ve esnaf ziyaret edip d\u00fc\u011f\u00fcne kat\u0131ld\u0131. \u00dcnal, daha sonra Muratpa\u015fa il\u00e7esi I\u015f\u0131klar esnaf\u0131n\u0131 ziyaret etti.&nbsp; \u00dcnal\u2019\u0131 sevgiyle kar\u015f\u0131layan b\u00f6lge esnaf\u0131, \u201c\u0130lk kez b\u00fcy\u00fck\u015fehir aday\u0131 bizi dinliyor. Burada sirk\u00fclasyon yok ve sokak lambalar\u0131 \u00e7al\u0131\u015fm\u0131yor\u201d diyerek dertlerini anlatt\u0131lar&nbsp;<\/p>\n\n\n\n<p>\u0130yi Parti Antalya B\u00fcy\u00fck\u015fehir Belediye Ba\u015fkan Aday\u0131 Nesrin \u00dcnal 24 saati en verimli \u015fekilde kullan\u0131yor. Finike\u2019ye giderek Pazar esnaf\u0131n\u0131 ve vatanda\u015f\u0131 ziyaret eden \u00dcnal, Yuval\u0131 k\u00f6y\u00fcnde d\u00fc\u011f\u00fcne kat\u0131ld\u0131. Finike Belediye Ba\u015fkan Aday\u0131 Mehmet D\u00fclgero\u011flu\u2019nun SKM a\u00e7\u0131l\u0131\u015f\u0131na kat\u0131lan \u00dcnal, sabah saat 10\u2019dan gece 11\u2019e kadar Finike\u2019de \u00e7al\u0131\u015ft\u0131. Burada alt yap\u0131 yat\u0131r\u0131mlar\u0131ndan bahseden \u00dcnal, Yetersiz altyap\u0131 ve yanl\u0131\u015f \u015fehirle\u015fme Antalya&#8217;m\u0131z\u0131n kronikle\u015fen sorunlar\u0131 haline geldi\u011finden, yapaca\u011f\u0131m\u0131z radikal hamlelerle \u00f6ncelikli olarak Antalya&#8217;n\u0131n altyap\u0131 sorunlar\u0131n\u0131 ve \u015fehrimizdeki yerle\u015fim hatalar\u0131n\u0131 \u00e7\u00f6zmeyi hedefleyece\u011fiz. \u015eehrimizdeki t\u00fcm sivil toplum kurulu\u015flar\u0131, odalar ve \u00fcniversitelerle ortak \u00e7al\u0131\u015farak, t\u00fcm payda\u015flar\u0131n \u00fczerine hemfikir kalaca\u011f\u0131, bilim ve fen kurallar\u0131na uygun, 50 y\u0131ll\u0131k bir Antalya \u015fehir plan\u0131 \u00fczerine \u00e7al\u0131\u015faca\u011f\u0131z. D\u00fcnyada de\u011fi\u015fen hava ko\u015fullar\u0131 sonucunda \u015fehrimizde muson iklimini ya- \u015famaya ba\u015flad\u0131\u011f\u0131m\u0131zdan da g\u00f6rebilece\u011fimiz gibi, iklim de\u011fi\u015fikli\u011fi gelecek- te en b\u00fcy\u00fck sorunlar\u0131m\u0131zdan biri olacak. \u00c7evre odakl\u0131 belediyecilik anlay\u0131\u015f\u0131m\u0131zla iklim de\u011fi\u015fikli\u011finin etkilerinden korunmaya y\u00f6nelik hareket edece\u011fiz. Sel, yang\u0131n, deprem gibi afetlere kar\u015f\u0131 \u00f6nlemler alacak, uzun vadeli planlama anlay\u0131\u015f\u0131m\u0131z\u0131 afetle ve iklim de\u011fi\u015fikli\u011fi ile m\u00fccadelede \u00f6ne \u00e7\u0131karacak ve \u015fehrimizin altyap\u0131s\u0131n\u0131 bu anlay\u0131\u015fla kurgulayaca\u011f\u0131z\u201d diye konu\u015ftu.<\/p>\n\n\n\n<p>YA\u015eANAB\u0130L\u0130R B\u0130R KENT YARATACA\u011eIZ<\/p>\n\n\n\n<p>\u00dcnal, Finike program\u0131n\u0131n ard\u0131ndan merkeze gelerek Muratpa\u015fa il\u00e7esi I\u015f\u0131klar ve Atat\u00fcrk Caddesi\u2019ni ziyaret etti. \u0130yi Parti Antalya B\u00fcy\u00fck\u015fehir Belediye Ba\u015fkan Aday\u0131 \u00dcnal\u2019\u0131 sevgiyle kar\u015f\u0131layan b\u00f6lge esnaf\u0131, ilk kez bir b\u00fcy\u00fck\u015fehir aday\u0131n\u0131n kendilerini dinledi\u011fini s\u00f6ylediler. Esnaf, sokak lambalar\u0131n\u0131n \u00e7al\u0131\u015fmamas\u0131ndan ve sirk\u00fclasyonun azl\u0131\u011f\u0131ndan \u015fikayet\u00e7i oldu. Esnaf\u0131 kalk\u0131nd\u0131racak projelerle geldiklerini s\u00f6yleyen \u00dcnal, \u201cModern kamusal ya\u015fam kriterlerine uygun, do\u011faya sayg\u0131l\u0131, s\u00fcrd\u00fcr\u00fclebilir \u015fehir yaratma vizyonumuzla Antalya&#8217;m\u0131z\u0131 \u00f6rnek kent haline getirmek i\u00e7in t\u00fcm kadrolar\u0131m\u0131z\u0131 seferber edece\u011fiz. Antalya&#8217;m\u0131z\u0131 aya\u011fa kald\u0131rma vizyonumuzu Bizim \u015eehrimiz Projesi b\u00fcnyesinde, insan\u0131m\u0131zla bar\u0131\u015f\u0131k bir bi\u00e7imde ger\u00e7ekle\u015ftirece\u011fiz. Modern kentle\u015fme anlay\u0131\u015f\u0131m\u0131z ve do\u011faya sayg\u0131l\u0131, ya\u015fanabilir, s\u00fcrd\u00fcr\u00fclebilir \u015fehirler yaratma anlay\u0131\u015f\u0131m\u0131zla birlikte, Antalya&#8217;n\u0131n yeni bir \u00e7ehreye b\u00fcr\u00fcnmesini sa\u011flayaca\u011f\u0131m\u0131z Bizim \u015eehrimiz Projesi \u00e7er\u00e7evesinde, \u015fehrimizdeki t\u00fcm eskimi\u015f ar\u0131tma tesislerini yenileyece\u011fiz. Bina ve parsel bazl\u0131 kentsel d\u00f6n\u00fc\u015f\u00fcm projelerinden vazge\u00e7ece\u011fiz. Kentsel d\u00f6n\u00fc\u015f\u00fcm projelerini b\u00fcy\u00fck alanlarda modern \u015fehirle\u015fme anlay\u0131\u015f\u0131 ile yapaca\u011f\u0131z. Kenti daha fazla betona bo\u011fmayaca\u011f\u0131z. Kentsel d\u00f6n\u00fc\u015f\u00fcmde radikal ve cesur kararlar al\u0131p gelece\u011fimize sahip \u00e7\u0131kaca\u011f\u0131z\u201d dedi.<\/p>\n\n\n\n<p>ANTALYA\u2019YI RANTA KURBAN ETMEYECE\u011e\u0130Z<\/p>\n\n\n\n<p>\u00dcnal, konu\u015fmas\u0131n\u0131n devam\u0131nda, \u201c\u015eehrimizdeki k\u00fc\u00e7\u00fck yerle\u015fim b\u00f6lgelerinin ve k\u0131rsal alanlar\u0131n imar planlar\u0131 olmad\u0131\u011f\u0131ndan, bu alanlar i\u00e7in do\u011fal, tarihi, k\u00fclt\u00fcrel, tar\u0131msal dokular\u0131na uygun imar planlar\u0131 yaparak bu \u00f6nemli eksikli\u011fi giderece\u011fiz. \u0130mar plan\u0131 eksikli\u011finden dolay\u0131 ka\u00e7ak yap\u0131la\u015fmaya a\u00e7\u0131lan b\u00f6lgelerde imar planlar\u0131 geli\u015ftirerek kent dokusuna ve fen kurallar\u0131na uygun yap\u0131la\u015fmay\u0131 sa\u011flayaca\u011f\u0131z. Sosyal donat\u0131 alanlar\u0131n\u0131 t\u00fcm altyap\u0131 ve \u00fcstyap\u0131 ihtiya\u00e7lar\u0131n\u0131 g\u00f6zeterek tam anlam\u0131yla planlayaca\u011f\u0131z. \u015eehrimizde s\u0131k\u00e7a g\u00f6r\u00fclen, ya\u015fam alanlar\u0131m\u0131z\u0131 ve do\u011fam\u0131z\u0131 ranta kurban eden imar anlay\u0131\u015f\u0131n\u0131 bitirece\u011fiz. Sosyal donat\u0131 alan\u0131 ve altyap\u0131 yetersizli\u011fi ya\u015fatan imar planlar\u0131n\u0131n sorunlar\u0131n\u0131 \u00e7\u00f6zecek, yeni imara a\u00e7\u0131lacak b\u00f6lgelerde ilgili kanun ve mevzuatlara uygun bir bi\u00e7imde, imar planlar\u0131n\u0131 \u015feffaf bir anlay\u0131\u015fla olu\u015fturaca\u011f\u0131z. B\u00f6lgemizin katma de\u011ferini ve tan\u0131n\u0131rl\u0131\u011f\u0131n\u0131 art\u0131rarak halk\u0131m\u0131za ekonomik katk\u0131 sunaca\u011f\u0131z\u201d diye konu\u015ftu.<\/p>\n\n\n\n<p>Haber Merkezi<\/p>\n","protected":false},"excerpt":{"rendered":"<p>\u0130yi Parti Antalya B\u00fcy\u00fck\u015fehir Belediye Ba\u015fkan Aday\u0131 Nesrin \u00dcnal, \u00e7al\u0131\u015fmalar\u0131na dur durak demeden devam ediyor. Sabah 10\u2019dan gece 11\u2019e kadar Finike\u2019de mesai yapan \u00dcnal, SKM <a href=\"https:\/\/akdenizhaber.com.tr\/index.php\/2024\/03\/14\/unal-durdurak-bilmiyor\/\" class=\"read-more-link\">[more&#8230;]<\/a><\/p>\n","protected":false},"author":2,"featured_media":21557,"comment_status":"open","ping_status":"open","sticky":false,"template":"","format":"standard","meta":{"footnotes":""},"categories":[2],"tags":[],"class_list":["post-21556","post","type-post","status-publish","format-standard","has-post-thumbnail","hentry","category-gundem"],"_links":{"self":[{"href":"https:\/\/akdenizhaber.com.tr\/index.php\/wp-json\/wp\/v2\/posts\/21556","targetHints":{"allow":["GET"]}}],"collection":[{"href":"https:\/\/akdenizhaber.com.tr\/index.php\/wp-json\/wp\/v2\/posts"}],"about":[{"href":"https:\/\/akdenizhaber.com.tr\/index.php\/wp-json\/wp\/v2\/types\/post"}],"author":[{"embeddable":true,"href":"https:\/\/akdenizhaber.com.tr\/index.php\/wp-json\/wp\/v2\/users\/2"}],"replies":[{"embeddable":true,"href":"https:\/\/akdenizhaber.com.tr\/index.php\/wp-json\/wp\/v2\/comments?post=21556"}],"version-history":[{"count":0,"href":"https:\/\/akdenizhaber.com.tr\/index.php\/wp-json\/wp\/v2\/posts\/21556\/revisions"}],"wp:featuredmedia":[{"embeddable":true,"href":"https:\/\/akdenizhaber.com.tr\/index.php\/wp-json\/wp\/v2\/media\/21557"}],"wp:attachment":[{"href":"https:\/\/akdenizhaber.com.tr\/index.php\/wp-json\/wp\/v2\/media?parent=21556"}],"wp:term":[{"taxonomy":"category","embeddable":true,"href":"https:\/\/akdenizhaber.com.tr\/index.php\/wp-json\/wp\/v2\/categories?post=21556"},{"taxonomy":"post_tag","embeddable":true,"href":"https:\/\/akdenizhaber.com.tr\/index.php\/wp-json\/wp\/v2\/tags?post=21556"}],"curies":[{"name":"wp","href":"https:\/\/api.w.org\/{rel}","templated":true}]}}