{"id":21547,"date":"2024-03-14T12:34:26","date_gmt":"2024-03-14T09:34:26","guid":{"rendered":"https:\/\/akdenizhaber.com.tr\/?p=21547"},"modified":"2024-03-14T12:34:26","modified_gmt":"2024-03-14T09:34:26","slug":"buyuksehir-belediyesi-ataturk-spor-salonunda-iftar-sofrasi-kurdu","status":"publish","type":"post","link":"https:\/\/akdenizhaber.com.tr\/index.php\/2024\/03\/14\/buyuksehir-belediyesi-ataturk-spor-salonunda-iftar-sofrasi-kurdu\/","title":{"rendered":"B\u00fcy\u00fck\u015fehir Belediyesi Atat\u00fcrk Spor Salonu\u2019nda iftar sofras\u0131 kurdu"},"content":{"rendered":"\n<p><\/p>\n\n\n\n<p>Antalya B\u00fcy\u00fck\u015fehir Belediyesi, birlik, beraberlik ve payla\u015fman\u0131n artt\u0131\u011f\u0131 art\u0131\u011f\u0131 Ramazan ay\u0131 boyunca Atat\u00fcrk Spor Salonu\u2019nda iftar saatinde vatanda\u015flara s\u0131cak yemek ikram\u0131nda bulunuyor.<\/p>\n\n\n\n<p>Antalya B\u00fcy\u00fck\u015fehir Belediyesi, birlik, beraberlik ve payla\u015fman\u0131n artt\u0131\u011f\u0131 Ramazan ay\u0131nda Antalya\u2019n\u0131n farkl\u0131 noktalar\u0131nda s\u0131cak yemek da\u011f\u0131t\u0131yor. B\u00fcy\u00fck\u015fehir Belediyesi, Karaalio\u011flu Park\u0131 \u0130\u00e7i Atat\u00fcrk Spor Salonu\u2019nda Ramazan ay\u0131 boyunca vatanda\u015flara iftar saatinde s\u0131cak yemek ikram\u0131nda bulunuyor. Atat\u00fcrk Spor Salonu\u2019nda her g\u00fcn 1200 ki\u015filik yemek da\u011f\u0131t\u0131l\u0131yor. Vatanda\u015flar\u0131n yo\u011fun ilgi g\u00f6sterdi\u011fi iftar sofralar\u0131nda her g\u00fcn 4 \u00e7e\u015fit yemek ikram ediliyor.<\/p>\n\n\n\n<p>ALANYA VE MANAVGAT\u2019TA \u0130FTAR SOFRASI<\/p>\n\n\n\n<p>Antalya B\u00fcy\u00fck\u015fehir Belediyesi, ayr\u0131ca Ramazan ay\u0131 boyunca Manavgat ve Alanya\u2019da da vatanda\u015flara iftar sofras\u0131 kuruyor. Alanya N\u00fcfus M\u00fcd\u00fcrl\u00fc\u011f\u00fc kar\u015f\u0131s\u0131ndaki Hac\u0131memi\u015fler Camii \u00f6n\u00fc ve Manavgat Sar\u0131lar Mahallesi Ece D\u00fc\u011f\u00fcn Salonu\u2019nda her ak\u015fam vatanda\u015flara s\u0131cak yemek ikram\u0131 yap\u0131l\u0131yor. B\u00fcy\u00fck\u015fehir Belediyesi Mobil A\u015fevinde her g\u00fcn Antalya\u2019n\u0131n farkl\u0131 mahallelerinde s\u0131cak yemek da\u011f\u0131t\u0131yor.<\/p>\n\n\n\n<p>RAMAZAN ETK\u0130NL\u0130KLER\u0130NDE ENVER \u00c7ATAL SAHNE ALDI<\/p>\n\n\n\n<p>Antalya B\u00fcy\u00fck\u015fehir Belediyesi\u2019nin 11 ay\u0131n sultan\u0131 Ramazan\u2019da Karaalio\u011flu Park\u0131 i\u00e7erisinde d\u00fczenledi\u011fi Ramazan etkinlikleriyle Ramazan nostaljisi ya\u015fat\u0131yor. Ramazan etkinlikleri kapsam\u0131nda T\u00fcrk Halk M\u00fczi\u011fi Sanat\u00e7\u0131s\u0131 Enver \u00c7atal, Antalyal\u0131larda bulu\u015ftu. Enver \u00c7atal, s\u00f6yledi\u011fi t\u00fcrk\u00fclerle vatanda\u015flara keyifli bir Ramazan ak\u015fam\u0131 ya\u015fatt\u0131.<\/p>\n\n\n\n<p>Antalya B\u00fcy\u00fck\u015fehir Belediyesi \/ B\u00fclten<\/p>\n","protected":false},"excerpt":{"rendered":"<p>Antalya B\u00fcy\u00fck\u015fehir Belediyesi, birlik, beraberlik ve payla\u015fman\u0131n artt\u0131\u011f\u0131 art\u0131\u011f\u0131 Ramazan ay\u0131 boyunca Atat\u00fcrk Spor Salonu\u2019nda iftar saatinde vatanda\u015flara s\u0131cak yemek ikram\u0131nda bulunuyor. Antalya B\u00fcy\u00fck\u015fehir Belediyesi, <a href=\"https:\/\/akdenizhaber.com.tr\/index.php\/2024\/03\/14\/buyuksehir-belediyesi-ataturk-spor-salonunda-iftar-sofrasi-kurdu\/\" class=\"read-more-link\">[more&#8230;]<\/a><\/p>\n","protected":false},"author":2,"featured_media":21548,"comment_status":"open","ping_status":"open","sticky":false,"template":"","format":"standard","meta":{"footnotes":""},"categories":[2],"tags":[],"class_list":["post-21547","post","type-post","status-publish","format-standard","has-post-thumbnail","hentry","category-gundem"],"_links":{"self":[{"href":"https:\/\/akdenizhaber.com.tr\/index.php\/wp-json\/wp\/v2\/posts\/21547","targetHints":{"allow":["GET"]}}],"collection":[{"href":"https:\/\/akdenizhaber.com.tr\/index.php\/wp-json\/wp\/v2\/posts"}],"about":[{"href":"https:\/\/akdenizhaber.com.tr\/index.php\/wp-json\/wp\/v2\/types\/post"}],"author":[{"embeddable":true,"href":"https:\/\/akdenizhaber.com.tr\/index.php\/wp-json\/wp\/v2\/users\/2"}],"replies":[{"embeddable":true,"href":"https:\/\/akdenizhaber.com.tr\/index.php\/wp-json\/wp\/v2\/comments?post=21547"}],"version-history":[{"count":0,"href":"https:\/\/akdenizhaber.com.tr\/index.php\/wp-json\/wp\/v2\/posts\/21547\/revisions"}],"wp:featuredmedia":[{"embeddable":true,"href":"https:\/\/akdenizhaber.com.tr\/index.php\/wp-json\/wp\/v2\/media\/21548"}],"wp:attachment":[{"href":"https:\/\/akdenizhaber.com.tr\/index.php\/wp-json\/wp\/v2\/media?parent=21547"}],"wp:term":[{"taxonomy":"category","embeddable":true,"href":"https:\/\/akdenizhaber.com.tr\/index.php\/wp-json\/wp\/v2\/categories?post=21547"},{"taxonomy":"post_tag","embeddable":true,"href":"https:\/\/akdenizhaber.com.tr\/index.php\/wp-json\/wp\/v2\/tags?post=21547"}],"curies":[{"name":"wp","href":"https:\/\/api.w.org\/{rel}","templated":true}]}}