{"id":21541,"date":"2024-03-14T12:29:41","date_gmt":"2024-03-14T09:29:41","guid":{"rendered":"https:\/\/akdenizhaber.com.tr\/?p=21541"},"modified":"2024-03-14T12:29:41","modified_gmt":"2024-03-14T09:29:41","slug":"akdeniz-universitesi-hastanesine-hayirsever-destegi","status":"publish","type":"post","link":"https:\/\/akdenizhaber.com.tr\/index.php\/2024\/03\/14\/akdeniz-universitesi-hastanesine-hayirsever-destegi\/","title":{"rendered":"Akdeniz \u00dcniversitesi Hastanesi\u2019ne hay\u0131rsever deste\u011fi"},"content":{"rendered":"\n<p><\/p>\n\n\n\n<p>Akdeniz \u00dcniversitesi Hastanesi\u2019ne hay\u0131rsever \u015e\u00fckr\u00fc \u00dclker deste\u011fi ile ek odalar kazand\u0131r\u0131ld\u0131. Rekt\u00f6r Prof. Dr. \u00d6zlenen \u00d6zkan, \u201cHay\u0131rseverlerimizin destekleri ve kurumlar\u0131m\u0131z\u0131n i\u015f birlikleri bize b\u00fcy\u00fck g\u00fc\u00e7 kat\u0131yor.\u201d dedi.<\/p>\n\n\n\n<p>Akdeniz \u00dcniversitesi ile Splaza A.\u015e. aras\u0131nda Akdeniz \u00dcniversitesi Hastanesi\u2019ne yeni odalar\u0131n kazand\u0131r\u0131lmas\u0131 i\u00e7in i\u015f birli\u011fi protokol\u00fc imzaland\u0131. Y\u00f6netim Kurulu Salonu\u2019nda ger\u00e7ekle\u015ftirilen imza t\u00f6renine Akdeniz \u00dcniversitesi Rekt\u00f6r\u00fc Prof. Dr. \u00d6zlenen \u00d6zkan, Rekt\u00f6r Yard\u0131mc\u0131s\u0131 Prof. Dr. Ay\u015fe G\u00fclbin Ar\u0131c\u0131, Hastane Ba\u015fhekimi Prof. Dr. Y\u0131ld\u0131ray \u00c7ete ile SplazaA.\u015e. Sahibi \u015e\u00fckr\u00fc \u00dclker ve e\u015fi kat\u0131ld\u0131. Protokol kapsam\u0131nda d\u00fczenlemesi yap\u0131larak a\u00e7\u0131lacak odalara, \u015e\u00fckr\u00fc \u00dclker\u2019in kaybetti\u011fi annesi Aysel \u00dclker\u2019in ismi verilecek.<\/p>\n\n\n\n<p><strong>SADECE \u00dcN\u0130VERS\u0130TEYE DE\u011e\u0130L \u015eEHR\u0130M\u0130ZE KATKI<\/strong><\/p>\n\n\n\n<p>\u015e\u00fckr\u00fc \u00dclker\u2019in vefat eden annesine rahmet dileyerek s\u00f6zlerine ba\u015flayan Akdeniz \u00dcniversitesi Rekt\u00f6r\u00fc Prof. Dr. \u00d6zlenen \u00d6zkan, \u201c\u00c7ok k\u0131ymetli bir i\u015f yap\u0131yorsunuz. Akdeniz \u00dcniversitesi bir devlet kurumu ama ba\u011f\u0131\u015f\u00e7\u0131lar\u0131n bize olan katk\u0131s\u0131 \u00e7ok k\u0131ymetli. \u00c7ok te\u015fekk\u00fcr ediyoruz. Yapt\u0131\u011f\u0131n\u0131z ba\u011f\u0131\u015flar\u0131n katk\u0131s\u0131 \u00e7ok uzun s\u00fcreli oluyor ve bir\u00e7ok insan sebepleniyor. Bu protokol ayn\u0131 zamanda, \u015fehrimizdeki dayan\u0131\u015fma ruhunun ne kadar g\u00fc\u00e7l\u00fc oldu\u011funu bir kez daha g\u00f6stermektedir. Bu i\u015f birliklerinin sadece \u00fcniversitemize ya da hastanemize de\u011fil, ayn\u0131 zamanda t\u00fcm topluma fayda sa\u011flayaca\u011f\u0131na inan\u0131yoruz. Deste\u011finiz i\u00e7in te\u015fekk\u00fcr ediyoruz. Umar\u0131m bu protokol\u00fcm\u00fcz ba\u015fka insanlar i\u00e7inde fark\u0131ndal\u0131k yarat\u0131r. \u015e\u00fckr\u00fc bey sa\u011f olun, var olun.\u201d diye konu\u015ftu.<\/p>\n\n\n\n<p><strong>B\u0130R YILDA 1.4 M\u0130LYON HASTA H\u0130ZMET ALIYOR<\/strong><\/p>\n\n\n\n<p>Akdeniz \u00dcniversitesi Hastanesinin \u015fehir i\u00e7in \u00e7ok \u00f6nemli bir ihtiyac\u0131 kar\u015f\u0131lad\u0131\u011f\u0131n\u0131n alt\u0131n\u0131 \u00e7izen Rekt\u00f6r Prof. Dr. \u00d6zlenen \u00d6zkan, \u201c2023 y\u0131l\u0131nda hastanemize ba\u015fvuran hasta say\u0131s\u0131 1 milyon 400 bin seviyesindeydi. Bir y\u0131lda yap\u0131lan ameliyat say\u0131s\u0131 ise 70 bine yakla\u015ft\u0131. Sadece bu rakamlar bile \u00dcniversite hastanemizin yapt\u0131\u011f\u0131 hizmetin b\u00fcy\u00fckl\u00fc\u011f\u00fcn\u00fc g\u00f6steriyor. Daha \u00e7ok ki\u015fiye, daha kaliteli sa\u011fl\u0131k hizmeti sunmak i\u00e7in de \u00e7al\u0131\u015fmalar\u0131m\u0131z\u0131 s\u00fcrd\u00fcr\u00fcyoruz. Bu noktada hay\u0131rseverlerimiz destekleri ve kurumlar\u0131m\u0131z\u0131n i\u015f birlikleri bize b\u00fcy\u00fck g\u00fc\u00e7 kat\u0131yor.\u201d a\u00e7\u0131klamas\u0131nda bulundu.<\/p>\n\n\n\n<p>Hay\u0131rsever \u015e\u00fckr\u00fc \u00dclker ise her zaman Akdeniz \u00dcniversitesi\u2019nin yan\u0131nda olduklar\u0131n\u0131 s\u00f6yledi. Protokol\u00fcn imzalanmas\u0131n\u0131n ard\u0131ndan toplu foto\u011fraf \u00e7ekimi ger\u00e7ekle\u015ftirildi. Protokol t\u00f6renine i\u015f insan\u0131 Cihan Bulut da kat\u0131ld\u0131.<\/p>\n\n\n\n<p>Akdeniz \u00dcniversitesi Rekt\u00f6rl\u00fc\u011f\u00fc \/ B\u00fclten<\/p>\n","protected":false},"excerpt":{"rendered":"<p>Akdeniz \u00dcniversitesi Hastanesi\u2019ne hay\u0131rsever \u015e\u00fckr\u00fc \u00dclker deste\u011fi ile ek odalar kazand\u0131r\u0131ld\u0131. Rekt\u00f6r Prof. Dr. \u00d6zlenen \u00d6zkan, \u201cHay\u0131rseverlerimizin destekleri ve kurumlar\u0131m\u0131z\u0131n i\u015f birlikleri bize b\u00fcy\u00fck g\u00fc\u00e7 <a href=\"https:\/\/akdenizhaber.com.tr\/index.php\/2024\/03\/14\/akdeniz-universitesi-hastanesine-hayirsever-destegi\/\" class=\"read-more-link\">[more&#8230;]<\/a><\/p>\n","protected":false},"author":2,"featured_media":21542,"comment_status":"open","ping_status":"open","sticky":false,"template":"","format":"standard","meta":{"footnotes":""},"categories":[2],"tags":[],"class_list":["post-21541","post","type-post","status-publish","format-standard","has-post-thumbnail","hentry","category-gundem"],"_links":{"self":[{"href":"https:\/\/akdenizhaber.com.tr\/index.php\/wp-json\/wp\/v2\/posts\/21541","targetHints":{"allow":["GET"]}}],"collection":[{"href":"https:\/\/akdenizhaber.com.tr\/index.php\/wp-json\/wp\/v2\/posts"}],"about":[{"href":"https:\/\/akdenizhaber.com.tr\/index.php\/wp-json\/wp\/v2\/types\/post"}],"author":[{"embeddable":true,"href":"https:\/\/akdenizhaber.com.tr\/index.php\/wp-json\/wp\/v2\/users\/2"}],"replies":[{"embeddable":true,"href":"https:\/\/akdenizhaber.com.tr\/index.php\/wp-json\/wp\/v2\/comments?post=21541"}],"version-history":[{"count":0,"href":"https:\/\/akdenizhaber.com.tr\/index.php\/wp-json\/wp\/v2\/posts\/21541\/revisions"}],"wp:featuredmedia":[{"embeddable":true,"href":"https:\/\/akdenizhaber.com.tr\/index.php\/wp-json\/wp\/v2\/media\/21542"}],"wp:attachment":[{"href":"https:\/\/akdenizhaber.com.tr\/index.php\/wp-json\/wp\/v2\/media?parent=21541"}],"wp:term":[{"taxonomy":"category","embeddable":true,"href":"https:\/\/akdenizhaber.com.tr\/index.php\/wp-json\/wp\/v2\/categories?post=21541"},{"taxonomy":"post_tag","embeddable":true,"href":"https:\/\/akdenizhaber.com.tr\/index.php\/wp-json\/wp\/v2\/tags?post=21541"}],"curies":[{"name":"wp","href":"https:\/\/api.w.org\/{rel}","templated":true}]}}