{"id":21526,"date":"2024-03-13T11:57:18","date_gmt":"2024-03-13T08:57:18","guid":{"rendered":"https:\/\/akdenizhaber.com.tr\/?p=21526"},"modified":"2024-03-13T11:57:18","modified_gmt":"2024-03-13T08:57:18","slug":"colakli-ve-tasagilda-niyazi-nefi-kara-coskusu","status":"publish","type":"post","link":"https:\/\/akdenizhaber.com.tr\/index.php\/2024\/03\/13\/colakli-ve-tasagilda-niyazi-nefi-kara-coskusu\/","title":{"rendered":"\u00c7olakl\u0131 ve Ta\u015fa\u011f\u0131l\u2019da Niyazi Nefi Kara Co\u015fkusu"},"content":{"rendered":"\n<p><\/p>\n\n\n\n<p>Cumhuriyet Halk Partisi (CHP) Manavgat Belediye Ba\u015fkan Aday\u0131 \u201cHalk\u0131n Doktoru\u201d Niyazi Nefi Kara, Manavgat\u2019\u0131 ileri ta\u015f\u0131yacak olan vizyon projelerini halka anlatmak amac\u0131yla \u00c7olakl\u0131 ve Ta\u015fa\u011f\u0131l Mahalleleri\u2019nde binlerce ki\u015finin kat\u0131l\u0131m\u0131yla halk bulu\u015fmas\u0131 ger\u00e7ekle\u015ftirdi. Ba\u015fkan Aday\u0131 Nefi Kara\u2019n\u0131n halk bulu\u015fmas\u0131na e\u015fi Hacer Ceyhan Kara, Manavgat Belediye Ba\u015fkan\u0131 \u015e\u00fckr\u00fc S\u00f6zen, CHP Manavgat \u0130l\u00e7e Ba\u015fkan\u0131 Oykun Ba\u015far, CHP Se\u00e7im Komitesi Ba\u015fkan\u0131 Abbas Tarak\u00e7\u0131, belediye meclis \u00fcyesi adaylar\u0131, CHP Antalya Milletvekilleri Aliye Co\u015far ve Cavit Ar\u0131 ile CHP Antalya \u0130l Ba\u015fkan\u0131 Nail Kamac\u0131 ve Antalya B\u00fcy\u00fck\u015fehir Belediye Ba\u015fkan\u0131 Muhittin B\u00f6cek kat\u0131ld\u0131. Kapal\u0131 Pazar yerlerinde ger\u00e7ekle\u015fen halk bulu\u015fmas\u0131na saatler \u00f6ncesinden gelen binlerce vatanda\u015f, Antalya B\u00fcy\u00fck\u015fehir Belediye Ba\u015fkan\u0131 ve Aday\u0131 Muhittin B\u00f6cek ve Manavgat Belediye Ba\u015fkan Aday\u0131 Nefi Kara\u2019y\u0131 b\u00fcy\u00fck bir sevgi, co\u015fku ve samimiyetle kar\u015f\u0131lad\u0131.<\/p>\n\n\n\n<p>ALTIN \u00c7A\u011eI MI YOKSULUK \u00c7A\u011eI MI<\/p>\n\n\n\n<p>CHP Manavgat Belediye Ba\u015fkan Aday\u0131 Niyazi Nefi Kara, halka hitaben yapt\u0131\u011f\u0131 konu\u015fmada ekonomiden sa\u011fl\u0131\u011fa, vizyon projelerden Manavgat\u2019\u0131n de\u011ferlerine kadar bir\u00e7ok konuda a\u00e7\u0131klamalarda bulundu. Ba\u015fkan Aday\u0131 Niyazi Nefi Kara, \u201cBu d\u00fcnyada \u00f6l\u00fcm var, yoksulluk var, zul\u00fcm var, e\u011fme ba\u015f\u0131n\u0131 namerde yan\u0131nda y\u00f6r\u00fckler var diye bir s\u00f6z\u00fcm\u00fcz var. Tabi ki bir y\u00f6r\u00fck olarak yan\u0131mda y\u00f6r\u00fckler olacak. Kimse de bize ba\u015f\u0131m\u0131z\u0131 e\u011fdiremez biz iki yerde diz \u00e7\u00f6keriz; bir zeybek oynarken bir de secde ederken. Bir adam geliyor haberin var m\u0131? Bir adam var ki s\u00f6z\u00fcn\u00fcn eri, adam geliyor i\u00e7imizden biri. \u00d6ncelikle M\u00fcbarek Ramazan ay\u0131n\u0131n hepimize hay\u0131rl\u0131 olmas\u0131n\u0131 diliyorum. Ramazan ay\u0131n\u0131n en b\u00fcy\u00fck \u00f6zelli\u011fi a\u00e7 kalmak de\u011fil, kendi nefsimizi terbiye etmektir, ar\u0131nmakt\u0131r. Allah hepimize nasip etsin diyorum. Kendi evlad\u0131n\u0131z geldi, sizin evlad\u0131n\u0131z geldi, Toroslardan indi geldi hepiniz gibi ve sizin evlad\u0131n\u0131z size geldi, size hizmet etmeye geldi. Bug\u00fcne kadar oldu\u011fu gibi in\u015fallah 1 Nisan\u2019dan itibaren de bu ekiple sizlere hizmet etmeye geldik. Yolda gelirken bir \u015fey g\u00f6rd\u00fcm alt\u0131n \u00e7a\u011fdan bahsediyorlar, biz onlar\u0131n alt\u0131n \u00e7a\u011f\u0131n\u0131 nerede g\u00f6rd\u00fck biliyor musunuz? Ka\u00e7 g\u00fcn oldu Erzincan \u0130li\u00e7\u2019te 9 i\u015f\u00e7i karde\u015fimiz g\u00f6\u00e7\u00fc\u011f\u00fcn alt\u0131nda orada eriyor, kemikleri eriyor i\u015fte onlar\u0131n alt\u0131n \u00e7a\u011fdan anlad\u0131klar\u0131 bu!&nbsp; Bunlar bizim insan\u0131m\u0131z\u0131n kemiklerine kadar erimesini bekliyorlar ve alt\u0131n \u00e7a\u011f\u0131ndan bahsettikleri bir yandan alt\u0131n fiyatlar\u0131n\u0131 artt\u0131rmak bir taraftan da yabanc\u0131 firmalara bizim memleketimizi pe\u015fke\u015f \u00e7ekmek ve insanlar\u0131m\u0131z\u0131 da \u00f6l\u00fcme terk etmektir. Cesetlerini bile \u00e7\u0131karamad\u0131lar, yaz\u0131klar olsun diyorum onlara\u201d dedi.<\/p>\n\n\n\n<p>MUH\u0130TT\u0130N BA\u015eKANLA MANAVGAT\u2019A H\u0130ZMET EDECE\u011e\u0130Z<\/p>\n\n\n\n<p>Antalya B\u00fcy\u00fck\u015fehir Belediye Ba\u015fkan\u0131 Muhittin B\u00f6cek\u2019in il\u00e7eler baz\u0131nda en b\u00fcy\u00fck ikinci yat\u0131r\u0131m\u0131 Manavgat\u2019a yapt\u0131\u011f\u0131n\u0131 belirten Ba\u015fkan Aday\u0131 Niyazi Nefi Kara, 5 y\u0131ll\u0131k s\u00fcre\u00e7 i\u00e7erisinde yapacaklar\u0131 m\u00fc\u015fterek \u00e7al\u0131\u015fmalarla halk\u0131n sorunlar\u0131n\u0131 beraber \u00e7\u00f6zeceklerini dile getirdi. Ba\u015fkan Aday\u0131 Kara, \u201cBizleri yaln\u0131z b\u0131rakmayan de\u011ferli b\u00fcy\u00fck\u015fehir belediye ba\u015fkan\u0131m\u0131z Say\u0131n Muhittin B\u00f6cek ba\u015fkan\u0131ma \u00f6ncelikle te\u015fekk\u00fcr ediyorum. Kendisinin ger\u00e7ekten Manavgat\u2019a b\u00fcy\u00fck hizmetleri ve projeleri oldu.Ta\u015fa\u011f\u0131l Mahalle\u2019mizde hayata ge\u00e7irdi\u011fi sulama sistemiyle birlikte \u00fcreticimizin ve \u00e7ift\u00e7imizin b\u00fcy\u00fck bir sorununu ortadan kald\u0131rd\u0131.\u00d6n\u00fcm\u00fczdeki 5 y\u0131ll\u0131k s\u00fcre\u00e7te kendisiyle birlikte Manavgat\u2019\u0131m\u0131z\u0131n bir\u00e7ok sorununu beraber \u00e7\u00f6zece\u011fiz. Bir eli daima Manavgat\u2019\u0131n \u00fcst\u00fcnde olacak. Muhittin ba\u015fkan\u0131m ve bizler Manavgat\u2019\u0131n gece g\u00fcnd\u00fcz demeden emrinde olaca\u011f\u0131z\u201d dedi.<\/p>\n\n\n\n<p>MANAVGAT\u2019IN DE\u011eERLER\u0130NE SAH\u0130P \u00c7IKACA\u011eIZ<\/p>\n\n\n\n<p>Ba\u015fkan Aday\u0131 Niyazi Nefi Kara halk\u0131n b\u00fcy\u00fck bir dar bo\u011fazda oldu\u011funu ve kentin de\u011ferlerinin ellerinden al\u0131nmak istedi\u011fini s\u00f6yledi. Kara, \u201cEt fiyatlar\u0131na vatanda\u015f\u0131m\u0131z yeti\u015femiyor.2 kilo k\u0131yma alamaz emekli vatanda\u015f\u0131m\u0131z, 2 kilo k\u0131yma al\u0131rsa bin lira \u00f6demek zorunda.\u0130nsanlar\u0131n o emekli maa\u015f\u0131yla et alamad\u0131klar\u0131n\u0131 bilmiyorlar, bilemiyorlar. Yem fiyatlar\u0131na zaten yeti\u015femezsiniz \u00e7\u00fcnk\u00fc g\u00fcbreyi s\u00fcrekli zaml\u0131yorlar.Mazot 19 liradan bir y\u0131l ge\u00e7meden 46 liraya \u00e7\u0131kt\u0131 iki kat\u0131n \u00fczerinde, peki vatanda\u015f nas\u0131l alacak. \u00c7ift\u00e7i nas\u0131l ekecek.Ekemezsiniz, dikemezsiniz, \u00fcretemezsiniz. E\u011fer \u00fcretemezseniz saman\u0131 bile ithal eder hale gelirsiniz ve halk\u0131 s\u00fcrekli yoksulla\u015ft\u0131r\u0131rs\u0131n\u0131z. Ama biliyoruz ki bu halk onlarla direnecektir, m\u00fccadele edecektir, bug\u00fcne kadar oldu\u011fu gibi yine ba\u015f\u0131n\u0131 e\u011fmeyecektir.Biz halk\u0131m\u0131za g\u00fcveniyoruz, al\u0131nlar\u0131 ak, ba\u015flar\u0131 dik olacak onlar\u0131n, biz onlar\u0131n hizmetinde olaca\u011f\u0131z.S\u00fcrekli kesilen elektrik problemi var.Niye kesiliyor burada elektrikler biliyor musunuz? elektrik da\u011f\u0131t\u0131m \u015firketini bunlar biz bu i\u015fi beceremiyoruz deyip \u00f6zelle\u015ftirdiler Teda\u015f\u2019\u0131, Akdeniz Elektri\u011fi \u00f6zelle\u015ftirdiler, barajlar\u0131 pe\u015fke\u015f \u00e7ektiler. B\u00fct\u00fcn trafolar\u0131 yenileyeceklerdi, alt yap\u0131y\u0131 yenileyeceklerdi ama bizim paralar\u0131m\u0131z\u0131 al\u0131p hi\u00e7 birini yat\u0131r\u0131m yapmad\u0131lar i\u015fte bu y\u00fczden elektrikler kesiliyor. Bizde 31 Martta onlar\u0131n ampullerini s\u00f6nd\u00fcrelim mi? \u00c7olakl\u0131 halk plaj\u0131 Mu\u00e7ev\u2019e devredilmi\u015f, kim bu Mu\u00e7ev birilerinin evlad\u0131, oysa bizim evlatlar\u0131m\u0131z, bizim karde\u015flerimiz nerede denize girecek! Kendi vatan\u0131nda parayla girecek. Bizim belediye ba\u015fkanlar\u0131m\u0131z bizim halk\u0131m\u0131za hizmet i\u00e7in yapt\u0131 oray\u0131 ama gelip birileri el koyuyor, e\u011fer 31 Martta ders vermezseniz her \u015feye el koyacaklar, g\u00f6z\u00fc dikmi\u015fler helikopterle gezip duruyorlar\u201d dedi.<\/p>\n\n\n\n<p>KARARI HALK ALACAK MECL\u0130S UYGULAYACAK<\/p>\n\n\n\n<p>Ba\u015fkan Aday\u0131 Niyazi Nefi Kara, vizyon projelerden birisi olan \u201cManavgat- Y\u00f6net\u201d uygulamas\u0131n\u0131n hayata ge\u00e7mesiyle birlikte halk\u0131n b\u00f6lgesel olarak ald\u0131\u011f\u0131 kararlar\u0131 belediye meclisinden ge\u00e7ireceklerini dile getirdi. Kara, \u201cBiz halk\u0131m\u0131zla beraber halk\u0131n ger\u00e7ek sahipleri olmas\u0131 i\u00e7in her t\u00fcrl\u00fc m\u00fccadeleyi verece\u011fiz. Bizim de yapmam\u0131z gereken g\u00f6revlerimiz var.Bir tanesi \u00c7olakl\u0131 Mesire alan\u0131 bunun s\u00f6z\u00fcn\u00fc \u015f\u00f6yle veriyorum size bizim projelerimizden biri Manavgat\u2019\u0131 birlikte y\u00f6net diyoruz, 15 ya\u015f\u0131n \u00fczerindeki cep telefonu olan herkese Manavgat Belediyesinin program\u0131n\u0131 verece\u011fiz, oradan oylama yapacaks\u0131n\u0131z mesireyi nereye yapal\u0131m? \u00c7olakl\u0131\u2019ya nas\u0131l bir proje yapal\u0131m onu da soraca\u011f\u0131z, \u00e7o\u011funluk ne derse arkamda g\u00f6rd\u00fc\u011f\u00fcn\u00fcz arkada\u015flar\u0131m Mecliste onaylayacak bizde yapaca\u011f\u0131z.&nbsp; Yani \u00c7olakl\u0131\u2019y\u0131 siz y\u00f6neteceksiniz, yani birlikte y\u00f6netece\u011fiz. Side\u2019den ba\u015flay\u0131p G\u00fcndo\u011fdu\u2019ya kadar uzanan y\u00fcr\u00fcy\u00fc\u015f yolu biz bu yolu tamamlayaca\u011f\u0131z ve turizme kazand\u0131raca\u011f\u0131z. B\u00fcy\u00fck\u015fehir belediye ba\u015fkan\u0131m\u0131zla g\u00f6r\u00fc\u015ft\u00fck imarla ilgili ad\u0131mlar ataca\u011f\u0131z, buran\u0131n y\u0131llard\u0131r bekleyen sorunlar\u0131n\u0131 \u00e7\u00f6zece\u011fiz ve \u00c7olakl\u0131 hak etti\u011fi de\u011feri mutlaka g\u00f6recek bunlar\u0131 da beraber yapaca\u011f\u0131z. \u00c7olakl\u0131\u2019ya bug\u00fcne kadar hizmet eden muhtarlar\u0131m\u0131za ve belediye ba\u015fkanlar\u0131m\u0131za te\u015fekk\u00fcr ediyorum. Ba\u015f\u0131m\u0131z\u0131n \u00fcst\u00fcnde yerleri var.Ve tabi ki 15 y\u0131ld\u0131r Manavgat\u2019\u0131m\u0131za hizmet eden sevgili ba\u015fkan\u0131m\u0131z Say\u0131n \u015e\u00fckr\u00fc S\u00f6zen\u2019e de te\u015fekk\u00fcr\u00fc bir bor\u00e7 biliyoruz. Her zaman \u015funu s\u00f6yl\u00fcyorum siz de\u011ferli b\u00fcy\u00fcklerimizin tecr\u00fcbelerinden yararlanmaya devam edece\u011fiz\u201d dedi.<\/p>\n\n\n\n<p>DOKTORLU\u011eU HALKA H\u0130ZMET \u0130\u00c7\u0130N YAPTIK<\/p>\n\n\n\n<p>Ba\u015fkan Aday\u0131 Niyazi Nefi Kara, hekimlik mesle\u011fini hi\u00e7bir zaman yat\u0131r\u0131m amac\u0131 olarak g\u00f6rmedi\u011fini de belirtti. Kara, \u201c33 y\u0131ll\u0131k doktorluk hayat\u0131m\u0131z var binlerce ameliyat yapt\u0131k, y\u00fcz binlerce hastam\u0131za bakt\u0131k ama \u00e7etelesini tutmad\u0131k. Manavgat\u2019\u0131n b\u00fct\u00fcn k\u00f6ylerini ve sokaklar\u0131n\u0131 gezdi\u011fimizde onlar biliyor, onlar bizi g\u00f6r\u00fcyor, ar\u0131yorlar, boynumuza sar\u0131l\u0131yorlar ama biz g\u00f6revimizi yapt\u0131k. Bunu da Allah raz\u0131 olsun diye dua etmeleri i\u00e7in yapt\u0131k. Diplomalara de\u011fil g\u00f6n\u00fcllere imza att\u0131k. \u0130nsana hizmeti ve hekimlik mesle\u011fini kutsal olarak g\u00f6rd\u00fck.\u0130nsna hizmeti Allah\u2019a hizmet olarak bildik. \u00c7\u00fcnk\u00fc insan Allah\u2019\u0131n yaratt\u0131\u011f\u0131 en de\u011ferli varl\u0131kt\u0131r\u201d dedi<\/p>\n\n\n\n<p>VATANDA\u015eLAR GELECEK KAYGISI YA\u015eIYOR<\/p>\n\n\n\n<p>\u00d6n\u00fcm\u00fczdeki s\u00fcre\u00e7te biliyoruz ki Manavgat\u2019\u0131n en b\u00fcy\u00fck sorunu sa\u011fl\u0131k sorunu.En ciddi sorunlar aras\u0131nda ekonomi, tar\u0131m ve hayvanc\u0131l\u0131kla yer al\u0131yor.\u00c7ocuklar\u0131m\u0131z\u0131n gelece\u011fiyle ilgili a\u015f sorunu var, i\u015f sorunu var ve ekmek sorunu var.Biz \u015funu s\u00f6yl\u00fcyoruz Manavgat\u2019ta ya\u015fayan herkes bizim vatanda\u015f\u0131m\u0131zd\u0131r ve onlara e\u015fit olarak hizmet sunmak istiyoruz.Ekonomiye \u00e7ok fazla girmek istemiyorum her bir insan\u0131m\u0131z y\u00fcre\u011finde hissediyor \u00e7ocuklar\u0131n\u0131 okutmak i\u00e7in neler \u00e7ekti\u011fini biliyoruz.\u00dcr\u00fcnlerini yeti\u015ftirdiklerinde nas\u0131l satamad\u0131klar\u0131n\u0131 biliyorum.Yenisini ekmekte nas\u0131l zorland\u0131klar\u0131n\u0131 da biliyoruz.Turizm i\u015f\u00e7ilerinin 6 &#8211; 8 ay \u00e7al\u0131\u015f\u0131p geri kalan g\u00fcnlerde eve ekme\u011fi nas\u0131l g\u00f6t\u00fcrece\u011fiz diye d\u00fc\u015f\u00fcn\u00fcp durduklar\u0131n\u0131 biliyoruz. \u00c7\u00fcnk\u00fc biz halk\u0131z diyoruz, halk\u0131n i\u00e7inden geldik ve birebir sorunlar\u0131 ya\u015f\u0131yoruz. Bunlara \u00e7\u00f6z\u00fcm \u00fcretmek bizim boynumuzun borcudur.Halk\u00e7\u0131 belediye olaca\u011f\u0131z yani i\u015fimiz g\u00fcc\u00fcm\u00fcz halka hizmet olacak diyoruz, halka hizmet etmek hakka hizmetle ayn\u0131d\u0131r diyoruz \u00e7\u00fcnk\u00fc insan Allah\u2019\u0131n yaratt\u0131\u011f\u0131 en y\u00fcce varl\u0131kt\u0131r. Biz insana hizmet etti\u011fimizde biliriz ki Allaha hizmet etmi\u015f olaca\u011f\u0131z\u201d dedi .<\/p>\n\n\n\n<p>KATILIMCI DEMOKRAT\u0130K VE \u015eEFFAFLIK VURGUSU<\/p>\n\n\n\n<p>Belediyecilik hizmetlerinde ilke ve prensipleri olaca\u011f\u0131n\u0131 s\u00f6yleyen Niyazi Nefi Kara, halka kar\u015f\u0131 daima hesap verebilir bir anlay\u0131\u015f i\u00e7inde olacaklar\u0131n\u0131 s\u00f6yledi. Kara, \u201cKat\u0131l\u0131mc\u0131 belediyecilik yapaca\u011f\u0131z diyoruz.Manavgat belediyesini y\u00f6netirken her insan\u0131m\u0131z\u0131n \u00f6nerilerini alaca\u011f\u0131z, o bahsetti\u011fim uygulama hep a\u00e7\u0131k olacak sizlere ve kat\u0131l\u0131mc\u0131 olacaks\u0131n\u0131z beraber yapaca\u011f\u0131z ve demokratik olaca\u011f\u0131z ben yapt\u0131m oldu demeyece\u011fiz.Her zaman sizlere soraca\u011f\u0131z, tart\u0131\u015faca\u011f\u0131z ve beraber karar alaca\u011f\u0131z yani biz b\u0131kt\u0131k tek adam rejimlerinden, biz halk\u0131m\u0131zla beraber halk\u00e7\u0131 belediyecilik yapaca\u011f\u0131z, demokratik olaca\u011f\u0131z.Ayn\u0131 zamanda adaletli olaca\u011f\u0131z se\u00e7ildi\u011fimiz taktirde hangi partiye oy verdi diye sormayaca\u011f\u0131z \u0131rk\u0131, cinsi, dili, mezhebi ne diye sormayaca\u011f\u0131z. Allah bizi adaletinden ay\u0131rmas\u0131n diyoruz.\u015eeffaf olaca\u011f\u0131z yapt\u0131\u011f\u0131m\u0131z her i\u015fi herkes g\u00f6rebilecek, i\u015fe al\u0131mda, ihalelerde, i\u015flerde Allah\u2019\u0131n bildi\u011fini kulundan saklamayaca\u011f\u0131z. Halk\u0131m\u0131z bizlerden neyin hesab\u0131n\u0131 istiyorsa an\u0131nda verece\u011fiz. Boynumuz, Manavgat halk\u0131na k\u0131ldan ince olacak\u201d dedi .<\/p>\n\n\n\n<p>EN B\u00dcY\u00dcK PROJEM\u0130Z MUTLU MANAVGAT\u2019I OLU\u015eTURMAK<\/p>\n\n\n\n<p>En b\u00fcy\u00fck projesinin insanlar\u0131n mutlu bir Manavgat\u2019ta ya\u015famas\u0131 oldu\u011funu vurgulayan Niyazi Nefi Kara, Manavgat\u2019ta ya\u015fayan insanlar\u0131n zorluklarla bo\u011fu\u015ftu\u011funu s\u00f6yledi. Kara, \u201cK\u00f6pr\u00fc yap\u0131l\u0131r, avm yap\u0131l\u0131r, imar yap\u0131l\u0131r her \u015fey yap\u0131l\u0131r ama bizim as\u0131l yapmak istedi\u011fimiz g\u00f6n\u00fcl k\u00f6pr\u00fcs\u00fc kurmak olacak.Manavgat\u2019ta ya\u015fayan herkesi mutlu etmek i\u00e7in u\u011fra\u015faca\u011f\u0131z, evinden mutlu \u00e7\u0131kan her insan\u0131m\u0131z\u0131n evine mutlu d\u00f6nmesi i\u00e7in u\u011fra\u015faca\u011f\u0131z bunun i\u00e7in ne gerekiyorsa yapaca\u011f\u0131z \u00f6l\u00fcm hari\u00e7 her sorunu \u00e7\u00f6zeriz be \u00e7\u00f6zece\u011fiz.Sa\u011fl\u0131ktan bahsettik her y\u0131l Manavgatl\u0131lar\u0131n hastane, yo\u011fun bak\u0131m ve gidecek doktor arad\u0131\u011f\u0131 Manavgat\u2019tan bahsediyoruz.Devasa iki bin yatakl\u0131 hapishane var dedik ki yapmay\u0131n, \u00fcniversite yapal\u0131m spor alan\u0131 yapal\u0131m dedik ve yat\u0131r\u0131m yap\u0131yoruz dediler yapt\u0131lar.Manavgat\u2019a \u0130ki bin yatakl\u0131 hapishane yap\u0131p 400 yatakl\u0131 hastane yapamad\u0131lar.Bir temel att\u0131lar batakl\u0131ktan \u00e7\u0131kam\u0131yorlar bunu yapan firma de\u011fil iktidar.Bu y\u00fczden ilk projemiz \u201cSa\u011fl\u0131k Evi\u201d projesi, ekibimiz insanlar\u0131m\u0131za evinde hizmet verecek, hasta Antalya\u2019ya gidip kemoterapi g\u00f6recekse g\u00f6t\u00fcr\u00fcp gelece\u011fiz. Bunlar\u0131n yapamad\u0131\u011f\u0131 hastaneyi biz yapaca\u011f\u0131z\u201d dedi.<\/p>\n\n\n\n<p>Haber Merkezi<\/p>\n","protected":false},"excerpt":{"rendered":"<p>Cumhuriyet Halk Partisi (CHP) Manavgat Belediye Ba\u015fkan Aday\u0131 \u201cHalk\u0131n Doktoru\u201d Niyazi Nefi Kara, Manavgat\u2019\u0131 ileri ta\u015f\u0131yacak olan vizyon projelerini halka anlatmak amac\u0131yla \u00c7olakl\u0131 ve Ta\u015fa\u011f\u0131l <a href=\"https:\/\/akdenizhaber.com.tr\/index.php\/2024\/03\/13\/colakli-ve-tasagilda-niyazi-nefi-kara-coskusu\/\" class=\"read-more-link\">[more&#8230;]<\/a><\/p>\n","protected":false},"author":2,"featured_media":21527,"comment_status":"open","ping_status":"open","sticky":false,"template":"","format":"standard","meta":{"footnotes":""},"categories":[2],"tags":[],"class_list":["post-21526","post","type-post","status-publish","format-standard","has-post-thumbnail","hentry","category-gundem"],"_links":{"self":[{"href":"https:\/\/akdenizhaber.com.tr\/index.php\/wp-json\/wp\/v2\/posts\/21526","targetHints":{"allow":["GET"]}}],"collection":[{"href":"https:\/\/akdenizhaber.com.tr\/index.php\/wp-json\/wp\/v2\/posts"}],"about":[{"href":"https:\/\/akdenizhaber.com.tr\/index.php\/wp-json\/wp\/v2\/types\/post"}],"author":[{"embeddable":true,"href":"https:\/\/akdenizhaber.com.tr\/index.php\/wp-json\/wp\/v2\/users\/2"}],"replies":[{"embeddable":true,"href":"https:\/\/akdenizhaber.com.tr\/index.php\/wp-json\/wp\/v2\/comments?post=21526"}],"version-history":[{"count":0,"href":"https:\/\/akdenizhaber.com.tr\/index.php\/wp-json\/wp\/v2\/posts\/21526\/revisions"}],"wp:featuredmedia":[{"embeddable":true,"href":"https:\/\/akdenizhaber.com.tr\/index.php\/wp-json\/wp\/v2\/media\/21527"}],"wp:attachment":[{"href":"https:\/\/akdenizhaber.com.tr\/index.php\/wp-json\/wp\/v2\/media?parent=21526"}],"wp:term":[{"taxonomy":"category","embeddable":true,"href":"https:\/\/akdenizhaber.com.tr\/index.php\/wp-json\/wp\/v2\/categories?post=21526"},{"taxonomy":"post_tag","embeddable":true,"href":"https:\/\/akdenizhaber.com.tr\/index.php\/wp-json\/wp\/v2\/tags?post=21526"}],"curies":[{"name":"wp","href":"https:\/\/api.w.org\/{rel}","templated":true}]}}