{"id":21523,"date":"2024-03-13T11:56:32","date_gmt":"2024-03-13T08:56:32","guid":{"rendered":"https:\/\/akdenizhaber.com.tr\/?p=21523"},"modified":"2024-03-13T11:56:33","modified_gmt":"2024-03-13T08:56:33","slug":"yeniceri-ahmet-aga-konagi-osmanli-donemine-isik-tutuyor","status":"publish","type":"post","link":"https:\/\/akdenizhaber.com.tr\/index.php\/2024\/03\/13\/yeniceri-ahmet-aga-konagi-osmanli-donemine-isik-tutuyor\/","title":{"rendered":"Yeni\u00e7eri Ahmet A\u011fa Kona\u011f\u0131 Osmanl\u0131 d\u00f6nemine \u0131\u015f\u0131k tutuyor"},"content":{"rendered":"\n<p><\/p>\n\n\n\n<p>Antalya&#8217;n\u0131n \u0130brad\u0131 il\u00e7esi Ormana Mahallesi&#8217;nde bulunan Yeni\u00e7eri Ahmet A\u011fa Kona\u011f\u0131&#8217;ndaki e\u015fyalar Osmanl\u0131 d\u00f6nemine \u0131\u015f\u0131k tutuyor.<\/p>\n\n\n\n<p>Yeni\u00e7eri Ahmet A\u011fa Kona\u011f\u0131\u2019n\u0131n, Akseki ve \u0130brad\u0131 il\u00e7eleri ile k\u00f6ylerinde uygulanm\u0131\u015f, y\u00f6reye \u00f6zg\u00fcn mimari yap\u0131s\u0131 olan \u201dD\u00fc\u011fmeli Evler\u201d, tamamen ta\u015f ve a\u011fa\u00e7tan yap\u0131lan har\u00e7 veya \u00e7imento gibi herhangi bir malzeme kullan\u0131lmayan y\u0131\u011fma yap\u0131dan olu\u015fuyor.Yap\u0131larda, y\u00f6rede bulunan Toros Sediri (Katran A\u011fac\u0131 ile And\u0131z A\u011fac\u0131) kullan\u0131lm\u0131\u015f.<\/p>\n\n\n\n<p>&nbsp;&nbsp; \u00c7ocuklar\u0131 ile birlikte ailecek tarihi kona\u011f\u0131 ziyarete gelen Antalya Adalet ve \u0130nsan Haklar\u0131 Platformu(AH\u0130P) Ba\u015fkan\u0131 Av. M\u00fccahit G\u00fcndo\u011fdu,&#8221; Ormana&#8217;da bulunan tarihi kona\u011f\u0131 gezince insan kendini Osmanl\u0131 d\u00f6nemine yolculuk ettiriyor. Tarihi konakta \u00e7ok zengin Osmanl\u0131 d\u00f6nemi e\u015fya ve tarihi vesika var. Konak i\u00e7inde orijinal Yeni\u00e7eri askerlerinin kazan kald\u0131rmadaki kazanlar\u0131n bulunmas\u0131 insan\u0131 Osmanl\u0131ya g\u00f6t\u00fcr\u00fcyor.Konak, \u0130brad\u0131, Ormana ve Antalya&#8217;n\u0131n&nbsp; Osmanl\u0131 d\u00f6nemi k\u00fclt\u00fcrel zenginli\u011fi i\u00e7in \u00e7ok b\u00fcy\u00fck zenginlik.&#8221;dedi.<\/p>\n\n\n\n<p>Hat\u0131ll\u0131 ta\u015f evlerde bu yap\u0131larda ta\u015f duvar, as\u0131l ta\u015f\u0131y\u0131c\u0131 gibi g\u00f6r\u00fcnse de evi ah\u015fap iskelet ta\u015f\u0131yor.<\/p>\n\n\n\n<p>&nbsp;Duvardan ta\u015fan hat\u0131l u\u00e7lar\u0131n\u0131n d\u00fc\u011fme (Pi\u015fduvan) gibi g\u00f6z\u00fckmesinden dolay\u0131 bu evlere \u201dD\u00fc\u011fmeli Ev\u201d deniliyor.<\/p>\n\n\n\n<p>Ormana (Erymna Antik Kenti) k\u00f6y\u00fcndeki Yeni\u00e7eri Ahmet A\u011fa Kona\u011f\u0131 b\u00f6lgenin y\u00f6resel mimarisi olan 2 katl\u0131 bir D\u00fc\u011fmeli Ev\u2019dir.<\/p>\n\n\n\n<p>&nbsp;\u0130n\u015fa tarihi kesin olarak bilinmemekle birlikte, ula\u015f\u0131lan kay\u0131tlarda 1898 olarak g\u00f6r\u00fclmektedir. Kona\u011f\u0131n ilk sahiplerinden biri Kele\u015fo\u011flu soyundan gelen Gen\u00e7 Osman\u2019d\u0131r.<\/p>\n\n\n\n<p>Konak, Yeni\u00e7eri 56. Ortan\u0131n son komutan\u0131, Kele\u015fo\u011fullar\u0131 soyundan gelen ve ailenin<\/p>\n\n\n\n<p>7. Ku\u015fak atas\u0131 olan Ahmet A\u011fa\u2019n\u0131n an\u0131s\u0131na ithaf edilerek \u201d Yeni\u00e7eri Ahmet A\u011fa Kona\u011f\u0131\u201d ad\u0131n\u0131 alm\u0131\u015ft\u0131r.&#8221;<\/p>\n\n\n\n<p>Abdurrahman B\u00fcy\u00fckkeskin \/ Haber<\/p>\n","protected":false},"excerpt":{"rendered":"<p>Antalya&#8217;n\u0131n \u0130brad\u0131 il\u00e7esi Ormana Mahallesi&#8217;nde bulunan Yeni\u00e7eri Ahmet A\u011fa Kona\u011f\u0131&#8217;ndaki e\u015fyalar Osmanl\u0131 d\u00f6nemine \u0131\u015f\u0131k tutuyor. Yeni\u00e7eri Ahmet A\u011fa Kona\u011f\u0131\u2019n\u0131n, Akseki ve \u0130brad\u0131 il\u00e7eleri ile k\u00f6ylerinde <a href=\"https:\/\/akdenizhaber.com.tr\/index.php\/2024\/03\/13\/yeniceri-ahmet-aga-konagi-osmanli-donemine-isik-tutuyor\/\" class=\"read-more-link\">[more&#8230;]<\/a><\/p>\n","protected":false},"author":2,"featured_media":21524,"comment_status":"open","ping_status":"open","sticky":false,"template":"","format":"standard","meta":{"footnotes":""},"categories":[2],"tags":[],"class_list":["post-21523","post","type-post","status-publish","format-standard","has-post-thumbnail","hentry","category-gundem"],"_links":{"self":[{"href":"https:\/\/akdenizhaber.com.tr\/index.php\/wp-json\/wp\/v2\/posts\/21523","targetHints":{"allow":["GET"]}}],"collection":[{"href":"https:\/\/akdenizhaber.com.tr\/index.php\/wp-json\/wp\/v2\/posts"}],"about":[{"href":"https:\/\/akdenizhaber.com.tr\/index.php\/wp-json\/wp\/v2\/types\/post"}],"author":[{"embeddable":true,"href":"https:\/\/akdenizhaber.com.tr\/index.php\/wp-json\/wp\/v2\/users\/2"}],"replies":[{"embeddable":true,"href":"https:\/\/akdenizhaber.com.tr\/index.php\/wp-json\/wp\/v2\/comments?post=21523"}],"version-history":[{"count":0,"href":"https:\/\/akdenizhaber.com.tr\/index.php\/wp-json\/wp\/v2\/posts\/21523\/revisions"}],"wp:featuredmedia":[{"embeddable":true,"href":"https:\/\/akdenizhaber.com.tr\/index.php\/wp-json\/wp\/v2\/media\/21524"}],"wp:attachment":[{"href":"https:\/\/akdenizhaber.com.tr\/index.php\/wp-json\/wp\/v2\/media?parent=21523"}],"wp:term":[{"taxonomy":"category","embeddable":true,"href":"https:\/\/akdenizhaber.com.tr\/index.php\/wp-json\/wp\/v2\/categories?post=21523"},{"taxonomy":"post_tag","embeddable":true,"href":"https:\/\/akdenizhaber.com.tr\/index.php\/wp-json\/wp\/v2\/tags?post=21523"}],"curies":[{"name":"wp","href":"https:\/\/api.w.org\/{rel}","templated":true}]}}