{"id":21508,"date":"2024-03-13T11:48:43","date_gmt":"2024-03-13T08:48:43","guid":{"rendered":"https:\/\/akdenizhaber.com.tr\/?p=21508"},"modified":"2024-03-13T11:48:43","modified_gmt":"2024-03-13T08:48:43","slug":"kepezin-analari-beyaz-adamini-bagrina-basti","status":"publish","type":"post","link":"https:\/\/akdenizhaber.com.tr\/index.php\/2024\/03\/13\/kepezin-analari-beyaz-adamini-bagrina-basti\/","title":{"rendered":"Kepez&#8217;in Analar\u0131 &#8220;Beyaz Adam\u0131&#8217;n\u0131&#8221; Ba\u011fr\u0131na Bast\u0131"},"content":{"rendered":"\n<p><br>Cumhuriyet Halk Partisi (CHP) Kepez Belediye Ba\u015fkan Aday\u0131 Mesut Kocag\u00f6z, il\u00e7ede ya\u015fayan anneanne ve babaannelerle bir araya geldi. Kepez\u2019in analar\u0131 taraf\u0131ndan \u2018Kepez\u2019in beyaz adam\u0131\u2019 diye kar\u015f\u0131lanan Kocag\u00f6z, hepsinin elini tek tek elini \u00f6p\u00fcp, helallik istedi.<br><br>CHP Kepez Belediye Ba\u015fkan Aday\u0131 Mesut Kocag\u00f6z, il\u00e7ede ya\u015fayan farkl\u0131 k\u00fclt\u00fcrlerdeki 60 ya\u015f \u00fcst\u00fc kad\u0131nla bulu\u015ftu. 50 kad\u0131n\u0131n kat\u0131ld\u0131\u011f\u0131 bulu\u015fmada Kocag\u00f6z, Kepez\u2019in analar\u0131yla pasta kesti, projelerini anlatt\u0131.<br><br>\u201cTORUNLARINIZ BANA EMANET\u201d<br>Kendisine \u2018Kepez\u2019in beyaz adam\u0131\u2019 olarak hitap eden Kepez\u2019in analar\u0131n\u0131n tek tek elini \u00f6perek helallik isteyen Kocag\u00f6z, \u201cSiz bana beyaz adam diyorsunuz. Beyaz temizli\u011fin simgesidir. Beyaz\u0131 hi\u00e7 kirletmeden, belediyecilik tecr\u00fcbemle \u00e7ocuklar\u0131n\u0131z ve torunlar\u0131n\u0131zla birlikte yol y\u00fcr\u00fcyece\u011fiz. Hepinizden helallik istiyorum, deste\u011finizi bekliyorum. Ben size, sizlerin \u00e7ocuklar\u0131 ve torunlar\u0131 bana emanet\u201d dedi.<\/p>\n\n\n\n<p>Haber Merkezi<\/p>\n","protected":false},"excerpt":{"rendered":"<p>Cumhuriyet Halk Partisi (CHP) Kepez Belediye Ba\u015fkan Aday\u0131 Mesut Kocag\u00f6z, il\u00e7ede ya\u015fayan anneanne ve babaannelerle bir araya geldi. Kepez\u2019in analar\u0131 taraf\u0131ndan \u2018Kepez\u2019in beyaz adam\u0131\u2019 diye <a href=\"https:\/\/akdenizhaber.com.tr\/index.php\/2024\/03\/13\/kepezin-analari-beyaz-adamini-bagrina-basti\/\" class=\"read-more-link\">[more&#8230;]<\/a><\/p>\n","protected":false},"author":2,"featured_media":21509,"comment_status":"open","ping_status":"open","sticky":false,"template":"","format":"standard","meta":{"footnotes":""},"categories":[2],"tags":[],"class_list":["post-21508","post","type-post","status-publish","format-standard","has-post-thumbnail","hentry","category-gundem"],"_links":{"self":[{"href":"https:\/\/akdenizhaber.com.tr\/index.php\/wp-json\/wp\/v2\/posts\/21508","targetHints":{"allow":["GET"]}}],"collection":[{"href":"https:\/\/akdenizhaber.com.tr\/index.php\/wp-json\/wp\/v2\/posts"}],"about":[{"href":"https:\/\/akdenizhaber.com.tr\/index.php\/wp-json\/wp\/v2\/types\/post"}],"author":[{"embeddable":true,"href":"https:\/\/akdenizhaber.com.tr\/index.php\/wp-json\/wp\/v2\/users\/2"}],"replies":[{"embeddable":true,"href":"https:\/\/akdenizhaber.com.tr\/index.php\/wp-json\/wp\/v2\/comments?post=21508"}],"version-history":[{"count":0,"href":"https:\/\/akdenizhaber.com.tr\/index.php\/wp-json\/wp\/v2\/posts\/21508\/revisions"}],"wp:featuredmedia":[{"embeddable":true,"href":"https:\/\/akdenizhaber.com.tr\/index.php\/wp-json\/wp\/v2\/media\/21509"}],"wp:attachment":[{"href":"https:\/\/akdenizhaber.com.tr\/index.php\/wp-json\/wp\/v2\/media?parent=21508"}],"wp:term":[{"taxonomy":"category","embeddable":true,"href":"https:\/\/akdenizhaber.com.tr\/index.php\/wp-json\/wp\/v2\/categories?post=21508"},{"taxonomy":"post_tag","embeddable":true,"href":"https:\/\/akdenizhaber.com.tr\/index.php\/wp-json\/wp\/v2\/tags?post=21508"}],"curies":[{"name":"wp","href":"https:\/\/api.w.org\/{rel}","templated":true}]}}