{"id":21483,"date":"2024-03-12T13:12:41","date_gmt":"2024-03-12T10:12:41","guid":{"rendered":"https:\/\/akdenizhaber.com.tr\/?p=21483"},"modified":"2024-03-12T13:12:41","modified_gmt":"2024-03-12T10:12:41","slug":"tutuncu-hal-esnafiyla-sahur-yapti","status":"publish","type":"post","link":"https:\/\/akdenizhaber.com.tr\/index.php\/2024\/03\/12\/tutuncu-hal-esnafiyla-sahur-yapti\/","title":{"rendered":"T\u00fct\u00fcnc\u00fc, hal esnaf\u0131yla sahur yapt\u0131"},"content":{"rendered":"\n<p><\/p>\n\n\n\n<p>Cumhur \u0130ttifak\u0131\u2019n\u0131n Antalya B\u00fcy\u00fck\u015fehir Belediye Ba\u015fkan aday\u0131 Hakan T\u00fct\u00fcnc\u00fc, 11 ay\u0131n sultan\u0131 Ramazan ay\u0131n\u0131n ilk sahurunu Antalya hal esnaf\u0131 ile yapt\u0131. &nbsp;<\/p>\n\n\n\n<p>Antalya\u2019n\u0131n d\u00f6rt bir yan\u0131n\u0131 kar\u0131\u015f kar\u0131\u015f dola\u015farak hem\u015fehrilerinin g\u00f6n\u00fcl kap\u0131lar\u0131n\u0131 \u00e7alan Cumhur \u0130ttifak\u0131\u2019n\u0131n Antalya B\u00fcy\u00fck\u015fehir Belediye Ba\u015fkan aday\u0131 Hakan T\u00fct\u00fcnc\u00fc, sebze meyve hal esnaf\u0131yla bir araya geldi. T\u00fct\u00fcnc\u00fc, 11 ay\u0131n sultan\u0131 Ramazan ay\u0131n\u0131n ilk sahurunu Antalya hal esnaf\u0131yla yapt\u0131. Hal\u2019deki sahur bulu\u015fmas\u0131na AK Parti Antalya Milletvekili Kemal \u00c7elik, AK Parti Antalya \u0130l Ba\u015fkan\u0131 Ali \u00c7etin, il ve il\u00e7e te\u015fkilatlar\u0131 kat\u0131ld\u0131. &nbsp;Cumhur \u0130ttifak\u0131\u2019n\u0131n Antalya B\u00fcy\u00fck\u015fehir Belediye Ba\u015fkan aday\u0131 Hakan T\u00fct\u00fcnc\u00fc, sahur sofras\u0131nda hem\u015fehrileri ile g\u00f6n\u00fcl g\u00f6n\u00fcle olmaktan dolay\u0131 duydu\u011fu memnuniyeti dile getirerek, t\u00fcm \u0130slam aleminin Ramazan-\u0131 \u015eerif\u2019ini kutlad\u0131. Bir esnaf\u0131n \u201cHalde ilk defa b\u00f6yle bir sahur ortam\u0131nda bulu\u015ftuk ba\u015fkan\u0131m\u2026\u201ds\u00f6zleri \u00fczerine T\u00fct\u00fcnc\u00fc, \u201cDaha biz g\u00f6reve gelmeden ilkleri ya\u015fat\u0131yoruz. Allah\u2019\u0131n izniyle biz g\u00f6reve geldi\u011fimizde bak\u0131n, g\u00f6r\u00fcn Antalya\u2019da neler olacak.\u201d dedi.<\/p>\n\n\n\n<p>ANTALYA\u2019YA H\u0130ZMET VAAT ED\u0130YORUZ<\/p>\n\n\n\n<p>31 Mart\u2019ta yap\u0131lacak yerel se\u00e7imlere de de\u011finen T\u00fct\u00fcnc\u00fc, Antalya\u2019n\u0131n alt\u0131n \u00e7a\u011f\u0131 projelerini anlatt\u0131. T\u00fct\u00fcnc\u00fc,&nbsp; \u201c5 y\u0131l\u0131n sonunda, trafik, ula\u015f\u0131m, alt yap\u0131 gibi sorunlar\u0131 geride b\u0131rakm\u0131\u015f, deprem master planlar\u0131n\u0131 yapm\u0131\u015f, sa\u011fl\u0131kl\u0131 binalara kavu\u015fmu\u015f, sosyal konutlar \u00fcretmi\u015f ve turizmde \u00e7ok daha farkl\u0131 ad\u0131mlar atm\u0131\u015f bir Antalya\u2019y\u0131 vaat ediyoruz. \u201c diye konu\u015ftu. Her ya\u011fmurdan sonra d\u00fcnya kenti Antalya\u2019ya, sele teslim olmu\u015f bir g\u00f6r\u00fcnt\u00fcn\u00fcn hi\u00e7 yak\u0131\u015fmad\u0131\u011f\u0131n\u0131 da s\u00f6zlerine ekleyen T\u00fct\u00fcnc\u00fc, il\u00e7elerde naz\u0131m planlar\u0131 ile ilgili, depreme dayanakl\u0131 \u015fehirlerle ilgili at\u0131lmas\u0131 gereken temel belediyecilik ad\u0131mlar\u0131 oldu\u011funu ve g\u00f6reve geldiklerinde bu ad\u0131mlar\u0131n da at\u0131laca\u011f\u0131n\u0131 s\u00f6yledi. &nbsp;<\/p>\n\n\n\n<p>TARIM VE HAYVANCILIK DESTEKLER\u0130<\/p>\n\n\n\n<p>Antalya\u2019n\u0131n bir tar\u0131m \u015fehri oldu\u011funu hat\u0131rlatarak konu\u015fmas\u0131n\u0131 s\u00fcrd\u00fcren T\u00fct\u00fcnc\u00fc, \u201cBu bereketli topraklardan elde etti\u011fimiz verimi en \u00fcst noktaya \u00e7\u0131karmaya \u00e7al\u0131\u015faca\u011f\u0131z. Antalya\u2019n\u0131n tar\u0131m\u0131n\u0131 yeniden parlayan bir y\u0131ld\u0131z haline getirmemiz i\u00e7in hep birlikte el ele vermeli ve g\u00fc\u00e7lerimizi birle\u015ftirmeliyiz. Turizmi de, geli\u015ftirecek hamleler olacak. Bizim hedefimiz Antalya\u2019ya gelen turiste en iyi hizmeti vermek, turisti bizim esnaf\u0131m\u0131zla bulu\u015fturacak \u00e7areleri \u00fcretmek, kenti daha \u00e7ok gezerek, \u015fehre daha b\u00fcy\u00fck katma de\u011fer sa\u011flamas\u0131n\u0131 gerektiren \u00e7al\u0131\u015fmalar yapaca\u011f\u0131z.\u201d dedi. &nbsp;T\u00fct\u00fcnc\u00fc, Antalya\u2019n\u0131n alt\u0131n \u00e7a\u011f\u0131nda tar\u0131ma ve hayvanc\u0131l\u0131\u011fa verecekleri destekleri de s\u0131ralad\u0131.<\/p>\n\n\n\n<p>B\u0130Z\u0130M \u0130\u015e\u0130M\u0130Z G\u00dcC\u00dcM\u00dcZ H\u0130ZMET<\/p>\n\n\n\n<p>\u201cBizim gecemiz g\u00fcnd\u00fcz\u00fcm\u00fcz, halk\u0131m\u0131z, i\u015fimiz, belediyemiz, insan\u0131m\u0131z ve insanlar\u0131m\u0131z\u0131n ayd\u0131nl\u0131k yar\u0131nlar\u0131\u2026\u201d diyerek s\u00f6zlerini s\u00fcrd\u00fcren T\u00fct\u00fcnc\u00fc, \u201cBizim Antalya B\u00fcy\u00fck\u015fehir Belediyesi d\u00f6neminde de i\u015fimiz g\u00fcc\u00fcm\u00fcz belediye olacak, hizmet olacak. Belediye ba\u015fkan\u0131 \u015fehre ufuk \u00e7izer, vizyon ortaya koyar.\u201ddedi. Hal\u2019 deki sorunlar\u0131 bildi\u011fini, Antalya toptanc\u0131 halini ayd\u0131nl\u0131k bir d\u00f6nemin bekledi\u011fini belirten T\u00fct\u00fcnc\u00fc, \u201cBelediyecilik hal\u2019den anlama i\u015fidir.\u201d diyerek, s\u00f6zlerini tamamlad\u0131.<\/p>\n\n\n\n<p>Cumhur \u0130ttifak\u0131 Antalya B\u00fcy\u00fck\u015fehir Belediye Ba\u015fkan aday\u0131 Hakan T\u00fct\u00fcnc\u00fc, sahur\u2019dan sonra Hal esnaf\u0131n\u0131 ziyaret ederek, bereketli ve bol kazan\u00e7 dileklerinde bulundu. &nbsp;<\/p>\n\n\n\n<p>Haber Merkezi<\/p>\n","protected":false},"excerpt":{"rendered":"<p>Cumhur \u0130ttifak\u0131\u2019n\u0131n Antalya B\u00fcy\u00fck\u015fehir Belediye Ba\u015fkan aday\u0131 Hakan T\u00fct\u00fcnc\u00fc, 11 ay\u0131n sultan\u0131 Ramazan ay\u0131n\u0131n ilk sahurunu Antalya hal esnaf\u0131 ile yapt\u0131. &nbsp; Antalya\u2019n\u0131n d\u00f6rt bir <a href=\"https:\/\/akdenizhaber.com.tr\/index.php\/2024\/03\/12\/tutuncu-hal-esnafiyla-sahur-yapti\/\" class=\"read-more-link\">[more&#8230;]<\/a><\/p>\n","protected":false},"author":2,"featured_media":21484,"comment_status":"open","ping_status":"open","sticky":false,"template":"","format":"standard","meta":{"footnotes":""},"categories":[2],"tags":[],"class_list":["post-21483","post","type-post","status-publish","format-standard","has-post-thumbnail","hentry","category-gundem"],"_links":{"self":[{"href":"https:\/\/akdenizhaber.com.tr\/index.php\/wp-json\/wp\/v2\/posts\/21483","targetHints":{"allow":["GET"]}}],"collection":[{"href":"https:\/\/akdenizhaber.com.tr\/index.php\/wp-json\/wp\/v2\/posts"}],"about":[{"href":"https:\/\/akdenizhaber.com.tr\/index.php\/wp-json\/wp\/v2\/types\/post"}],"author":[{"embeddable":true,"href":"https:\/\/akdenizhaber.com.tr\/index.php\/wp-json\/wp\/v2\/users\/2"}],"replies":[{"embeddable":true,"href":"https:\/\/akdenizhaber.com.tr\/index.php\/wp-json\/wp\/v2\/comments?post=21483"}],"version-history":[{"count":0,"href":"https:\/\/akdenizhaber.com.tr\/index.php\/wp-json\/wp\/v2\/posts\/21483\/revisions"}],"wp:featuredmedia":[{"embeddable":true,"href":"https:\/\/akdenizhaber.com.tr\/index.php\/wp-json\/wp\/v2\/media\/21484"}],"wp:attachment":[{"href":"https:\/\/akdenizhaber.com.tr\/index.php\/wp-json\/wp\/v2\/media?parent=21483"}],"wp:term":[{"taxonomy":"category","embeddable":true,"href":"https:\/\/akdenizhaber.com.tr\/index.php\/wp-json\/wp\/v2\/categories?post=21483"},{"taxonomy":"post_tag","embeddable":true,"href":"https:\/\/akdenizhaber.com.tr\/index.php\/wp-json\/wp\/v2\/tags?post=21483"}],"curies":[{"name":"wp","href":"https:\/\/api.w.org\/{rel}","templated":true}]}}