{"id":21480,"date":"2024-03-12T13:12:01","date_gmt":"2024-03-12T10:12:01","guid":{"rendered":"https:\/\/akdenizhaber.com.tr\/?p=21480"},"modified":"2024-03-12T13:12:01","modified_gmt":"2024-03-12T10:12:01","slug":"iyi-parti-antalya-buyuksehir-belediye-baskan-adayi-nesrin-unal-otoparklar-toplu-ulasim-ile-entegre-edilecek","status":"publish","type":"post","link":"https:\/\/akdenizhaber.com.tr\/index.php\/2024\/03\/12\/iyi-parti-antalya-buyuksehir-belediye-baskan-adayi-nesrin-unal-otoparklar-toplu-ulasim-ile-entegre-edilecek\/","title":{"rendered":"\u0130yi Parti Antalya B\u00fcy\u00fck\u015fehir Belediye Ba\u015fkan Aday\u0131 Nesrin \u00dcnal\u00a0\u201cOtoparklar Toplu Ula\u015f\u0131m \u0130le Entegre Edilecek\u201d"},"content":{"rendered":"\n<p><\/p>\n\n\n\n<p><\/p>\n\n\n\n<p>\u0130yi Parti Antalya B\u00fcy\u00fck\u015fehir Belediye Ba\u015fkan Aday\u0131 Nesrin \u00dcnal, kentin kronikle\u015fen ula\u015f\u0131m ve trafik sorununu, \u2018Bizim Yolumuz\u2019 projesi ile \u00e7\u00f6zece\u011fini s\u00f6yledi. \u00dcnal, \u201cToplu ta\u015f\u0131ma kalitesi artacak, ara\u00e7 \u00f6ncelikli \u015fehir olmayaca\u011f\u0131z, rayl\u0131 sistem a\u011f\u0131n\u0131 geni\u015fletece\u011fiz. Deniz ta\u015f\u0131mac\u0131l\u0131\u011f\u0131na \u00f6nem verece\u011fiz\u201d dedi<\/p>\n\n\n\n<p>Antalya\u2019n\u0131n en \u00f6nemli sorunlar\u0131ndan biri ula\u015f\u0131m ve trafik. \u00d6zellikle pik saatlerde Antalya\u2019da ara\u00e7 kullanmak ya da toplu ta\u015f\u0131ma arac\u0131na binmek zul\u00fcm haline geliyor.&nbsp; Antalya\u2019n\u0131n sorunlar\u0131na bilimsel ve \u00e7evreci \u00e7\u00f6z\u00fcmler \u00fcreten \u0130yi Parti Antalya B\u00fcy\u00fck\u015fehir Belediye Ba\u015fkan Aday\u0131 Nesrin \u00dcnal, trafik ve toplu ula\u015f\u0131mla ilgili projesini anlatt\u0131. \u00dcnal, \u201cTrafik sorunu, ne yaz\u0131k ki Antalya&#8217;m\u0131z\u0131n kronik sorunlar\u0131ndan biridir. Trafik sorununu \u00e7\u00f6zebilmek i\u00e7in \u015fehrimizin konuya yakla\u015f\u0131m\u0131n\u0131 de\u011fi\u015ftirerek, \u015fehrimizi ara\u00e7 \u00f6ncelikli olmaktan \u00e7\u0131kar\u0131p yaya \u00f6ncelikli hale getirece\u011fiz. Toplu ta\u015f\u0131man\u0131n kalitesini ve hizmet b\u00f6lgesini art\u0131rarak, insan\u0131m\u0131z\u0131 toplu ta\u015f\u0131may\u0131 kullanmaya te\u015fvik edece\u011fiz. Antalya&#8217;m\u0131z genelinde rayl\u0131 ula\u015f\u0131m\u0131 art\u0131rarak \u015fehir genelindeki ara\u00e7 ba\u011f\u0131ml\u0131l\u0131\u011f\u0131n\u0131 azaltacak ve yakla\u015fan iklim krizine kar\u015f\u0131 \u00f6nlem olmas\u0131 i\u00e7in \u015fehrimizde ara\u00e7 kullan\u0131m\u0131n\u0131 azaltarak karbon sal\u0131n\u0131m\u0131n\u0131 da d\u00fc\u015f\u00fcrece\u011fiz\u201d dedi.<\/p>\n\n\n\n<p>RAYLI S\u0130STEM A\u011eI GEN\u0130\u015eLEYECEK<\/p>\n\n\n\n<p>Toplu ta\u015f\u0131man\u0131n yan\u0131 s\u0131ra, bisiklet kullan\u0131m\u0131 ve yaya y\u00fcr\u00fcy\u00fc\u015f\u00fcn\u00fc \u00f6zendireceklerini belirten \u00dcnal, \u2018Bizim Yolumuz\u2019 projesinin ayr\u0131nt\u0131lar\u0131ndan bahsetti. \u00dcnal, \u201c\u015eehrimizin trafik sorununu kal\u0131c\u0131 olarak \u00e7\u00f6zerek, insan\u0131m\u0131z\u0131n ula\u015f\u0131m ihtiya\u00e7lar\u0131 i\u00e7in birincil olarak toplu ta\u015f\u0131ma sistemlerini kullanmas\u0131n\u0131 hedefledi\u011fimiz Bizim Yolumuz Projesi \u00e7er\u00e7evesinde, rayl\u0131 sistem a\u011f\u0131n\u0131 geni\u015fletece\u011fiz. Mevcut toplu ta\u015f\u0131ma ara\u00e7lar\u0131n\u0131 rehabilite ederek ara\u00e7 s\u0131kl\u0131\u011f\u0131n\u0131 art\u0131racak, toplu ta\u015f\u0131may\u0131 cazip hale getirece\u011fiz. Toplu ta\u015f\u0131ma ara\u00e7lar\u0131n\u0131 \u00f6ncelikle hibrit ve elektrikli olarak yenileme hedefiyle yola \u00e7\u0131karak, belediyemizin karbon sal\u0131n\u0131m\u0131n\u0131 ve fosil yak\u0131tlara ba\u011fl\u0131l\u0131\u011f\u0131n\u0131 azaltaca\u011f\u0131z. Bisikletle ula\u015f\u0131m\u0131 art\u0131rmak ve \u00f6zendirmek i\u00e7in kal\u0131c\u0131 projeler haz\u0131rlayarak \u015fehrimizi rahatlatacak ve insanlar\u0131m\u0131z\u0131n sa\u011fl\u0131kl\u0131 ya\u015famas\u0131na katk\u0131da bulunaca\u011f\u0131z. \u015eehrimizde uygulayaca\u011f\u0131m\u0131z radikal \u00e7\u00f6z\u00fcmlerle, Antalya&#8217;y\u0131 yollar etraf\u0131na in\u015fa etme fikrinden vazge\u00e7ip \u015fehrimize b\u00fcy\u00fck bir trafi\u011fe kapal\u0131 park\/meydan kazand\u0131racak ve meydan etraf\u0131nda y\u00fcr\u00fcyerek ula\u015f\u0131m\u0131 \u00f6zendirece\u011fiz. Antalya y\u00fcr\u00fcyen \u015fehir olacak. Bunun i\u00e7in yaya yollar\u0131 d\u00fczenlemesi yap\u0131lacak\u201d dedi.<\/p>\n\n\n\n<p>OTOPARKLAR TOPLU ULA\u015eIM \u0130LE ENTEGRE ED\u0130LECEK<\/p>\n\n\n\n<p>Otopark konusuna da \u00e7\u00f6zeceklerini belirten \u0130yi Parti Antalya B\u00fcy\u00fck\u015fehir Belediye Ba\u015fkan Aday\u0131 Nesrin \u00dcnal, \u201cOtoparklar\u0131 \u015fehir d\u0131\u015f\u0131na ta\u015f\u0131yaca\u011f\u0131z ve toplu ula\u015f\u0131m ile entegre edece\u011fiz. &nbsp;\u0130l\u00e7e ve k\u00f6ylerimizin yollar\u0131n\u0131 yenileyerek \u015fehrimizin ula\u015f\u0131m sorunlar\u0131n\u0131 kal\u0131c\u0131 olarak \u00e7\u00f6zece\u011fiz. Kundu ve Konyaalt\u0131 aras\u0131ndaki trafik sorununu kal\u0131c\u0131 olarak \u00e7\u00f6zece\u011fiz. Trafi\u011fin s\u00fcrekli kilitlendi\u011fi yeni Sanayi ile Uncal\u0131 gibi kav\u015faklara kal\u0131c\u0131 \u00e7\u00f6z\u00fcmler uygulayaca\u011f\u0131z. Deniz ula\u015f\u0131m\u0131n\u0131 art\u0131raca\u011f\u0131z. Antalya&#8217;m\u0131z\u0131n sahip oldu\u011fu 640 kilometrelik sahilde sadece on adet olan tekne indirme yerinin say\u0131s\u0131n\u0131 art\u0131racak, iskeleler kurarak deniz ula\u015f\u0131m\u0131n\u0131 \u00f6zendirece\u011fiz\u201d \u015feklinde konu\u015ftu.<\/p>\n\n\n\n<p>Haber Merkezi<\/p>\n","protected":false},"excerpt":{"rendered":"<p>\u0130yi Parti Antalya B\u00fcy\u00fck\u015fehir Belediye Ba\u015fkan Aday\u0131 Nesrin \u00dcnal, kentin kronikle\u015fen ula\u015f\u0131m ve trafik sorununu, \u2018Bizim Yolumuz\u2019 projesi ile \u00e7\u00f6zece\u011fini s\u00f6yledi. \u00dcnal, \u201cToplu ta\u015f\u0131ma kalitesi <a href=\"https:\/\/akdenizhaber.com.tr\/index.php\/2024\/03\/12\/iyi-parti-antalya-buyuksehir-belediye-baskan-adayi-nesrin-unal-otoparklar-toplu-ulasim-ile-entegre-edilecek\/\" class=\"read-more-link\">[more&#8230;]<\/a><\/p>\n","protected":false},"author":2,"featured_media":21481,"comment_status":"open","ping_status":"open","sticky":false,"template":"","format":"standard","meta":{"footnotes":""},"categories":[2],"tags":[],"class_list":["post-21480","post","type-post","status-publish","format-standard","has-post-thumbnail","hentry","category-gundem"],"_links":{"self":[{"href":"https:\/\/akdenizhaber.com.tr\/index.php\/wp-json\/wp\/v2\/posts\/21480","targetHints":{"allow":["GET"]}}],"collection":[{"href":"https:\/\/akdenizhaber.com.tr\/index.php\/wp-json\/wp\/v2\/posts"}],"about":[{"href":"https:\/\/akdenizhaber.com.tr\/index.php\/wp-json\/wp\/v2\/types\/post"}],"author":[{"embeddable":true,"href":"https:\/\/akdenizhaber.com.tr\/index.php\/wp-json\/wp\/v2\/users\/2"}],"replies":[{"embeddable":true,"href":"https:\/\/akdenizhaber.com.tr\/index.php\/wp-json\/wp\/v2\/comments?post=21480"}],"version-history":[{"count":0,"href":"https:\/\/akdenizhaber.com.tr\/index.php\/wp-json\/wp\/v2\/posts\/21480\/revisions"}],"wp:featuredmedia":[{"embeddable":true,"href":"https:\/\/akdenizhaber.com.tr\/index.php\/wp-json\/wp\/v2\/media\/21481"}],"wp:attachment":[{"href":"https:\/\/akdenizhaber.com.tr\/index.php\/wp-json\/wp\/v2\/media?parent=21480"}],"wp:term":[{"taxonomy":"category","embeddable":true,"href":"https:\/\/akdenizhaber.com.tr\/index.php\/wp-json\/wp\/v2\/categories?post=21480"},{"taxonomy":"post_tag","embeddable":true,"href":"https:\/\/akdenizhaber.com.tr\/index.php\/wp-json\/wp\/v2\/tags?post=21480"}],"curies":[{"name":"wp","href":"https:\/\/api.w.org\/{rel}","templated":true}]}}