{"id":21474,"date":"2024-03-12T13:08:30","date_gmt":"2024-03-12T10:08:30","guid":{"rendered":"https:\/\/akdenizhaber.com.tr\/?p=21474"},"modified":"2024-03-12T13:08:30","modified_gmt":"2024-03-12T10:08:30","slug":"geleneksel-varsak-gureslerine-er-meydani","status":"publish","type":"post","link":"https:\/\/akdenizhaber.com.tr\/index.php\/2024\/03\/12\/geleneksel-varsak-gureslerine-er-meydani\/","title":{"rendered":"Geleneksel Varsak G\u00fcre\u015flerine Er Meydan\u0131"},"content":{"rendered":"\n<p><\/p>\n\n\n\n<p>Varsak G\u00fcre\u015f Sahas\u0131\u2019n\u0131 \u015fehre kazand\u0131ran Antalya B\u00fcy\u00fck\u015fehir Belediye Ba\u015fkan aday\u0131 Hakan T\u00fct\u00fcnc\u00fc, g\u00fcre\u015f m\u00fczesi, kadim g\u00fcre\u015flerin kurumsalla\u015ft\u0131r\u0131lmas\u0131, il\u00e7elere g\u00fcre\u015f e\u011fitim merkezi yap\u0131lmas\u0131 ve ba\u015fpehlivanlara B\u00fcy\u00fck\u015fehir deste\u011fi m\u00fcjdesi verdi. T\u00fct\u00fcnc\u00fc, \u201cyeni d\u00f6nem, g\u00fcre\u015fin de alt\u0131n \u00e7a\u011f\u0131 olacak.\u201d dedi<\/p>\n\n\n\n<p>Kepez Belediye Ba\u015fkan\u0131 ve Cumhur \u0130ttifak\u0131 Antalya B\u00fcy\u00fck\u015fehir Belediye Ba\u015fkan aday\u0131 Hakan T\u00fct\u00fcnc\u00fc, pehlivanlara s\u00f6z\u00fcn\u00fc verdi\u011fi g\u00fcre\u015f sahas\u0131 s\u00f6z\u00fcn\u00fc tuttu.<br>Varsak b\u00f6lgesinde Aktoprak Mahallesi\u2019nde yap\u0131m\u0131 tamamlanan er meydan\u0131,&nbsp; pehlivanlar\u0131n hizmetine sunuldu.<br>Kapal\u0131 trib\u00fcn\u00fc, 2 bin metrekare \u00e7ay\u0131r\u0131, soyunma odalar\u0131 ve otopark\u0131yla Antalya\u2019n\u0131n ya\u011fl\u0131 g\u00fcre\u015fteki ba\u015far\u0131s\u0131na yara\u015f\u0131r bir tesis olan Varsak G\u00fcre\u015f Sahas\u0131, ge\u00e7ti\u011fimiz Pazar g\u00fcn\u00fc t\u00f6renle hizmete a\u00e7\u0131ld\u0131.<\/p>\n\n\n\n<p>GELENEKSEL VARSAK G\u00dcRE\u015eLER\u0130NE ER MEYDANI<br>Ba\u015fkan Hakan T\u00fct\u00fcnc\u00fc,&nbsp; t\u00f6rende yapt\u0131\u011f\u0131 konu\u015fmada Varsak b\u00f6lgesinde ata sporun \u00e7ok sevildi\u011fini an\u0131msatt\u0131. Varsak b\u00f6lgesinde, son 5 y\u0131ldan bu yana geleneksel ya\u011fl\u0131 g\u00fcre\u015flerin d\u00fczenledi\u011fini aktaran Ba\u015fkan T\u00fct\u00fcnc\u00fc, s\u00f6zlerini \u015f\u00f6yle s\u00fcrd\u00fcrd\u00fc:\u201c G\u00fczel bir gelene\u011fe d\u00f6n\u00fc\u015fen Varsak G\u00fcre\u015flerine bir er meydan\u0131 yapal\u0131m istedik. Aktoprak Mahallesi\u2019nde tesisi yapaca\u011f\u0131m\u0131z uygun olan araziyi bulduk.&nbsp; Projeyi haz\u0131rlad\u0131k ve ge\u00e7ti\u011fimiz y\u0131l g\u00fcre\u015f sahas\u0131n\u0131n in\u015faat\u0131n\u0131 ba\u015flatt\u0131k.<\/p>\n\n\n\n<p>20 M\u0130LYONLUK B\u0130R YATIRIM<br>Projeyi haz\u0131rlarken sahay\u0131 biraz daha b\u00fcy\u00fck yapal\u0131m istedik. Bu tesis ile Varsak\u2019\u0131n g\u00fcre\u015fte merkez olmas\u0131n\u0131 arzu ettik. Sahaya \u00fczeri kapal\u0131 bir protokol trib\u00fcn\u00fcn\u00fc yapt\u0131k. Tesisin yap\u0131m maliyeti 20 milyon TL buluyor. Sahan\u0131n alt yap\u0131lar\u0131n\u0131 yapt\u0131k. Portatif trib\u00fcnlerin kurulabilece\u011fi alanlar\u0131 da haz\u0131rlad\u0131k.<br>\u0130n\u015fallah \u00f6n\u00fcm\u00fczdeki s\u00fcre\u00e7te bu tesis, d\u00f6rt taraf\u0131na trib\u00fcn yap\u0131larak, T\u00fcrkiye\u2019nin ve Antalya\u2019n\u0131n en g\u00fczeli olmaya aday bir g\u00fcre\u015f sahas\u0131 olacak.<br>Ak Parti Kepez Belediye Ba\u015fkan aday\u0131m\u0131z R\u0131za S\u00fcmer Ba\u015fkan\u0131mla gelecek d\u00f6nemde portatif trib\u00fcnlerinin yerine kal\u0131c\u0131 trib\u00fcn yapmay\u0131 planl\u0131yoruz.\u201d<\/p>\n\n\n\n<p>T\u00fct\u00fcnc\u00fc,&nbsp; Nisan ay\u0131nda Ramazan Bayram\u0131\u2019ndan sonra Antalya B\u00fcy\u00fck\u015fehir Belediyesi ve Kepez Belediyesi i\u015fbirli\u011fiyle Varsak \u00e7ay\u0131r\u0131nda g\u00fczel bir g\u00fcre\u015f organizasyonu d\u00fczenleyeceklerini kaydetti.<\/p>\n\n\n\n<p>ELMALI\u2019YA G\u00dcRE\u015e TAR\u0130H\u0130 M\u00dcZES\u0130<br>Antalya B\u00fcy\u00fck\u015fehir Belediye Ba\u015fkan aday\u0131 Hakan T\u00fct\u00fcnc\u00fc, g\u00fcre\u015fte yapaca\u011f\u0131 projelere ilgili \u015fu m\u00fcjdeleri verdi: \u201cAntalya\u2019n\u0131n alt\u0131n \u00e7a\u011f\u0131nda g\u00fcre\u015fi \u015fehrin en \u00f6nemli gen\u00e7lik, spor, k\u00fclt\u00fcr ve tan\u0131t\u0131m unsuru olarak kabul edece\u011fiz.<br>Bu kapsamda ge\u00e7ti\u011fimiz hafta yapt\u0131\u011f\u0131m\u0131z proje tan\u0131t\u0131m toplant\u0131s\u0131nda \u00f6zellikle Elmal\u0131\u2019ya ayr\u0131 bir parantez a\u00e7t\u0131k. Tarihi K\u0131rkp\u0131nar G\u00fcre\u015flerinden daha eski g\u00fcre\u015f etkinli\u011fine ev sahipli\u011fi yapan Elmal\u0131 il\u00e7emizde, T\u00fcrkiye\u2019nin en g\u00fczel g\u00fcre\u015f tarihi m\u00fczesini kuraca\u011f\u0131z. Kepez\u2019e 13 tane m\u00fcze yapm\u0131\u015f bir belediye ba\u015fkan\u0131 olarak T\u00fcrkiye\u2019nin en g\u00fczel g\u00fcre\u015f tarihi m\u00fczesini Antalya\u2019ya kazand\u0131racak bilgimiz, deneyimimiz mevut.<\/p>\n\n\n\n<p>ALTIN K\u0130RAZ G\u00dcRE\u015eLER\u0130 KURUMSALLA\u015eIYOR<br>Benim ata topra\u011f\u0131m Korkuteli il\u00e7emizde \u00e7ocuklu\u011fumda seyretti\u011fim g\u00fcre\u015fler vard\u0131. Bu Alt\u0131n Kiraz G\u00fcre\u015flerini de Korkuteli i\u00e7in kurumsalla\u015ft\u0131r\u0131yoruz.&nbsp; Antalya\u2019n\u0131n t\u00fcm il\u00e7elerindeki pehlivanlarla g\u00fcre\u015f camias\u0131yla kalbimizi, g\u00f6nl\u00fcm\u00fcz\u00fc birle\u015ftirece\u011fiz. B\u00f6ylelikle Antalya\u2019y\u0131 g\u00fcre\u015fin merkezi yapaca\u011f\u0131z.<\/p>\n\n\n\n<p>BA\u015ePEHL\u0130VANLARA B\u00dcY\u00dcK\u015eEH\u0130R DESTE\u011e\u0130<br>Bizim d\u00f6nemimizde Antalya B\u00fcy\u00fck\u015fehir Belediyesi ile \u00e7al\u0131\u015fmak isteyen hangi pehlivan\u0131m\u0131z varsa o pehlivanlar\u0131m\u0131z\u0131n hepsine belediyenin b\u00fct\u00fcn imkanlar\u0131n\u0131 sonuna kadar a\u00e7an bir belediye ba\u015fkan\u0131 olaca\u011f\u0131ma s\u00f6z veriyorum.<\/p>\n\n\n\n<p>Biz de g\u00fcre\u015fin i\u00e7erisine siyaset girmez. Ama biz de siyasetin i\u00e7ine de g\u00fcre\u015f girmez. Ata sporumuz g\u00fcre\u015fe duydu\u011fumuz sayg\u0131dan, sevgiden dolay\u0131 g\u00fcre\u015fe yat\u0131r\u0131m yap\u0131yoruz. Hi\u00e7 kimseyi \u00f6tekile\u015ftirmeden pehlivanlar\u0131m\u0131zla birlikte bir olaca\u011f\u0131z ve Antalya\u2019y\u0131 temsil edece\u011fiz.<\/p>\n\n\n\n<p>19 \u0130L\u00c7EYE G\u00dcRE\u015e E\u011e\u0130T\u0130M MERKEZ\u0130<br>Kepez il\u00e7emizde 15 y\u0131l boyunca spor alt yap\u0131s\u0131 benim en \u00e7ok ilgilendi\u011fim konu oldu. Bir belediye ba\u015fkan\u0131n\u0131n spora deste\u011fi alt yap\u0131ya ne kadar yat\u0131r\u0131m yapt\u0131\u011f\u0131 ile \u00f6l\u00e7\u00fcl\u00fcr. Ya\u011fl\u0131 g\u00fcre\u015fin alt yap\u0131s\u0131 da bizim d\u00f6nemimizde en \u00f6nemli \u00f6nceliklerimizden biri olacak. B\u00fct\u00fcn il\u00e7elerimize ya\u011fl\u0131 g\u00fcre\u015f e\u011fitim merkezlerini 5 y\u0131l i\u00e7erisinde kuraca\u011f\u0131z. G\u00fcre\u015f camiam\u0131z\u0131n de\u011ferli isimlerini bu merkezlerde istihdam edece\u011fiz. B\u00f6ylelikle yeni ba\u015fpehlivanlar\u0131n bu topraklarda \u00e7\u0131kmas\u0131n\u0131n \u00f6n\u00fcn\u00fc a\u00e7m\u0131\u015f olaca\u011f\u0131z.<\/p>\n\n\n\n<p>1N\u0130SAN\u2019DA G\u00dcRE\u015eTE ALTIN \u00c7A\u011e BA\u015eLIYOR<\/p>\n\n\n\n<p>Ba\u015fta Elmal\u0131 G\u00fcre\u015fleri olmak \u00fczere Antalya\u2019n\u0131n mevcut g\u00fcre\u015f organizasyonlar\u0131n\u0131 T\u00fcrkiye genelinde tan\u0131tmak,&nbsp; kat\u0131l\u0131m\u0131 art\u0131rmak \u015fehre bir vefa borcumuzdur.<br>Tesis, m\u00fcze, kadim g\u00fcre\u015flerin kurumsula\u015fmas\u0131, alt yap\u0131 ve tan\u0131t\u0131m dedim. B\u00fct\u00fcn pehlivanlar\u0131n B\u00fcy\u00fck\u015fehir Belediyesi ile \u00e7al\u0131\u015fabilece\u011fi imkanlar\u0131 bulabilece\u011fini s\u00f6yledim. G\u00fcre\u015fin i\u00e7erisine siyaset, siyasetin i\u00e7erisine g\u00fcre\u015fi sokmayaca\u011f\u0131m\u0131 s\u00f6yledim. Bunlar g\u00fcre\u015f camias\u0131na taahh\u00fctlerimdir.<br>Bug\u00fcne kadar ne s\u00f6ylediysem yerine getirdim. Rabbim bana verdi\u011fim hi\u00e7bir s\u00f6z\u00fc tutmam\u0131\u015f olmay\u0131 g\u00f6stermedi. 1 Nisan 2024 tarihinde ba\u015flayacak olan yeni d\u00f6nem, g\u00fcre\u015fin de alt\u0131n \u00e7a\u011f\u0131 olacak. Pehlivanlar\u0131m\u0131z, hakemlerimiz, davulcular\u0131m\u0131z\u0131, cazg\u0131rlar\u0131maz, a\u011falar\u0131m\u0131z, federasyon temsilcilerimiz t\u00fcm g\u00fcre\u015f camiam\u0131z benim i\u00e7in \u00e7ok k\u0131ymetlidir.\u201d<\/p>\n\n\n\n<p>&nbsp;M\u0130N\u0130K PEHL\u0130VANLAR VARSAK \u00c7AYIRI\u2019NDA<br>Ba\u015fkan T\u00fct\u00fcnc\u00fc, konu\u015fmas\u0131n\u0131n ard\u0131ndan Varsak G\u00fcre\u015f Sahas\u0131n\u0131, Ak Parti Antalya Milletvekili \u0130brahim Ethem Ta\u015f,&nbsp; Ak Parti Kepez Belediye Ba\u015fkan aday\u0131 R\u0131za S\u00fcmer, Ak parti Kepez \u0130l\u00e7e Ba\u015fkan\u0131 Mehmet \u00c7ivik, MHP Kepez \u0130l\u00e7e Ba\u015fkan\u0131 Servet Ersoy, Antalya Gen\u00e7lik ve Spor \u0130l M\u00fcd\u00fcr\u00fc Yavuz G\u00fcrhan, Antalyal\u0131 ba\u015fpehlivanlar ve di\u011fer davetlilerle, yap\u0131lan duan\u0131n ard\u0131ndan kurdeleyi keserek hizmeti a\u00e7t\u0131.<\/p>\n\n\n\n<p>A\u00e7\u0131l\u0131\u015f\u0131n ard\u0131ndan minik pehlivanlar Varsak er meydan\u0131nda g\u00f6steri ma\u00e7\u0131 yapt\u0131.<\/p>\n\n\n\n<p>VARSAK \u00c7AYIRI 2 B\u0130N M2<br>Varsak G\u00fcre\u015f Sahas\u0131, Aktoprak Mahallesi \u015eehit B\u00fclent Alkan Caddesi\u2019nde 5 bin 517 m2 (Metrekare) alana in\u015fa edildi. \u0130n\u015faat \u00e7al\u0131\u015fmalar\u0131 tamamlanan g\u00fcre\u015f sahas\u0131n\u0131n 627 koltuklu betonarme kapal\u0131 trib\u00fcn\u00fc bulunuyor. Tesisin koltuk rengi, eski Varsak Belediyesinin kurumsal renkleri olan ye\u015fil ve beyaz olarak se\u00e7ildi. &nbsp;Tesisin seyirci kapasitesi, portatif trib\u00fcnlerle art\u0131rabilecek. Kapal\u0131 trib\u00fcn\u00fcn alt\u0131nda ise hakem ve soyunma odalar\u0131yla, lavabolar bulunuyor. Tesisin,&nbsp; geni\u015fli\u011fi 70 metre, uzunlu\u011fu 80 metre olan \u00e7im sahas\u0131n\u0131n b\u00fcy\u00fckl\u00fc\u011f\u00fc 2 bin m2.&nbsp;<\/p>\n\n\n\n<p>Haber Merkezi<\/p>\n","protected":false},"excerpt":{"rendered":"<p>Varsak G\u00fcre\u015f Sahas\u0131\u2019n\u0131 \u015fehre kazand\u0131ran Antalya B\u00fcy\u00fck\u015fehir Belediye Ba\u015fkan aday\u0131 Hakan T\u00fct\u00fcnc\u00fc, g\u00fcre\u015f m\u00fczesi, kadim g\u00fcre\u015flerin kurumsalla\u015ft\u0131r\u0131lmas\u0131, il\u00e7elere g\u00fcre\u015f e\u011fitim merkezi yap\u0131lmas\u0131 ve ba\u015fpehlivanlara B\u00fcy\u00fck\u015fehir <a href=\"https:\/\/akdenizhaber.com.tr\/index.php\/2024\/03\/12\/geleneksel-varsak-gureslerine-er-meydani\/\" class=\"read-more-link\">[more&#8230;]<\/a><\/p>\n","protected":false},"author":2,"featured_media":21475,"comment_status":"open","ping_status":"open","sticky":false,"template":"","format":"standard","meta":{"footnotes":""},"categories":[2],"tags":[],"class_list":["post-21474","post","type-post","status-publish","format-standard","has-post-thumbnail","hentry","category-gundem"],"_links":{"self":[{"href":"https:\/\/akdenizhaber.com.tr\/index.php\/wp-json\/wp\/v2\/posts\/21474","targetHints":{"allow":["GET"]}}],"collection":[{"href":"https:\/\/akdenizhaber.com.tr\/index.php\/wp-json\/wp\/v2\/posts"}],"about":[{"href":"https:\/\/akdenizhaber.com.tr\/index.php\/wp-json\/wp\/v2\/types\/post"}],"author":[{"embeddable":true,"href":"https:\/\/akdenizhaber.com.tr\/index.php\/wp-json\/wp\/v2\/users\/2"}],"replies":[{"embeddable":true,"href":"https:\/\/akdenizhaber.com.tr\/index.php\/wp-json\/wp\/v2\/comments?post=21474"}],"version-history":[{"count":0,"href":"https:\/\/akdenizhaber.com.tr\/index.php\/wp-json\/wp\/v2\/posts\/21474\/revisions"}],"wp:featuredmedia":[{"embeddable":true,"href":"https:\/\/akdenizhaber.com.tr\/index.php\/wp-json\/wp\/v2\/media\/21475"}],"wp:attachment":[{"href":"https:\/\/akdenizhaber.com.tr\/index.php\/wp-json\/wp\/v2\/media?parent=21474"}],"wp:term":[{"taxonomy":"category","embeddable":true,"href":"https:\/\/akdenizhaber.com.tr\/index.php\/wp-json\/wp\/v2\/categories?post=21474"},{"taxonomy":"post_tag","embeddable":true,"href":"https:\/\/akdenizhaber.com.tr\/index.php\/wp-json\/wp\/v2\/tags?post=21474"}],"curies":[{"name":"wp","href":"https:\/\/api.w.org\/{rel}","templated":true}]}}