{"id":21471,"date":"2024-03-12T13:07:16","date_gmt":"2024-03-12T10:07:16","guid":{"rendered":"https:\/\/akdenizhaber.com.tr\/?p=21471"},"modified":"2024-03-12T13:07:16","modified_gmt":"2024-03-12T10:07:16","slug":"baskan-bocekten-genclerle-muhtesem-bulusma","status":"publish","type":"post","link":"https:\/\/akdenizhaber.com.tr\/index.php\/2024\/03\/12\/baskan-bocekten-genclerle-muhtesem-bulusma\/","title":{"rendered":"Ba\u015fkan B\u00f6cek\u2019ten gen\u00e7lerle muhte\u015fem bulu\u015fma"},"content":{"rendered":"\n<p><\/p>\n\n\n\n<p>Antalya B\u00fcy\u00fck\u015fehir Belediye Ba\u015fkan\u0131 Muhittin B\u00f6cek, \u2018Antalya Gen\u00e7lik \u00c7al\u0131\u015ftay\u0131\u2019nda gen\u00e7lerle bir araya gelerek, co\u015fkular\u0131na ortak oldu. Ba\u015fkan Muhittin B\u00f6cek, g\u00fcnd\u00fcz gen\u00e7lerle konser izlerken, ak\u015fam da kamp ate\u015finde sorular\u0131n\u0131 yan\u0131tlad\u0131. Gen\u00e7lere y\u00f6nelik projelerin m\u00fcjdesi veren Ba\u015fkan Muhittin B\u00f6cek, \u2018Ben gen\u00e7lerle hep gurur duydum. Gen\u00e7lerin Muhittin A\u011fabeyi olarak yeni d\u00f6nem de Antalya&#8217;y\u0131 birlikte y\u00f6neterek gelece\u011fe y\u00fcr\u00fcmeye devam edece\u011fim\u2019 diye konu\u015ftu.<\/p>\n\n\n\n<p>Antalya B\u00fcy\u00fck\u015fehir Belediyesi Gen\u00e7lik ve Spor Hizmetleri Daire Ba\u015fkanl\u0131\u011f\u0131 taraf\u0131ndan y\u00fcr\u00fct\u00fclen gen\u00e7lik \u00e7al\u0131\u015fmalar\u0131 kapsam\u0131nda gen\u00e7lerin sorun ve ihtiya\u00e7lar\u0131n\u0131 konu\u015fabilecekleri alanlar yarat\u0131lmas\u0131 amac\u0131yla Gen\u00e7lik \u00d6rg\u00fctleri Forumu(GoFor) i\u015f birli\u011fi ile Antalya Gen\u00e7lik \u00c7al\u0131\u015ftay\u0131 d\u00fczenlendi. Antalya\u2019n\u0131n t\u00fcm il\u00e7elerinden gelen gen\u00e7lerin kat\u0131l\u0131m\u0131yla ger\u00e7ekle\u015fen ve iki g\u00fcn s\u00fcren \u00e7al\u0131\u015ftayda gen\u00e7ler, fikirlerini payla\u015fabilecekleri bir alanda bir araya geldi.<\/p>\n\n\n\n<p>GEN\u00c7LERLE B\u0130RL\u0130KTE Y\u00dcR\u00dcYECE\u011e\u0130Z<\/p>\n\n\n\n<p>\u00c7al\u0131\u015ftay\u0131n ikinci g\u00fcn\u00fcnde Antalya B\u00fcy\u00fck\u015fehir Belediye Ba\u015fkan\u0131 Muhittin B\u00f6cek, gen\u00e7lerle bir araya geldi. Ba\u015fkan B\u00f6cek, gen\u00e7lerin yo\u011fun sevgi g\u00f6steriyle kar\u015f\u0131land\u0131. Gen\u00e7lerin alk\u0131\u015flar\u0131 ve tezah\u00fcratlar\u0131 aras\u0131nda salona giren Ba\u015fkan B\u00f6cek\u2019e CHP Antalya Milletvekili Aliye Co\u015far ve CHP Muratpa\u015fa \u0130l\u00e7e Ba\u015fkan\u0131 Can Okan K\u0131ran da e\u015flik etti. \u00c7al\u0131\u015ftayda gen\u00e7lere hitap eden Ba\u015fkan Muhittin B\u00f6cek, \u2018Ben gen\u00e7lerle hep gurur duydum\u2019 diyerek ba\u015flad\u0131\u011f\u0131 konu\u015fmas\u0131nda \u201cGelece\u011fimizin teminat\u0131 siz gen\u00e7ler ile Antalya&#8217;y\u0131 birlikte y\u00f6neterek gelece\u011fe y\u00fcr\u00fcmeye devam edece\u011fim. B\u00fcy\u00fck\u015fehir Belediyesi olarak gen\u00e7lere y\u00f6nelik her alanda projeler yapt\u0131k. 4 bin 14 ihtiya\u00e7 olan \u00f6\u011frencimize e\u011fitim yard\u0131m\u0131 verdik\u201d dedi.<\/p>\n\n\n\n<p>GEN\u00c7LERE YEN\u0130 D\u00d6NEM M\u00dcJDELER\u0130<\/p>\n\n\n\n<p>Gen\u00e7lere yeni d\u00f6nem projeleri m\u00fcjdesi veren Ba\u015fkan B\u00f6cek, \u201c\u00dcniversite \u00f6\u011frencilerine verdi\u011fimiz 5 ton \u00fccretsiz su deste\u011fini \u00f6n\u00fcm\u00fczdeki d\u00f6nem 10 tona \u00e7\u0131karaca\u011f\u0131z. Bu d\u00f6nem 5 \u00f6\u011frenci yurdu yapt\u0131m, yeni d\u00f6nemde 5 yurt daha yapaca\u011f\u0131m. Gen\u00e7lerimizin s\u0131navlara daha rahat ve verimli bir ortamda \u00e7al\u0131\u015fabilmeleri i\u00e7in 19 il\u00e7emize \u2018S\u0131nav K\u00fct\u00fcphaneleri\u2019 projemizi yapaca\u011f\u0131z, e\u011fitim yard\u0131m\u0131 verdi\u011fimiz \u00f6\u011frenci say\u0131m\u0131z\u0131 15 bine \u00e7\u0131kartaca\u011f\u0131z, dijital i\u00e7erik \u00fcretmek ve m\u00fczik yapmak isteyen gen\u00e7lerimiz i\u00e7in donan\u0131ml\u0131 st\u00fcdyolar kuraca\u011f\u0131z. D\u00fcnyada ve T\u00fcrkiye&#8217;de y\u00fckseli\u015fte olan E-spor\u2019da da Antalya\u2019y\u0131 d\u00fcnyan\u0131n merkezi yapaca\u011f\u0131z\u2019 dedi.<\/p>\n\n\n\n<p>BA\u015eKAN B\u00d6CEK GEN\u00c7LERLE KONSER D\u0130NLED\u0130<\/p>\n\n\n\n<p>B\u00fcy\u00fck\u015fehir Belediye Ba\u015fkan\u0131 Muhittin B\u00f6cek konu\u015fmas\u0131n\u0131n ard\u0131ndan Gen\u00e7lik \u00d6rg\u00fctleri Forumu Genel Koordinat\u00f6r\u00fc Hasan O\u011fuzhan Ayta\u00e7 ile gen\u00e7lik \u00e7al\u0131\u015fmalar\u0131 alan\u0131nda i\u015f birli\u011fi protokol\u00fcn\u00fc ve Gen\u00e7lik Haklar\u0131 S\u00f6zle\u015fmesini imzalad\u0131. Ba\u015fkan B\u00f6cek daha sonra gen\u00e7lerle birlikte \u0130kiye On Kala Grubu konserini izledi. Ba\u015fkan B\u00f6cek, gen\u00e7lerle \u015fark\u0131lara e\u015flik ederek, gen\u00e7lerin co\u015fkular\u0131na ortak oldu.<\/p>\n\n\n\n<p>KAMP ATE\u015e\u0130NDE GEN\u00c7LERLE BULU\u015eTU<\/p>\n\n\n\n<p>Ba\u015fkan Muhittin B\u00f6cek, gen\u00e7lerle g\u00fcnd\u00fcz bulu\u015fmas\u0131n\u0131n ard\u0131ndan ak\u015fam da B\u00fcy\u00fck\u015fehir Belediye Gen\u00e7lik Kamp\u0131 ve E\u011fitim Merkezi\u2019nde kamp ate\u015finde bir araya geldi. Ba\u015fkan B\u00f6cek, \u00e7al\u0131\u015ftaya kat\u0131lan gen\u00e7lere sorulan \u2018Ben Ba\u015fkan Olsam\u2019 ve \u2018Sor Ba\u015fkana S\u00f6ylesin\u2019 kutular\u0131ndan \u00e7\u0131kan sorular\u0131 yan\u0131tlad\u0131. Gen\u00e7lerin sorular\u0131n\u0131 tek tek b\u00fcy\u00fck bir i\u00e7tenlikle yan\u0131tlayan Ba\u015fkan B\u00f6cek, gen\u00e7lere hayal kurun tavsiyesinde bulunarak, \u201cBiz sizler i\u00e7in b\u00fct\u00fcn g\u00fcc\u00fcm\u00fczle hizmet etmeye \u00e7al\u0131\u015faca\u011f\u0131z. Siz hayal kurun. Hayal kurmaktan vazge\u00e7meyin. Ben bu g\u00fcnleri hep hayal ettim ve do\u011fup b\u00fcy\u00fcd\u00fc\u011f\u00fcm bu kente sizlerin takdiri ile hizmet etme \u015fans\u0131 yakalad\u0131m\u201d dedi.<\/p>\n\n\n\n<p>Antalya B\u00fcy\u00fck\u015fehir Belediyesi \/ B\u00fclten<\/p>\n","protected":false},"excerpt":{"rendered":"<p>Antalya B\u00fcy\u00fck\u015fehir Belediye Ba\u015fkan\u0131 Muhittin B\u00f6cek, \u2018Antalya Gen\u00e7lik \u00c7al\u0131\u015ftay\u0131\u2019nda gen\u00e7lerle bir araya gelerek, co\u015fkular\u0131na ortak oldu. Ba\u015fkan Muhittin B\u00f6cek, g\u00fcnd\u00fcz gen\u00e7lerle konser izlerken, ak\u015fam da <a href=\"https:\/\/akdenizhaber.com.tr\/index.php\/2024\/03\/12\/baskan-bocekten-genclerle-muhtesem-bulusma\/\" class=\"read-more-link\">[more&#8230;]<\/a><\/p>\n","protected":false},"author":2,"featured_media":21472,"comment_status":"open","ping_status":"open","sticky":false,"template":"","format":"standard","meta":{"footnotes":""},"categories":[2],"tags":[],"class_list":["post-21471","post","type-post","status-publish","format-standard","has-post-thumbnail","hentry","category-gundem"],"_links":{"self":[{"href":"https:\/\/akdenizhaber.com.tr\/index.php\/wp-json\/wp\/v2\/posts\/21471","targetHints":{"allow":["GET"]}}],"collection":[{"href":"https:\/\/akdenizhaber.com.tr\/index.php\/wp-json\/wp\/v2\/posts"}],"about":[{"href":"https:\/\/akdenizhaber.com.tr\/index.php\/wp-json\/wp\/v2\/types\/post"}],"author":[{"embeddable":true,"href":"https:\/\/akdenizhaber.com.tr\/index.php\/wp-json\/wp\/v2\/users\/2"}],"replies":[{"embeddable":true,"href":"https:\/\/akdenizhaber.com.tr\/index.php\/wp-json\/wp\/v2\/comments?post=21471"}],"version-history":[{"count":0,"href":"https:\/\/akdenizhaber.com.tr\/index.php\/wp-json\/wp\/v2\/posts\/21471\/revisions"}],"wp:featuredmedia":[{"embeddable":true,"href":"https:\/\/akdenizhaber.com.tr\/index.php\/wp-json\/wp\/v2\/media\/21472"}],"wp:attachment":[{"href":"https:\/\/akdenizhaber.com.tr\/index.php\/wp-json\/wp\/v2\/media?parent=21471"}],"wp:term":[{"taxonomy":"category","embeddable":true,"href":"https:\/\/akdenizhaber.com.tr\/index.php\/wp-json\/wp\/v2\/categories?post=21471"},{"taxonomy":"post_tag","embeddable":true,"href":"https:\/\/akdenizhaber.com.tr\/index.php\/wp-json\/wp\/v2\/tags?post=21471"}],"curies":[{"name":"wp","href":"https:\/\/api.w.org\/{rel}","templated":true}]}}