{"id":21466,"date":"2024-03-11T12:49:57","date_gmt":"2024-03-11T09:49:57","guid":{"rendered":"https:\/\/akdenizhaber.com.tr\/?p=21466"},"modified":"2024-03-11T12:49:57","modified_gmt":"2024-03-11T09:49:57","slug":"kesik-agac","status":"publish","type":"post","link":"https:\/\/akdenizhaber.com.tr\/index.php\/2024\/03\/11\/kesik-agac\/","title":{"rendered":"KES\u0130K A\u011eA\u00c7"},"content":{"rendered":"\n<p>Side \u201cTatl\u0131su\u201ddaki eski zeytinya\u011f\u0131 fabrikas\u0131 \u00f6n\u00fcndeki as\u0131rl\u0131k a\u011fa\u00e7 ger pelit a\u011fac\u0131 d\u00fcn ac\u0131mas\u0131zca k\u00f6k\u00fcnden kesildi. Oturdum i\u00e7in i\u00e7in a\u011flayarak a\u011fac\u0131n kesik k\u00f6k\u00fcn\u00fc ok\u015fad\u0131m. Neticede biz insanlar \u201cGaliba tarihe zarar veriyor.\u201d diye as\u0131rl\u0131k a\u011faca insan oldu\u011fumuzu \u00f6\u011frettik. Ayn\u0131 biz, tarihin \u00fczerini betonla kaplad\u0131k.<br>1895&#8217;te biz Eski Antalya Selimiye yerlileri; bu tarih \u00f6ncesinde Osmanl\u0131n\u0131n Side&#8217;ye d\u00f6rt as\u0131r hi\u00e7 girmemesi neticesi insan ayak izi olmad\u0131\u011f\u0131 i\u00e7in \u00e7akal, tilki, domuz, ay\u0131 gibi hayvanat\u0131 k\u00f6yden atm\u0131\u015ft\u0131k. \u015eimdi de 2023&#8217;te biz yerlilerin ya\u015fanm\u0131\u015fl\u0131k tarihini att\u0131klar\u0131m\u0131z\u0131n iki ayakl\u0131s\u0131 att\u0131. Modern, tekno d\u00fcnyan\u0131n medeniyeti i\u015fte. Sar\u0131 \u00f6k\u00fcz\u00fcn de\u011ferini bilemedik. \u015eimdi ne \u00e7ift \u00f6k\u00fcz ne at ne de s\u0131pa kald\u0131. Eridik i\u00e7in i\u00e7in. Yedik akar i\u00e7in birbirimizi. Tarihle korunal\u0131m dedik, savrulduk. K\u00f6y\u00fcm\u00fczde koruma ama\u00e7l\u0131 imar iste\u011fimize k\u0131rk y\u0131l\u0131m\u0131z\u0131 verdik, kentsel d\u00f6n\u00fc\u015f\u00fcmle y\u0131k\u0131ld\u0131k. Tatl\u0131 suyumuz, kuyular\u0131m\u0131z topra\u011fa g\u00f6m\u00fcld\u00fc. As\u0131rl\u0131k a\u011fa\u00e7lar\u0131m\u0131z\u0131n sonlar\u0131 kesiliyor. K\u00f6y odam\u0131z, f\u0131r\u0131nlar\u0131m\u0131z \u201cYar\u0131nlar\u0131m\u0131z!\u201d diye y\u0131k\u0131ld\u0131. Kap\u0131dan k\u00f6ye zor giriyoruz. Bizden \u00f6nce tarih\u00ee bu Bizans k\u00f6y\u00fcnde d\u00f6rt as\u0131r insan yerle\u015fimi yoktu. A\u011fa\u00e7lar tarihi korudu. Sanki ben yazm\u0131\u015f\u0131m gibi taklit imza ila b\u00fcy\u00fck kom\u015fum trakt\u00f6rleriyle y\u0131kt\u0131klar\u0131n\u0131 iki bin y\u0131lda a\u011fa\u00e7lar y\u0131kmad\u0131. Antik Side yar\u0131madadaki tarihi kolonlu cadde koruma ama\u00e7l\u0131 ilk plan revize edilerek yok edildi. Koruma ama\u00e7l\u0131 plan\u0131n\u0131 kentsel d\u00f6n\u00fc\u015f\u00fcme d\u00f6nd\u00fcrd\u00fcler.<br>Tarihi betonla kapla, korunacak Selimiye yerli halk\u0131n\u0131 kap\u0131 d\u0131\u015far\u0131 at. Bir bu\u00e7uk as\u0131rl\u0131k hayat izlerini sil. As\u0131rl\u0131k a\u011fac\u0131, sa\u00e7aklar\u0131 tarihe zarar veriyor, diye ac\u0131mas\u0131zca k\u00f6k\u00fcnden kes at, \u00e7\u00f6p et.<br>Eski Antalya Selimiye&#8217;yi Side yapanlar, misafiri turist ederek turizm sekt\u00f6r\u00fcn\u00fcn \u00f6z\u00fc, mayas\u0131, kayna\u011f\u0131 olanlar bizleriz. Bizi tarihle, tarihi bizle koruyun. Biz bu Side ve turizm tarihinin y\u00fcz\u00fc, sesi, nefesiyiz. Ne bizler ne de kesilen o as\u0131rl\u0131k a\u011fa\u00e7 tarih d\u00fc\u015fman\u0131 de\u011fil.<br>Kesilen a\u011fac\u0131n k\u00f6k\u00fcn\u00fc ok\u015fayarak i\u00e7in i\u00e7in s\u0131zlay\u0131p inleyerek a\u011flad\u0131\u011f\u0131ma bakmay\u0131n siz. Biz tarihiz, tarihle ya\u015fad\u0131\u011f\u0131m\u0131z Selimiye k\u00f6y\u00fcm\u00fczde neslimiz sizlerle ya\u015fayacak Side&#8217;de.<\/p>\n\n\n\n<pre class=\"wp-block-code\"><code>  NeHaS Yazar Halil YILDIRIM<\/code><\/pre>\n","protected":false},"excerpt":{"rendered":"<p>Side \u201cTatl\u0131su\u201ddaki eski zeytinya\u011f\u0131 fabrikas\u0131 \u00f6n\u00fcndeki as\u0131rl\u0131k a\u011fa\u00e7 ger pelit a\u011fac\u0131 d\u00fcn ac\u0131mas\u0131zca k\u00f6k\u00fcnden kesildi. Oturdum i\u00e7in i\u00e7in a\u011flayarak a\u011fac\u0131n kesik k\u00f6k\u00fcn\u00fc ok\u015fad\u0131m. Neticede biz <a href=\"https:\/\/akdenizhaber.com.tr\/index.php\/2024\/03\/11\/kesik-agac\/\" class=\"read-more-link\">[more&#8230;]<\/a><\/p>\n","protected":false},"author":2,"featured_media":21234,"comment_status":"open","ping_status":"open","sticky":false,"template":"","format":"standard","meta":{"footnotes":""},"categories":[2],"tags":[],"class_list":["post-21466","post","type-post","status-publish","format-standard","has-post-thumbnail","hentry","category-gundem"],"_links":{"self":[{"href":"https:\/\/akdenizhaber.com.tr\/index.php\/wp-json\/wp\/v2\/posts\/21466","targetHints":{"allow":["GET"]}}],"collection":[{"href":"https:\/\/akdenizhaber.com.tr\/index.php\/wp-json\/wp\/v2\/posts"}],"about":[{"href":"https:\/\/akdenizhaber.com.tr\/index.php\/wp-json\/wp\/v2\/types\/post"}],"author":[{"embeddable":true,"href":"https:\/\/akdenizhaber.com.tr\/index.php\/wp-json\/wp\/v2\/users\/2"}],"replies":[{"embeddable":true,"href":"https:\/\/akdenizhaber.com.tr\/index.php\/wp-json\/wp\/v2\/comments?post=21466"}],"version-history":[{"count":0,"href":"https:\/\/akdenizhaber.com.tr\/index.php\/wp-json\/wp\/v2\/posts\/21466\/revisions"}],"wp:featuredmedia":[{"embeddable":true,"href":"https:\/\/akdenizhaber.com.tr\/index.php\/wp-json\/wp\/v2\/media\/21234"}],"wp:attachment":[{"href":"https:\/\/akdenizhaber.com.tr\/index.php\/wp-json\/wp\/v2\/media?parent=21466"}],"wp:term":[{"taxonomy":"category","embeddable":true,"href":"https:\/\/akdenizhaber.com.tr\/index.php\/wp-json\/wp\/v2\/categories?post=21466"},{"taxonomy":"post_tag","embeddable":true,"href":"https:\/\/akdenizhaber.com.tr\/index.php\/wp-json\/wp\/v2\/tags?post=21466"}],"curies":[{"name":"wp","href":"https:\/\/api.w.org\/{rel}","templated":true}]}}