{"id":21422,"date":"2024-03-11T12:35:33","date_gmt":"2024-03-11T09:35:33","guid":{"rendered":"https:\/\/akdenizhaber.com.tr\/?p=21422"},"modified":"2024-03-11T12:35:33","modified_gmt":"2024-03-11T09:35:33","slug":"bocekantalyaya-yeni-bir-yasam-alani-kazandiracagiz","status":"publish","type":"post","link":"https:\/\/akdenizhaber.com.tr\/index.php\/2024\/03\/11\/bocekantalyaya-yeni-bir-yasam-alani-kazandiracagiz\/","title":{"rendered":"B\u00f6cek,\u201cAntalya\u2019ya yeni bir ya\u015fam alan\u0131 kazand\u0131raca\u011f\u0131z\u201d"},"content":{"rendered":"\n<p><\/p>\n\n\n\n<p>Antalya B\u00fcy\u00fck\u015fehir Belediye Ba\u015fkan\u0131 ve Ba\u015fkan Aday\u0131 Muhittin B\u00f6cek Dostlar Meclisi\u2019nin konu\u011fu oldu. G\u00f6rev s\u00fcresi boyunca yapt\u0131\u011f\u0131 \u00e7al\u0131\u015fmalar\u0131 anlatan Ba\u015fkan B\u00f6cek, Antalya\u2019n\u0131n 19 il\u00e7esi 913 mahallesinde parti ay\u0131rt etmeksizin hizmet yapt\u0131\u011f\u0131n\u0131 s\u00f6yledi. Ba\u015fkan B\u00f6cek yeni d\u00f6nem de de kent ve kentli yarar\u0131na olacak pek \u00e7ok projeyi hayata ge\u00e7ireceklerini belirterek 100. Y\u0131l Ya\u015fam Alan\u0131 Projesi ile Antalya\u2019ya trafikten ar\u0131nm\u0131\u015f yeni bir ya\u015fam alan\u0131 kazand\u0131racaklar\u0131n\u0131 belirtti.<\/p>\n\n\n\n<p>Antalya Dostlar Meclisi Ba\u015fkan\u0131 Fethi Av\u015far ve \u00fcyelerin yer ald\u0131\u011f\u0131 toplant\u0131n\u0131n konu\u011fu Antalya B\u00fcy\u00fck\u015fehir Belediye Ba\u015fkan\u0131 ve Ba\u015fkan Aday\u0131 Muhittin B\u00f6cek oldu. Ba\u015fkan B\u00f6cek, alt yap\u0131dan \u00fcst yap\u0131ya, tar\u0131mdan turizme, k\u00fclt\u00fcr sanattan sa\u011fl\u0131\u011fa kadar Antalya\u2019da bir\u00e7ok hizmet ve projeyi hayata ge\u00e7irdiklerini s\u00f6yledi.<\/p>\n\n\n\n<p>100. YIL YA\u015eAM ALANI PROJES\u0130<\/p>\n\n\n\n<p>G\u00f6rev s\u00fcresi boyunca kent ve kentli yarar\u0131na olan her t\u00fcrl\u00fc projenin arkas\u0131nda durduklar\u0131n\u0131 s\u00f6yleyen Ba\u015fkan Muhittin B\u00f6cek, yeni d\u00f6nemde de bu d\u00fc\u015f\u00fcnce ile hareket edeceklerini belirtti. \u201cBiz parti ay\u0131rt etmeksizin hizmeti halk\u0131m\u0131z i\u00e7in yap\u0131yoruz\u201d diyen Ba\u015fkan B\u00f6cek, Antalya\u2019ya trafikten ar\u0131nm\u0131\u015f yeni bir ya\u015fam alan\u0131 kazand\u0131racaklar\u0131n\u0131 da s\u00f6yledi. Ba\u015fkan B\u00f6cek, \u201c100. Y\u0131l Bulvar\u0131\u2019n\u0131n Falez Kav\u015fa\u011f\u0131 ile Antalyaspor Kav\u015fa\u011f\u0131 aras\u0131nda kalan ta\u015f\u0131t yolunu yer alt\u0131na alarak k\u00fclt\u00fcr, sanat ve sporla b\u00fct\u00fcnle\u015fen yeni bir ya\u015fam alan\u0131 in\u015fa edece\u011fiz. \u015eehir Merkezi ile k\u0131y\u0131 \u015feridini birle\u015ftiren yol aks\u0131 projemiz ile yeni bir alan yarataca\u011f\u0131z\u201d diye konu\u015ftu.<\/p>\n\n\n\n<p>ANTALYA\u2019DA YA\u015eAYAN BATMANLILAR \u0130LE BULU\u015eTU<\/p>\n\n\n\n<p>Ba\u015fkan B\u00f6cek, Antalya Batmanl\u0131lar E\u011fitim ve Yard\u0131mla\u015fma Derne\u011fi\u2019nin 5. kurulu\u015f y\u0131l d\u00f6n\u00fcm\u00fc etkinli\u011fine de kat\u0131ld\u0131. Batmanl\u0131lar Bulu\u015fmas\u0131nda Antalya\u2019da ya\u015fayan Batmanl\u0131lar ve hem\u015fehri dernekleri temsilcileri ile bir araya gelen Ba\u015fkan B\u00f6cek, \u201cBiz burada ittifak\u0131m\u0131z\u0131 sizlerle beraber kurduk. Antalya\u2019da ya\u015fayan t\u00fcm vatanda\u015flar\u0131m\u0131z\u0131n emrinde ve hizmetinde olmaya devam edece\u011fiz. S\u00f6z Muhittin B\u00f6cek s\u00f6z\u00fc. Allah birli\u011fimizi beraberli\u011fimizi bozmas\u0131n\u201d dedi.<\/p>\n\n\n\n<p>Antalya B\u00fcy\u00fck\u015fehir Belediyesi \/ B\u00fclten<\/p>\n","protected":false},"excerpt":{"rendered":"<p>Antalya B\u00fcy\u00fck\u015fehir Belediye Ba\u015fkan\u0131 ve Ba\u015fkan Aday\u0131 Muhittin B\u00f6cek Dostlar Meclisi\u2019nin konu\u011fu oldu. G\u00f6rev s\u00fcresi boyunca yapt\u0131\u011f\u0131 \u00e7al\u0131\u015fmalar\u0131 anlatan Ba\u015fkan B\u00f6cek, Antalya\u2019n\u0131n 19 il\u00e7esi 913 <a href=\"https:\/\/akdenizhaber.com.tr\/index.php\/2024\/03\/11\/bocekantalyaya-yeni-bir-yasam-alani-kazandiracagiz\/\" class=\"read-more-link\">[more&#8230;]<\/a><\/p>\n","protected":false},"author":2,"featured_media":21423,"comment_status":"open","ping_status":"open","sticky":false,"template":"","format":"standard","meta":{"footnotes":""},"categories":[2],"tags":[],"class_list":["post-21422","post","type-post","status-publish","format-standard","has-post-thumbnail","hentry","category-gundem"],"_links":{"self":[{"href":"https:\/\/akdenizhaber.com.tr\/index.php\/wp-json\/wp\/v2\/posts\/21422","targetHints":{"allow":["GET"]}}],"collection":[{"href":"https:\/\/akdenizhaber.com.tr\/index.php\/wp-json\/wp\/v2\/posts"}],"about":[{"href":"https:\/\/akdenizhaber.com.tr\/index.php\/wp-json\/wp\/v2\/types\/post"}],"author":[{"embeddable":true,"href":"https:\/\/akdenizhaber.com.tr\/index.php\/wp-json\/wp\/v2\/users\/2"}],"replies":[{"embeddable":true,"href":"https:\/\/akdenizhaber.com.tr\/index.php\/wp-json\/wp\/v2\/comments?post=21422"}],"version-history":[{"count":0,"href":"https:\/\/akdenizhaber.com.tr\/index.php\/wp-json\/wp\/v2\/posts\/21422\/revisions"}],"wp:featuredmedia":[{"embeddable":true,"href":"https:\/\/akdenizhaber.com.tr\/index.php\/wp-json\/wp\/v2\/media\/21423"}],"wp:attachment":[{"href":"https:\/\/akdenizhaber.com.tr\/index.php\/wp-json\/wp\/v2\/media?parent=21422"}],"wp:term":[{"taxonomy":"category","embeddable":true,"href":"https:\/\/akdenizhaber.com.tr\/index.php\/wp-json\/wp\/v2\/categories?post=21422"},{"taxonomy":"post_tag","embeddable":true,"href":"https:\/\/akdenizhaber.com.tr\/index.php\/wp-json\/wp\/v2\/tags?post=21422"}],"curies":[{"name":"wp","href":"https:\/\/api.w.org\/{rel}","templated":true}]}}