{"id":21412,"date":"2024-03-09T13:28:41","date_gmt":"2024-03-09T10:28:41","guid":{"rendered":"https:\/\/akdenizhaber.com.tr\/?p=21412"},"modified":"2024-03-09T13:28:41","modified_gmt":"2024-03-09T10:28:41","slug":"chp-antalya-milletvekili-aliye-cosar-zarar-goren-ciftcinin-kredi-borcunu-erteleyin","status":"publish","type":"post","link":"https:\/\/akdenizhaber.com.tr\/index.php\/2024\/03\/09\/chp-antalya-milletvekili-aliye-cosar-zarar-goren-ciftcinin-kredi-borcunu-erteleyin\/","title":{"rendered":"CHP Antalya Milletvekili Aliye Co\u015far; \u2018Zarar G\u00f6ren \u00c7ift\u00e7inin Kredi Borcunu Erteleyin\u2019"},"content":{"rendered":"\n<p><\/p>\n\n\n\n<p>CHP Antalya Milletvekili Aliye Co\u015far, 5 Mart 2024 Sal\u0131 g\u00fcn\u00fc Antalya\u2019n\u0131n Kumluca, Demre, Manavgat ve Alanya il\u00e7elerinde ya\u015fanan hortum ve f\u0131rt\u0131na felaketi sonucu sera ve tar\u0131m alanlar\u0131 zarar g\u00f6ren \u00e7ift\u00e7ilerin zararlar\u0131n\u0131n tespiti ve giderilmesini TBMM g\u00fcndemine ta\u015f\u0131d\u0131. CHP Antalya Milletvekili Aliye Co\u015far, Tar\u0131m ve Orman Bakan\u0131 \u0130brahim Yumakl\u0131 taraf\u0131ndan yan\u0131tlanmas\u0131 i\u00e7in verdi\u011fi soru \u00f6nergesi sonras\u0131 yapt\u0131\u011f\u0131 a\u00e7\u0131klamada \u015fu a\u00e7\u0131klamalarda bulundu;<\/p>\n\n\n\n<p>HORTUMDAN ZARAR G\u00d6REN \u00c7\u0130FT\u00c7\u0130N\u0130N KRED\u0130 BORCUNU ERTELEY\u0130N<\/p>\n\n\n\n<p>\u201c5 Mart 2024 Sal\u0131 g\u00fcn\u00fc Antalya\u2019n\u0131n Kumluca ve Demre il\u00e7elerinde ya\u015fanan hortum felaketi sonucu \u00e7ok say\u0131da sera, tar\u0131m arazisi, konut, i\u015fyeri ve altyap\u0131 tesisi zarar g\u00f6rd\u00fc. Ayn\u0131 tarihlerde Antalya\u2019n\u0131n do\u011fusunda ya\u015fanan olumsuz hava ko\u015fullar\u0131 nedeniyle Manavgat ve Alanya il\u00e7elerinde de sera ve tar\u0131m arazileri zarar g\u00f6rm\u00fc\u015ft\u00fcr. Ekonomik kriz ortam\u0131nda \u00e7ift\u00e7inin tekrar \u00fcretime ba\u015flamas\u0131 i\u00e7in vergi bor\u00e7lar\u0131, kredi bor\u00e7lar\u0131 ertelenmeli ve faizsiz kredi sa\u011flanmal\u0131d\u0131r.<\/p>\n\n\n\n<p>S\u0130GORTASIZ \u00c7\u0130FT\u00c7\u0130N\u0130N ZARARI DA KAR\u015eILANMALI<\/p>\n\n\n\n<p>Zarar g\u00f6ren \u00e7ift\u00e7ilerimizin, t\u00fcm kay\u0131plar\u0131 i\u00e7in TARS\u0130M\u2019li olmak bir kriter olmaktan \u00e7\u0131kart\u0131lmal\u0131d\u0131r. M\u00fclkiyet sorunlar\u0131 y\u00fcz\u00fcnden \u00c7KS belgesi olmayan ve bu y\u00fczden TARS\u0130M yapt\u0131ramayan \u00e7ift\u00e7ilerimizin de zarar\u0131 giderilmelidir. Bakanl\u0131k sigortal\u0131, sigortas\u0131z ayr\u0131m\u0131 yapmadan t\u00fcm \u00e7ift\u00e7ilerimizin zararlar\u0131n\u0131n kar\u015f\u0131lanmas\u0131 i\u00e7in \u00e7al\u0131\u015fma yapmal\u0131d\u0131r, bundan \u00f6nceki afetlerde unuttuklar\u0131 \u00e7ift\u00e7iyi, \u015fimdi hat\u0131rlamayacaklarsa ne zaman hat\u0131rlayacaklar.\u201d<\/p>\n\n\n\n<p>CHP\u2019li Co\u015far verdi\u011fi soru \u00f6nergesinde \u015fu sorulara yer verdi:<\/p>\n\n\n\n<p>Ad\u0131 ge\u00e7en il\u00e7elerimizde ya\u015fanan hortum ve f\u0131rt\u0131na nedeniyle zarar g\u00f6ren sera ve tar\u0131msal alan say\u0131s\u0131 nedir?<\/p>\n\n\n\n<p>Zarar g\u00f6ren sera ve tar\u0131msal alanlar\u0131n ka\u00e7\u0131 TARS\u0130M kapsam\u0131ndad\u0131r? TARS\u0130M kapsam\u0131nda olmayan alan nedir?<\/p>\n\n\n\n<p>Ya\u015fanan hortum ve f\u0131rt\u0131na nedeniyle zarar g\u00f6ren sera ve tar\u0131msal alanlar\u0131m\u0131zdaki hasar\u0131n giderilmesi i\u00e7in TARS\u0130M d\u0131\u015f\u0131ndaki \u00fcreticilerimizi de kapsayacak m\u0131d\u0131r? TARS\u0130M\u2019i olmayan \u00fcreticilerimizin de zarar\u0131n\u0131n giderilmesine y\u00f6nelik bir \u00e7al\u0131\u015fma yap\u0131lacak m\u0131d\u0131r?<\/p>\n\n\n\n<p>Ya\u015fanan hortum ve f\u0131rt\u0131na nedeniyle zarar g\u00f6ren sera ve tar\u0131msal alanlar\u0131n \u00fcreticilerin kulland\u0131klar\u0131 kredi ve vergi bor\u00e7lar\u0131 \u00f6demelerinin ertelenmesine y\u00f6nelik bir \u00e7al\u0131\u015fma yap\u0131lacak m\u0131d\u0131r?<\/p>\n\n\n\n<p>Felaketten zarar g\u00f6ren \u00fcreticilerin yeniden \u00fcretime ba\u015flamas\u0131 i\u00e7in s\u0131f\u0131r faiz imkan\u0131 ile kredi kullanmalar\u0131na imkan sa\u011flanmas\u0131na y\u00f6nelik \u00e7al\u0131\u015fman\u0131z var m\u0131d\u0131r?&nbsp;&nbsp;&nbsp;&nbsp;<\/p>\n\n\n\n<p>Haber Merkezi<\/p>\n","protected":false},"excerpt":{"rendered":"<p>CHP Antalya Milletvekili Aliye Co\u015far, 5 Mart 2024 Sal\u0131 g\u00fcn\u00fc Antalya\u2019n\u0131n Kumluca, Demre, Manavgat ve Alanya il\u00e7elerinde ya\u015fanan hortum ve f\u0131rt\u0131na felaketi sonucu sera ve <a href=\"https:\/\/akdenizhaber.com.tr\/index.php\/2024\/03\/09\/chp-antalya-milletvekili-aliye-cosar-zarar-goren-ciftcinin-kredi-borcunu-erteleyin\/\" class=\"read-more-link\">[more&#8230;]<\/a><\/p>\n","protected":false},"author":2,"featured_media":21414,"comment_status":"open","ping_status":"open","sticky":false,"template":"","format":"standard","meta":{"footnotes":""},"categories":[2],"tags":[],"class_list":["post-21412","post","type-post","status-publish","format-standard","has-post-thumbnail","hentry","category-gundem"],"_links":{"self":[{"href":"https:\/\/akdenizhaber.com.tr\/index.php\/wp-json\/wp\/v2\/posts\/21412","targetHints":{"allow":["GET"]}}],"collection":[{"href":"https:\/\/akdenizhaber.com.tr\/index.php\/wp-json\/wp\/v2\/posts"}],"about":[{"href":"https:\/\/akdenizhaber.com.tr\/index.php\/wp-json\/wp\/v2\/types\/post"}],"author":[{"embeddable":true,"href":"https:\/\/akdenizhaber.com.tr\/index.php\/wp-json\/wp\/v2\/users\/2"}],"replies":[{"embeddable":true,"href":"https:\/\/akdenizhaber.com.tr\/index.php\/wp-json\/wp\/v2\/comments?post=21412"}],"version-history":[{"count":0,"href":"https:\/\/akdenizhaber.com.tr\/index.php\/wp-json\/wp\/v2\/posts\/21412\/revisions"}],"wp:featuredmedia":[{"embeddable":true,"href":"https:\/\/akdenizhaber.com.tr\/index.php\/wp-json\/wp\/v2\/media\/21414"}],"wp:attachment":[{"href":"https:\/\/akdenizhaber.com.tr\/index.php\/wp-json\/wp\/v2\/media?parent=21412"}],"wp:term":[{"taxonomy":"category","embeddable":true,"href":"https:\/\/akdenizhaber.com.tr\/index.php\/wp-json\/wp\/v2\/categories?post=21412"},{"taxonomy":"post_tag","embeddable":true,"href":"https:\/\/akdenizhaber.com.tr\/index.php\/wp-json\/wp\/v2\/tags?post=21412"}],"curies":[{"name":"wp","href":"https:\/\/api.w.org\/{rel}","templated":true}]}}