{"id":21410,"date":"2024-03-09T13:27:28","date_gmt":"2024-03-09T10:27:28","guid":{"rendered":"https:\/\/akdenizhaber.com.tr\/?p=21410"},"modified":"2024-03-09T13:27:28","modified_gmt":"2024-03-09T10:27:28","slug":"yasam","status":"publish","type":"post","link":"https:\/\/akdenizhaber.com.tr\/index.php\/2024\/03\/09\/yasam\/","title":{"rendered":"Ya\u015fam"},"content":{"rendered":"\n<p>G\u00fcnayd\u0131n g\u00fczel insanlar\u2026<br> Ya\u015fam, s\u00fcrekli bir \u00f6\u011frenme ve b\u00fcy\u00fcme s\u00fcrecidir. Bu s\u00fcre\u00e7te, bireyler kendi i\u00e7 d\u00fcnyalar\u0131n\u0131 anlamak, de\u011ferlerini ke\u015ffetmek ve ki\u015fisel potansiyellerini ortaya \u00e7\u0131karmak i\u00e7in bir yolculu\u011fa \u00e7\u0131karlar. &#8220;Kendini ke\u015ffetme&#8221; deneyimi, ki\u015finin benzersizli\u011fini anlamas\u0131 ve daha derin bir anlam aray\u0131\u015f\u0131na girmesi i\u00e7in kritik bir ad\u0131md\u0131r. Kendini ke\u015ffetme s\u00fcreci, bilin\u00e7li bir fark\u0131ndal\u0131kla ba\u015flar. Birey, d\u00fc\u015f\u00fcnce kal\u0131plar\u0131n\u0131, duygusal tepkileri ve davran\u0131\u015flar\u0131n\u0131 g\u00f6zlemleyerek kendi i\u00e7 d\u00fcnyas\u0131n\u0131 anlamaya y\u00f6nelir. Bu fark\u0131ndal\u0131k, ki\u015finin g\u00fcnl\u00fck ya\u015fam\u0131ndaki deneyimleri \u00fczerinde daha derin bir anlay\u0131\u015f geli\u015ftirmesine yard\u0131mc\u0131 olur. Kendini ke\u015ffetme s\u00fcreci, kendi de\u011ferlerini ve inan\u00e7lar\u0131n\u0131 anlamakla derinle\u015fir. Birey, hangi prensiplerin onun i\u00e7in \u00f6nemli oldu\u011funu ve hayat\u0131n\u0131 nas\u0131l y\u00f6nlendirdi\u011fini ke\u015ffeder. Bu de\u011ferler, ya\u015fam kararlar\u0131n\u0131 \u015fekillendirir ve ki\u015finin \u00f6nceliklerini belirler. Kendini ke\u015ffetme, ki\u015finin tutkular\u0131n\u0131 ve yeteneklerini anlamakla da ilgilidir. Birey, hangi aktivitelerden zevk ald\u0131\u011f\u0131n\u0131, i\u00e7sel bir tutkuya sahip oldu\u011fu konular\u0131 ve do\u011fu\u015ftan gelen yeteneklerini belirler. Tutkular ve yetenekler, bireyin kendisini ger\u00e7ekle\u015ftirmesi i\u00e7in bir rehber olabilir. Duygusal izler, bireyin i\u00e7sel d\u00fcnyas\u0131ndaki derin duygular\u0131 ve reaksiyonlar\u0131 temsil eder. Bu izleri takip etmek, ki\u015finin duygusal zekas\u0131n\u0131 geli\u015ftirmesine ve kendi duygusal s\u00fcre\u00e7lerini anlamas\u0131na yard\u0131mc\u0131 olur. Birey, bu izler arac\u0131l\u0131\u011f\u0131yla kendi duygusal sa\u011fl\u0131\u011f\u0131na dair bilgi edinir. Kendini ke\u015ffetme, ya\u015fam\u0131n anlam\u0131n\u0131 sorgulamakla da ba\u011flant\u0131l\u0131d\u0131r. Birey, ya\u015fam\u0131n\u0131n nedenini ve amac\u0131n\u0131 d\u00fc\u015f\u00fcn\u00fcr, kendi \u00f6z\u00fcndeki derin anlamlar\u0131 arar. Bu s\u00fcre\u00e7, ki\u015finin hayat\u0131n\u0131n y\u00f6nlendirici prensiplerini belirlemesine ve daha anlaml\u0131 bir ya\u015fam s\u00fcrmesine olanak tan\u0131r.<\/p>\n\n\n\n<p>ESRA \u0130\u00c7G\u00d6Z<\/p>\n","protected":false},"excerpt":{"rendered":"<p>G\u00fcnayd\u0131n g\u00fczel insanlar\u2026 Ya\u015fam, s\u00fcrekli bir \u00f6\u011frenme ve b\u00fcy\u00fcme s\u00fcrecidir. Bu s\u00fcre\u00e7te, bireyler kendi i\u00e7 d\u00fcnyalar\u0131n\u0131 anlamak, de\u011ferlerini ke\u015ffetmek ve ki\u015fisel potansiyellerini ortaya \u00e7\u0131karmak i\u00e7in <a href=\"https:\/\/akdenizhaber.com.tr\/index.php\/2024\/03\/09\/yasam\/\" class=\"read-more-link\">[more&#8230;]<\/a><\/p>\n","protected":false},"author":2,"featured_media":21292,"comment_status":"open","ping_status":"open","sticky":false,"template":"","format":"standard","meta":{"footnotes":""},"categories":[2],"tags":[],"class_list":["post-21410","post","type-post","status-publish","format-standard","has-post-thumbnail","hentry","category-gundem"],"_links":{"self":[{"href":"https:\/\/akdenizhaber.com.tr\/index.php\/wp-json\/wp\/v2\/posts\/21410","targetHints":{"allow":["GET"]}}],"collection":[{"href":"https:\/\/akdenizhaber.com.tr\/index.php\/wp-json\/wp\/v2\/posts"}],"about":[{"href":"https:\/\/akdenizhaber.com.tr\/index.php\/wp-json\/wp\/v2\/types\/post"}],"author":[{"embeddable":true,"href":"https:\/\/akdenizhaber.com.tr\/index.php\/wp-json\/wp\/v2\/users\/2"}],"replies":[{"embeddable":true,"href":"https:\/\/akdenizhaber.com.tr\/index.php\/wp-json\/wp\/v2\/comments?post=21410"}],"version-history":[{"count":0,"href":"https:\/\/akdenizhaber.com.tr\/index.php\/wp-json\/wp\/v2\/posts\/21410\/revisions"}],"wp:featuredmedia":[{"embeddable":true,"href":"https:\/\/akdenizhaber.com.tr\/index.php\/wp-json\/wp\/v2\/media\/21292"}],"wp:attachment":[{"href":"https:\/\/akdenizhaber.com.tr\/index.php\/wp-json\/wp\/v2\/media?parent=21410"}],"wp:term":[{"taxonomy":"category","embeddable":true,"href":"https:\/\/akdenizhaber.com.tr\/index.php\/wp-json\/wp\/v2\/categories?post=21410"},{"taxonomy":"post_tag","embeddable":true,"href":"https:\/\/akdenizhaber.com.tr\/index.php\/wp-json\/wp\/v2\/tags?post=21410"}],"curies":[{"name":"wp","href":"https:\/\/api.w.org\/{rel}","templated":true}]}}