{"id":21404,"date":"2024-03-09T13:25:45","date_gmt":"2024-03-09T10:25:45","guid":{"rendered":"https:\/\/akdenizhaber.com.tr\/?p=21404"},"modified":"2024-03-09T13:25:45","modified_gmt":"2024-03-09T10:25:45","slug":"sarilar-mahallesi-muhtar-adayindan-kadinlara-cicek","status":"publish","type":"post","link":"https:\/\/akdenizhaber.com.tr\/index.php\/2024\/03\/09\/sarilar-mahallesi-muhtar-adayindan-kadinlara-cicek\/","title":{"rendered":"Sar\u0131lar mahallesi muhtar aday\u0131ndan kad\u0131nlara \u00e7i\u00e7ek"},"content":{"rendered":"\n<p><\/p>\n\n\n\n<p>8 Mart D\u00fcnya kad\u0131nlar g\u00fcn\u00fc nedeniyle Sar\u0131lar mahallesi muhtar aday\u0131 Ramazan \u015e\u0130R\u0130N Sar\u0131larl\u0131 kad\u0131nlar\u0131n \u00f6zel g\u00fcn\u00fcn\u00fc kutlayarak \u00e7i\u00e7ek da\u011f\u0131tt\u0131<\/p>\n\n\n\n<p>Kad\u0131nlar\u0131n ya\u015fam\u0131m\u0131zda \u00f6nemli yeri oldu\u011funa dikkat \u00e7eken Ramazan \u015eirin \u201cT\u00fcm kad\u0131nlar\u0131m\u0131z\u0131n g\u00fcn\u00fc kutlu olsun muhtar se\u00e7ildi\u011fimde Sar\u0131larl\u0131 kad\u0131nlar\u0131m\u0131z i\u00e7in b\u00fcy\u00fck projelerim var hepsini hayata ge\u00e7irece\u011fim\u201d dedi<\/p>\n\n\n\n<p>Haber Merkezi<\/p>\n","protected":false},"excerpt":{"rendered":"<p>8 Mart D\u00fcnya kad\u0131nlar g\u00fcn\u00fc nedeniyle Sar\u0131lar mahallesi muhtar aday\u0131 Ramazan \u015e\u0130R\u0130N Sar\u0131larl\u0131 kad\u0131nlar\u0131n \u00f6zel g\u00fcn\u00fcn\u00fc kutlayarak \u00e7i\u00e7ek da\u011f\u0131tt\u0131 Kad\u0131nlar\u0131n ya\u015fam\u0131m\u0131zda \u00f6nemli yeri oldu\u011funa dikkat <a href=\"https:\/\/akdenizhaber.com.tr\/index.php\/2024\/03\/09\/sarilar-mahallesi-muhtar-adayindan-kadinlara-cicek\/\" class=\"read-more-link\">[more&#8230;]<\/a><\/p>\n","protected":false},"author":2,"featured_media":21405,"comment_status":"open","ping_status":"open","sticky":false,"template":"","format":"standard","meta":{"footnotes":""},"categories":[2],"tags":[],"class_list":["post-21404","post","type-post","status-publish","format-standard","has-post-thumbnail","hentry","category-gundem"],"_links":{"self":[{"href":"https:\/\/akdenizhaber.com.tr\/index.php\/wp-json\/wp\/v2\/posts\/21404","targetHints":{"allow":["GET"]}}],"collection":[{"href":"https:\/\/akdenizhaber.com.tr\/index.php\/wp-json\/wp\/v2\/posts"}],"about":[{"href":"https:\/\/akdenizhaber.com.tr\/index.php\/wp-json\/wp\/v2\/types\/post"}],"author":[{"embeddable":true,"href":"https:\/\/akdenizhaber.com.tr\/index.php\/wp-json\/wp\/v2\/users\/2"}],"replies":[{"embeddable":true,"href":"https:\/\/akdenizhaber.com.tr\/index.php\/wp-json\/wp\/v2\/comments?post=21404"}],"version-history":[{"count":0,"href":"https:\/\/akdenizhaber.com.tr\/index.php\/wp-json\/wp\/v2\/posts\/21404\/revisions"}],"wp:featuredmedia":[{"embeddable":true,"href":"https:\/\/akdenizhaber.com.tr\/index.php\/wp-json\/wp\/v2\/media\/21405"}],"wp:attachment":[{"href":"https:\/\/akdenizhaber.com.tr\/index.php\/wp-json\/wp\/v2\/media?parent=21404"}],"wp:term":[{"taxonomy":"category","embeddable":true,"href":"https:\/\/akdenizhaber.com.tr\/index.php\/wp-json\/wp\/v2\/categories?post=21404"},{"taxonomy":"post_tag","embeddable":true,"href":"https:\/\/akdenizhaber.com.tr\/index.php\/wp-json\/wp\/v2\/tags?post=21404"}],"curies":[{"name":"wp","href":"https:\/\/api.w.org\/{rel}","templated":true}]}}