{"id":21374,"date":"2024-03-09T13:17:00","date_gmt":"2024-03-09T10:17:00","guid":{"rendered":"https:\/\/akdenizhaber.com.tr\/?p=21374"},"modified":"2024-03-09T13:17:01","modified_gmt":"2024-03-09T10:17:01","slug":"baskan-ali-bahar-antalyanin-turizmdeki-basarili-ivmesi-devam-edecek","status":"publish","type":"post","link":"https:\/\/akdenizhaber.com.tr\/index.php\/2024\/03\/09\/baskan-ali-bahar-antalyanin-turizmdeki-basarili-ivmesi-devam-edecek\/","title":{"rendered":"Ba\u015fkan Ali Bahar: Antalya\u2019n\u0131n Turizmdeki Ba\u015far\u0131l\u0131 \u0130vmesi Devam Edecek"},"content":{"rendered":"\n<p><\/p>\n\n\n\n<p>2024 y\u0131l\u0131n\u0131n ba\u015far\u0131l\u0131 bir sezona i\u015faret etti\u011fini kaydeden ATSO Ba\u015fkan\u0131 Ali Bahar, \u201cAntalya\u2019n\u0131n g\u00fc\u00e7l\u00fc performans\u0131n\u0131, 2024 sezonunda s\u00fcrd\u00fcrece\u011fini \u00f6ng\u00f6rebiliriz. Antalya&#8217;n\u0131n turizm sekt\u00f6r\u00fcndeki lider konumu, T\u00fcrkiye ekonomisine sa\u011flad\u0131\u011f\u0131 katk\u0131larla da \u00f6ne \u00e7\u0131k\u0131yor\u201d dedi.<\/p>\n\n\n\n<p>Antalya Ticaret ve Sanayi Odas\u0131 (ATSO) Y\u00f6netim Kurulu Ba\u015fkan\u0131 Ali Bahar, Ba\u015fkan Yard\u0131mc\u0131lar\u0131 Bo\u011fa\u00e7han G\u00f6ksu, Fatih Kabaday\u0131, Sayman \u00dcye Murat Toto\u015f, Y\u00f6netim Kurulu \u00dcyeleri Hatice \u00d6z, Hakan Pakal\u0131n, Meclis \u00dcyesi Emir G\u00fcndal ve Genel Sekreter Av. Asl\u0131 \u015eahin Tekin, turizm sekt\u00f6r\u00fcn\u00fcn en \u00f6nemli organizasyonlar\u0131 aras\u0131nda yer alan ITB Berlin 2024 Fuar\u0131\u2019n\u0131 ziyaret ederek, T\u00fcrkiye\u2019den ve Antalya\u2019dan fuara kat\u0131l\u0131m sa\u011flayan firmalarla bir araya geldi. Messe Berlin\u2019de d\u00fczenlenen, 170 \u00fclke ve b\u00f6lgeden 5 bin 500\u2019\u00fc a\u015fk\u0131n profesyonel kat\u0131l\u0131mc\u0131n\u0131n yer ald\u0131\u011f\u0131 fuarda, Ba\u015fkan Ali Bahar ve ATSO heyeti, K\u00fclt\u00fcr ve Turizm Bakan\u0131 Mehmet Nuri Ersoy ile Turizm Geli\u015ftirme ve Tan\u0131tma Ajans\u0131\u2019n\u0131n \u201cGo T\u00fcrkiye\u201d stand\u0131nda bir araya gelerek, firmalar\u0131 ziyaret etti.<\/p>\n\n\n\n<p>ANTALYA HEYET VE F\u0130RMALARIYLA B\u0130R ARAYA GELD\u0130LER<\/p>\n\n\n\n<p>Havac\u0131l\u0131k, otel, acenteler ve tur operat\u00f6rlerinin bir araya geldi\u011fi T\u00fcrkiye salonunda firma ziyaretleri ger\u00e7ekle\u015ftiren ATSO Ba\u015fkan\u0131 Ali Bahar ve ATSO heyeti, CHP Antalya Milletvekili Sururi \u00c7orabat\u0131r, TOBB Turizm Meclisi Ba\u015fkan\u0131 ve T\u00fcrkiye Otelciler Federasyonu (T\u00dcROFED) Ba\u015fkan\u0131 Erkan Ya\u011fc\u0131, Alanya Ticaret ve Sanayi Odas\u0131 (ALTSO) Ba\u015fkan\u0131 Eray Erdem, Akdeniz Turistik Otelciler ve \u0130\u015fletmeciler Birli\u011fi (AKTOB) Ba\u015fkan\u0131 Kaan Kavalo\u011flu, Fraport TAV Antalya Havaliman\u0131 Genel M\u00fcd\u00fcr\u00fc Deniz Varol, ANEX Turizm Grubu CEO\u2019su Ne\u015fet Ko\u00e7kar, Kilit Global Y\u00f6netim Kurulu Ba\u015fkan\u0131 S\u00fcleyman Kilit, Alanya Turistik \u0130\u015fletmeciler Derne\u011fi (ALT\u0130D) Ba\u015fkan\u0131 Burhan Sili, Alanya Turizm Tan\u0131tma Vakf\u0131 (ALTAV) Ba\u015fkan Yard\u0131mc\u0131s\u0131 Mehmet Dahao\u011flu, RTK Tours Uluslararas\u0131 \u0130\u015f Geli\u015ftirme Dan\u0131\u015fman\u0131 H\u00fcseyin Baraner ile \u00fclke ve b\u00f6lge turizminde \u00f6nc\u00fc sekt\u00f6r temsilcileriyleg\u00f6r\u00fc\u015ft\u00fc.<\/p>\n\n\n\n<p>KUVVETL\u0130 B\u0130R TUR\u0130ZM YAPIMIZ VAR<\/p>\n\n\n\n<p>2024 y\u0131l\u0131n\u0131n Antalya ve b\u00f6lge turizmi i\u00e7in \u00f6nceki y\u0131llara nazaran daha iyi ge\u00e7ece\u011fini tahmin ettiklerinikaydederek,ITB Berlin Fuar\u0131\u2019n\u0131 de\u011ferlendiren Ba\u015fkan Bahar, \u201cTurizm sekt\u00f6r\u00fcn\u00fcn nabz\u0131n\u0131 tutan ITB Berlin\u2019de turizmin \u00f6nde gelen isimleriyle yapt\u0131\u011f\u0131m\u0131z temaslar neticesinde, 2024 y\u0131l\u0131nda \u00f6n rezervasyonlardaki art\u0131\u015f rekorlarla dolu bir sezon ya\u015fayaca\u011f\u0131m\u0131z\u0131 g\u00f6steriyor. Antalya\u2019m\u0131z\u0131n 2024\u2019e daha umutla bakt\u0131\u011f\u0131n\u0131 g\u00f6rebiliyoruz. Say\u0131n Bakan\u0131m\u0131z Mehmet Nuri Ersoy \u00f6nc\u00fcl\u00fc\u011f\u00fcnde, acente, otel, tur operat\u00f6rlerinin y\u00f6netim kadrolar\u0131 ve turizm profesyonellerimiz \u00fclkemizi en iyi \u015fekilde temsil ettiler. B\u00f6lgesel destinasyonlar\u0131n yan\u0131 s\u0131ra fuara kat\u0131lan yabanc\u0131 temsilcilerle g\u00f6r\u00fc\u015fmelerin de ger\u00e7ekle\u015fti\u011fi fuar, 2024 turizm hedeflerimize ilerlememizde iyi bir arac\u0131\u201d dedi. Turizmde sezonun erken ba\u015flayacak olmas\u0131n\u0131n sevindirici oldu\u011funu s\u00f6zlerine ekleyen Ba\u015fkan Bahar, \u201cBu verileri bizzat turizmcilerimizden duymak bizleri \u00e7ok mutlu etti. Fuar\u0131n katma de\u011ferini g\u00f6rebiliyoruz, ITB Berlin\u2019e bu y\u0131l \u00e7ok iyi ba\u015flad\u0131k diyebiliriz. Ukrayna, Rusya, Filistin ve \u0130srail\u2019de halen olumsuzluklar devam etmesine ra\u011fmenT\u00fcrkiye\u2019nin t\u00fcm bunlardan s\u0131yr\u0131larak kendi bulundu\u011fu co\u011frafi konumda ba\u015far\u0131l\u0131 bir turizm politikas\u0131 y\u00fcr\u00fctmesi, ger\u00e7ekten bizim \u00e7ok kuvvetli bir yap\u0131m\u0131z\u0131n oldu\u011funu da g\u00f6steriyor\u201d dedi.<\/p>\n\n\n\n<p>TUR\u0130ZMDE L\u0130DER KENT ANTALYA<\/p>\n\n\n\n<p>Antalya\u2019n\u0131n, T\u00fcrkiye turizminde \u00f6nemli bir \u015fehir oldu\u011funu vurgulayan Ba\u015fkan Bahar, \u201c2024 sezonunda da bu rol\u00fcn\u00fc g\u00fc\u00e7l\u00fc bir \u015fekilde s\u00fcrd\u00fcrece\u011fini \u00f6ng\u00f6rebiliriz. Antalya&#8217;n\u0131n turizm sekt\u00f6r\u00fcndeki lider konumu, T\u00fcrkiye ekonomisine sa\u011flad\u0131\u011f\u0131 katk\u0131larla da \u00f6ne \u00e7\u0131k\u0131yor. Antalya&#8217;n\u0131n turizm gelirleri, T\u00fcrkiye&#8217;nin cari a\u00e7\u0131\u011f\u0131n\u0131 dengelemede \u00f6nemli bir rol oynuyor ve \u00fclkeye d\u00f6viz kazand\u0131r\u0131c\u0131 bir hizmet sunuyor. T\u00fcm bu veriler g\u00f6steriyor ki Antalya\u2019m\u0131z\u0131n turizm sekt\u00f6r\u00fcnde ba\u015far\u0131l\u0131 ivmesi devam edecek. Kentimizin do\u011fal g\u00fczellikleri, tarihi zenginlikleri ve geni\u015f konaklama se\u00e7enekleri yerli ve yabanc\u0131 misafirlerin ilgisini \u00e7ekmeye devam ediyor. K\u00fclt\u00fcrel etkinliklerimiz, do\u011fa sporlar\u0131, sa\u011fl\u0131k turizmi gibi bir\u00e7ok turizm alternatifine sahip olmam\u0131z, ziyaret\u00e7ilerin \u00e7e\u015fitlilik anlay\u0131\u015f\u0131na da cevap veriyor\u201d diye konu\u015ftu.<\/p>\n\n\n\n<p>DE\u011eER YARATMAYA DEVAM EDECE\u011e\u0130Z<\/p>\n\n\n\n<p>Antalya\u2019n\u0131n g\u00fc\u00e7l\u00fc performans\u0131n\u0131n \u00fclkenin genel turizmine de olumlu katk\u0131s\u0131na i\u015faret eden Ba\u015fkan Bahar, \u201c\u015eehrin ekonomik kalk\u0131nmas\u0131n\u0131 da destekliyor, Antalya&#8217;daki i\u015f imkanlar\u0131 art\u0131yor, yerel hizmet sekt\u00f6rleri canlanarak b\u00f6lgedeki ekonomik hareketlilik art\u0131yor. Ayr\u0131ca, kentimizdeki turizm sezonunun ba\u015far\u0131l\u0131 ge\u00e7mesi, \u00fclkenin genel turizm performans\u0131na da olumlu bir etki yap\u0131yor, yapmaya da devam edecek. T\u00fcrkiye&#8217;nin uluslararas\u0131 turizm arenas\u0131nda daha g\u00fc\u00e7l\u00fc bir konumda yer almas\u0131n\u0131 sa\u011flayacak. Bu nedenle, Antalya&#8217;n\u0131n 2024 sezonunda da T\u00fcrkiye i\u00e7in \u00f6nemli bir de\u011fer yaratmaya devam edece\u011fini rahatl\u0131kla s\u00f6yleyebiliriz\u201d diye konu\u015ftu.<\/p>\n\n\n\n<p>ANTALYA\u2019NIN SA\u011eLIK TUR\u0130ZM\u0130 BERL\u0130N\u2019DE KONU\u015eULDU<\/p>\n\n\n\n<p>Y\u00f6netim Kurulu \u00dcyesi Hatice \u00d6z ve Genel Sekreter Av. Asl\u0131 \u015eahin Tekin, T\u00fcrkiye-Almanya aras\u0131ndaki sa\u011fl\u0131k turizmi ili\u015fkilerini g\u00fc\u00e7lendirmek amac\u0131yla Barmer Sigorta Yetkilisi Canay Y\u0131ld\u0131r\u0131m K\u00fcp ve Allianz F200 Acenta Sahibi ve Genel M\u00fcd\u00fcr\u00fc Semih Karay\u00fcz ile bir araya geldi. Ger\u00e7ekle\u015ftirilen toplant\u0131larda, her iki \u00fclkenin sa\u011fl\u0131k sekt\u00f6r\u00fc temsilcileri, gelecekteki i\u015fbirli\u011fi potansiyelini ve ortak projeleri de\u011ferlendirdiler. \u00d6zellikle sa\u011fl\u0131k turizmi alan\u0131nda ortak pazarlama stratejileri, kalite standartlar\u0131n\u0131n iyile\u015ftirilmesi ve hastalar aras\u0131ndaki seyahat s\u00fcre\u00e7lerinin kolayla\u015ft\u0131r\u0131lmas\u0131 gibi konularda g\u00f6r\u00fc\u015f al\u0131\u015fveri\u015finde bulunan heyet, T\u00fcrkiye ve Almanya aras\u0131nda sa\u011fl\u0131k turizmi alan\u0131nda daha derin i\u015fbirlikleri ve ortak projelerin geli\u015ftirilmesi i\u00e7in somut ad\u0131mlar\u0131n at\u0131lmas\u0131 konular\u0131n\u0131 g\u00f6r\u00fc\u015ft\u00fc.<\/p>\n\n\n\n<p>T\u00dcRK-ALMAN TSO \u0130LE \u0130\u015e B\u0130RL\u0130\u011e\u0130 G\u00d6R\u00dc\u015eMES\u0130 GER\u00c7EKLE\u015eT\u0130R\u0130LD\u0130<\/p>\n\n\n\n<p>ATSO Y\u00f6netim Kurulu Ba\u015fkan\u0131 Yard\u0131mc\u0131lar\u0131 Bo\u011fa\u00e7han G\u00f6ksu ve Fatih Kabaday\u0131, Y\u00f6netim Kurulu \u00dcyeleri Hatice \u00d6z ve Hakan Pakal\u0131n, Genel Sekreteri Av. Asl\u0131 \u015eahin Tekin, T\u00fcrk-Alman Ticaret ve Sanayi Odas\u0131 (TD-IHK) Genel Sekreteri Okan \u00d6zo\u011flu ile bir araya geldi. T\u00fcrkiye ve Almanya ikili ticaretini geli\u015ftirmeye y\u00f6nelik ortak \u00e7al\u0131\u015fmalar\u0131n konu\u015fuldu\u011fu ziyarette, yurtd\u0131\u015f\u0131na ihracat yapan T\u00fcrk firmalar\u0131na katma de\u011fer sa\u011flanmas\u0131 g\u00f6r\u00fc\u015f\u00fcld\u00fc. Network olu\u015fturma konusunda ATSO olarak ses getiren \u00e7al\u0131\u015fmalara imza att\u0131klar\u0131n\u0131 kaydeden Ba\u015fkan Yard\u0131mc\u0131s\u0131 Bo\u011fa\u00e7hanG\u00f6ksu, \u201cKatma de\u011ferli \u00fcr\u00fcn konusunda ciddi ad\u0131mlar ataca\u011f\u0131m\u0131za inan\u0131yorum. Markala\u015fma ve katma de\u011ferle ilgili firmalar\u0131m\u0131za katk\u0131 koyacak \u00e7al\u0131\u015fmalar yap\u0131yoruz. Korkuteli ve Serik&#8217;te organize sanayi b\u00f6lgeleri kuruyoruz. Antalya turizm ve tar\u0131m ile birlikte sanayi gibi i\u015f alanlar\u0131nda da \u00f6nemli bir destinasyon\u201d dedi. ATSO ile i\u015f birliklerini \u00f6nemsediklerini kaydeden Genel Sekreter Okan \u00d6zo\u011flu, \u201cT\u00fcrk-Alman TSO\u2019ya \u00fcyeli\u011finiz bizim i\u00e7in \u00e7ok \u00f6nemli, yurtd\u0131\u015f\u0131na ihracat yapan firmalar\u0131m\u0131za destek vermek onlar\u0131 burada g\u00fc\u00e7lendirmek isteriz. Amac\u0131m\u0131z T\u00fcrk \u015firketlerimizin g\u00fc\u00e7lenmesi ve \u015firketlerimize do\u011fru hizmetin verilmesi\u201d diye konu\u015ftu.<\/p>\n\n\n\n<p>SA\u011eLIK TUR\u0130ZM\u0130NDE ALMANYA \u00d6NEML\u0130 B\u0130R PARTNER<\/p>\n\n\n\n<p>Sa\u011fl\u0131k turizminde s\u00fcrd\u00fcr\u00fclebilirli\u011fe i\u015faret eden Y\u00f6netim Kurulu \u00dcyesi Hatice \u00d6z, \u201cAntalya\u2019da ba\u015far\u0131l\u0131 i\u015flere imza at\u0131yoruz, 49 komitemiz ile birlikte ortak \u00e7al\u0131\u015f\u0131yoruz. Biz tar\u0131m ve turizmle tan\u0131n\u0131yoruz ancak \u015fu anda bir\u00e7ok sekt\u00f6rde isim yapan firmalar\u0131m\u0131z var. \u0130hracat yapan firmalar\u0131m\u0131z\u0131 AB uyum s\u00fcrecine ili\u015fkin destekliyor ve bilin\u00e7lendiriyoruz. Sa\u011fl\u0131k turizmi a\u00e7\u0131s\u0131nda Almanya bizim i\u00e7in \u00f6nemli bir partner. Antalya\u2019y\u0131 sa\u011fl\u0131k turizminin de ba\u015fkenti yapaca\u011f\u0131m\u0131za inan\u0131yorum, her \u00e7al\u0131\u015fma bizim i\u00e7in \u00e7ok de\u011ferli\u201d ifadelerini kulland\u0131. ITB Berlin Fuar\u0131nda beklentilerini kar\u015f\u0131lad\u0131klar\u0131n\u0131 kaydeden Ba\u015fkan Yard\u0131mc\u0131s\u0131 Fatih Kabaday\u0131, \u201cG\u00f6r\u00fc\u015fmelerimiz ilk g\u00fcnden \u00e7ok ba\u015far\u0131l\u0131 ge\u00e7ti. Turizm ak\u0131\u015f\u0131m\u0131z bu y\u0131l \u00e7ok iyi gidiyor, fuardan beklentilerimizi kar\u015f\u0131layaca\u011f\u0131m\u0131za inan\u0131yorum. Burada sizinle i\u015f birliklerimizi g\u00f6r\u00fc\u015fmek \u00e7ok memnuniyet verici\u201d dedi. Tar\u0131m sekt\u00f6r\u00fcnde faaliyet g\u00f6steren bir firma olduklar\u0131n\u0131 kaydeden Y\u00f6netim Kurulu \u00dcyesi Hakan Pakal\u0131n, \u201cE\u011fitim ve i\u015f birlikleri konusunda biz ortak \u00e7al\u0131\u015fmaya haz\u0131r\u0131z. Dinamik bir ekip ve Oda olarak ba\u015far\u0131l\u0131 i\u015flere imza ataca\u011f\u0131m\u0131za inan\u0131yorum\u201d diye konu\u015ftu. &nbsp;Ziyaretler kapsam\u0131nda T\u00fcrk-Alman Kad\u0131n Giri\u015fimciler bulu\u015fmas\u0131nda i\u015f kad\u0131nlar\u0131yla bir araya gelen Hatice \u00d6z, i\u015f birlikleri \u00fczerine g\u00f6r\u00fc\u015ft\u00fc.<\/p>\n\n\n\n<p>Antalya Ticaret ve Sanayi Odas\u0131 \/ B\u00fclten<\/p>\n","protected":false},"excerpt":{"rendered":"<p>2024 y\u0131l\u0131n\u0131n ba\u015far\u0131l\u0131 bir sezona i\u015faret etti\u011fini kaydeden ATSO Ba\u015fkan\u0131 Ali Bahar, \u201cAntalya\u2019n\u0131n g\u00fc\u00e7l\u00fc performans\u0131n\u0131, 2024 sezonunda s\u00fcrd\u00fcrece\u011fini \u00f6ng\u00f6rebiliriz. Antalya&#8217;n\u0131n turizm sekt\u00f6r\u00fcndeki lider konumu, T\u00fcrkiye <a href=\"https:\/\/akdenizhaber.com.tr\/index.php\/2024\/03\/09\/baskan-ali-bahar-antalyanin-turizmdeki-basarili-ivmesi-devam-edecek\/\" class=\"read-more-link\">[more&#8230;]<\/a><\/p>\n","protected":false},"author":2,"featured_media":21375,"comment_status":"open","ping_status":"open","sticky":false,"template":"","format":"standard","meta":{"footnotes":""},"categories":[2],"tags":[],"class_list":["post-21374","post","type-post","status-publish","format-standard","has-post-thumbnail","hentry","category-gundem"],"_links":{"self":[{"href":"https:\/\/akdenizhaber.com.tr\/index.php\/wp-json\/wp\/v2\/posts\/21374","targetHints":{"allow":["GET"]}}],"collection":[{"href":"https:\/\/akdenizhaber.com.tr\/index.php\/wp-json\/wp\/v2\/posts"}],"about":[{"href":"https:\/\/akdenizhaber.com.tr\/index.php\/wp-json\/wp\/v2\/types\/post"}],"author":[{"embeddable":true,"href":"https:\/\/akdenizhaber.com.tr\/index.php\/wp-json\/wp\/v2\/users\/2"}],"replies":[{"embeddable":true,"href":"https:\/\/akdenizhaber.com.tr\/index.php\/wp-json\/wp\/v2\/comments?post=21374"}],"version-history":[{"count":0,"href":"https:\/\/akdenizhaber.com.tr\/index.php\/wp-json\/wp\/v2\/posts\/21374\/revisions"}],"wp:featuredmedia":[{"embeddable":true,"href":"https:\/\/akdenizhaber.com.tr\/index.php\/wp-json\/wp\/v2\/media\/21375"}],"wp:attachment":[{"href":"https:\/\/akdenizhaber.com.tr\/index.php\/wp-json\/wp\/v2\/media?parent=21374"}],"wp:term":[{"taxonomy":"category","embeddable":true,"href":"https:\/\/akdenizhaber.com.tr\/index.php\/wp-json\/wp\/v2\/categories?post=21374"},{"taxonomy":"post_tag","embeddable":true,"href":"https:\/\/akdenizhaber.com.tr\/index.php\/wp-json\/wp\/v2\/tags?post=21374"}],"curies":[{"name":"wp","href":"https:\/\/api.w.org\/{rel}","templated":true}]}}