{"id":21370,"date":"2024-03-08T13:18:25","date_gmt":"2024-03-08T10:18:25","guid":{"rendered":"https:\/\/akdenizhaber.com.tr\/?p=21370"},"modified":"2024-03-08T13:18:26","modified_gmt":"2024-03-08T10:18:26","slug":"okudanin-proje-tanitim-toplantisi-manavgati-salladi","status":"publish","type":"post","link":"https:\/\/akdenizhaber.com.tr\/index.php\/2024\/03\/08\/okudanin-proje-tanitim-toplantisi-manavgati-salladi\/","title":{"rendered":"Okudan\u2019\u0131n Proje Tan\u0131t\u0131m Toplant\u0131s\u0131 Manavgat\u2019\u0131 Sallad\u0131"},"content":{"rendered":"\n<p>  <p class=\"MsoNoSpacing\">Cumhur ittifak\u0131 Manavgat Belediye Ba\u015fkan Aday\u0131 Prof. Dr. S\u00fcleyman Okudan\u2019\u0131n proje tan\u0131t\u0131m toplant\u0131s\u0131 Manavgat\u2019\u0131 sallad\u0131. Manavgat Cumhuriyet Meydan\u0131nda d\u00fczenlenen proje tan\u0131t\u0131m toplant\u0131s\u0131na kat\u0131l\u0131m\u0131n beklentilerin \u00e7ok \u00fczerinde olmas\u0131 izdiham ya\u015fanmas\u0131na neden oldu. <\/p><\/p>\n\n\n\n<figure class=\"wp-block-image size-large\"><img loading=\"lazy\" decoding=\"async\" width=\"1024\" height=\"731\" src=\"https:\/\/akdenizhaber.com.tr\/wp-content\/uploads\/2024\/03\/b62da07e-faae-4544-978f-9b16c58a1ca9-1024x731.jpg\" alt=\"\" class=\"wp-image-21372\" srcset=\"https:\/\/akdenizhaber.com.tr\/wp-content\/uploads\/2024\/03\/b62da07e-faae-4544-978f-9b16c58a1ca9-1024x731.jpg 1024w, https:\/\/akdenizhaber.com.tr\/wp-content\/uploads\/2024\/03\/b62da07e-faae-4544-978f-9b16c58a1ca9-300x214.jpg 300w, https:\/\/akdenizhaber.com.tr\/wp-content\/uploads\/2024\/03\/b62da07e-faae-4544-978f-9b16c58a1ca9-768x548.jpg 768w, https:\/\/akdenizhaber.com.tr\/wp-content\/uploads\/2024\/03\/b62da07e-faae-4544-978f-9b16c58a1ca9-1536x1096.jpg 1536w, https:\/\/akdenizhaber.com.tr\/wp-content\/uploads\/2024\/03\/b62da07e-faae-4544-978f-9b16c58a1ca9.jpg 1600w\" sizes=\"auto, (max-width: 1024px) 100vw, 1024px\" \/><\/figure>\n\n\n\n<p> <span style=\"font-size: revert; color: initial;\">31 Mart 2024 tarihinde yap\u0131lacak olan mahalli idareler se\u00e7imlerinde Cumhur \u0130ttifak\u0131\u2019n\u0131n Manavgat Belediye Ba\u015fkan Aday\u0131 olan Prof.Dr. S\u00fcleyman Okudan g\u00f6rkemli bir t\u00f6renle projelerini a\u00e7\u0131klad\u0131. Proje tan\u0131t\u0131m toplant\u0131s\u0131na Antalya Milletvekili Tu\u011fba Vural \u00c7okal, Turizm Bakan Yard\u0131mc\u0131s\u0131 Nadir Alparslan, Cumhur \u0130ttifak\u0131\u2019n\u0131n il\u00e7e ba\u015fkanlar\u0131, Cumhur \u0130ttifak\u0131\u2019n\u0131n Manavgat Belediye Ba\u015fkan aday adaylar\u0131 ve co\u015fkulu bir kalabal\u0131k kat\u0131ld\u0131. \u00a0Ba\u015fkan S\u00fcleyman Okudan, sahneden nas\u0131l bir Manavgat hayal etti\u011fini programa kat\u0131lan se\u00e7menlere anlatt\u0131. Siyasal s\u00fcrt\u00fc\u015fmeler y\u00fcz\u00fcnden Manavgat\u2019\u0131n hak etti\u011fi yerde olmad\u0131\u011f\u0131n\u0131 s\u00f6yleyen\u00a0 Okudan Mevlana\u2019dan, Yunus Emre\u2019den al\u0131nt\u0131lar yaparak ho\u015fg\u00f6r\u00fcn\u00fcn ve uzla\u015fma k\u00fclt\u00fcr\u00fcn\u00fcn bir \u015fehrin geli\u015fmesinde ne kadar \u00f6nemli oldu\u011funun alt\u0131n\u0131 \u00e7izdi. Yakla\u015f\u0131k olarak bir saate yak\u0131n sahnede kalan Manavgat Belediye Ba\u015fkan Aday\u0131 S\u00fcleyman Okudan, Manavgat \u0130\u00e7in ger\u00e7ekle\u015ftirmeyi d\u00fc\u015f\u00fcnd\u00fc\u011f\u00fc baz\u0131 projeleri vatanda\u015flarla payla\u015ft\u0131. Manavgat\u2019\u0131n il olmas\u0131ndan, Sosyal Konut\u2019a\u2026 Manavgat \u00dcniversitesinden, sa\u011fl\u0131k turizmine kadar bir\u00e7ok, b\u00fcy\u00fck proje a\u00e7\u0131klayan Manavgat Belediye Ba\u015fkan Aday\u0131 S\u00fcleyman Okudan \u201cDestek verin Manavgat\u2019\u0131 de\u011fi\u015ftirelim. Bu gururu birlikte ya\u015fayal\u0131m. Ben sizlere siyasi g\u00f6r\u00fc\u015flerinizi ya da ya\u015fam \u015fekillerinizi de\u011fi\u015ftirin demiyorum. Bir kereli\u011fine de olsa birlikte Manavgat diyelim. Bir kereli\u011fine de olsa ayn\u0131 y\u00f6ne bakal\u0131m \u201cdedi.<\/span> <p class=\"MsoNoSpacing\">K\u0130MSEN\u0130N EKME\u011e\u0130 \u0130LE OYNAMAYACA\u011eIZ.<\/p> <p class=\"MsoNoSpacing\">\u00a0Ba\u015fkan Okudan as\u0131ls\u0131z haberlerin kamuoyuna servis edildi\u011fini s\u00f6yledi. \u201c Biz Belediyeyi kazand\u0131\u011f\u0131m\u0131z zaman g\u00fcya belediye \u00e7al\u0131\u015fanlar\u0131n\u0131 i\u015ften \u00e7\u0131karacakm\u0131\u015f\u0131z..! Bu k\u00fclliyen yalan..! 30 y\u0131l\u0131 a\u015fan bir s\u00fcredir benden yard\u0131m talep eden b\u00fct\u00fcn hem\u015ferilerimize yard\u0131mc\u0131 olmaya \u00e7al\u0131\u015ft\u0131m. Hi\u00e7 kimseye hangi siyasi d\u00fc\u015f\u00fcnceden oldu\u011funu sormad\u0131m. Hi\u00e7 kimseye hangi inanca mensup oldu\u011funu sormad\u0131m. Hi\u00e7 kimsenin hayat tarz\u0131n\u0131 sorgulamad\u0131m. E\u011fer \u00e7al\u0131\u015fansa, bankamatik i\u015f\u00e7isi de\u011filse buradan huzurunuzda Belediye \u00e7al\u0131\u015fan\u0131 karde\u015flerime seslenmek istiyorum. Sizi \u015ferefim \u00fczerine temin ederim ki kimsenin ekme\u011fi ile oynanmayacak. Birde ekme\u011fini Pazarc\u0131l\u0131k yaparak kazanan karde\u015flerimize onlar\u0131 pazardan ataca\u011f\u0131m\u0131za dair as\u0131ls\u0131z dedikodular yaym\u0131\u015flar. Ayn\u0131 durum Pazarc\u0131 esnaf\u0131 karde\u015flerimiz i\u00e7inde ge\u00e7erlidir. Hi\u00e7 kimse yerinden kald\u0131r\u0131lmayacak\u201d dedi.<\/p> <p class=\"MsoNoSpacing\">CUMHURBA\u015eKANIMIZDAN S\u00d6Z ALDIM.<\/p> <p class=\"MsoNoSpacing\">Ba\u015fkan Okudan yapmay\u0131 d\u00fc\u015f\u00fcnd\u00fc\u011f\u00fc projelerle ilgili olarak \u201c\u00a0 Hayat\u0131m boyunca tutamayaca\u011f\u0131m s\u00f6zler vermedim. E\u011fer ba\u015fkanl\u0131k s\u00fcrecinin sonunda sizlere mahcup olacaksam Allah bu g\u00f6revi bize nasip etmesin. Say\u0131n Cumhurba\u015fkan\u0131m\u0131z Recep Tayyip Erdo\u011fan beyefendi \u201cHocam Manavgat\u2019\u0131 istiyorum\u201d dedi\u011finde Efendim Manavgat\u2019\u0131 size getirece\u011fiz ama sizlerden yapaca\u011f\u0131m\u0131z b\u00fcy\u00fck projeler konusunda destek istirham ediyoruz. Dedi\u011fimde sen Manavgat\u2019\u0131 getir. Her konuda arkan\u0131zday\u0131z dedi. Ben yapaca\u011f\u0131m projeler konusunda arkama iktidar\u0131n ve Say\u0131n Cumhurba\u015fkan\u0131m\u0131z\u0131n g\u00fcc\u00fcn\u00fc alarak konu\u015fuyorum. Di\u011fer aday olan arkada\u015flar\u0131m\u0131za sorun bakal\u0131m yapt\u0131klar\u0131 projeleri nas\u0131l hayata ge\u00e7irecekler, nas\u0131l kaynak yaratacaklar? Mesele proje yapmak de\u011fil, yapt\u0131\u011f\u0131n\u0131z projeleri hayata aktarabilmektir\u201ddedi. Ba\u015fkan Okudan\u2019\u0131n projelerini anlatmas\u0131n\u0131n ard\u0131ndan b\u00fct\u00fcn belediye meclis \u00fcyesi adaylar\u0131 havai fi\u015fek g\u00f6sterisi ve program\u0131 izlemeye gelen yakla\u015f\u0131k 20-25 bin aral\u0131\u011f\u0131ndaki vatanda\u015flar\u0131n alk\u0131\u015flar\u0131 aras\u0131nda sahneye davet edildiler. Tan\u0131t\u0131m program\u0131n\u0131n ard\u0131ndan toplant\u0131ya kat\u0131lan vatanda\u015flar Merve \u00d6zbey konseri ile g\u00f6n\u00fcllerince e\u011flendiler.<\/p> <p class=\"MsoNoSpacing\">Haber Merkezi<\/p> <\/p>\n","protected":false},"excerpt":{"rendered":"<p>Cumhur ittifak\u0131 Manavgat Belediye Ba\u015fkan Aday\u0131 Prof. Dr. S\u00fcleyman Okudan\u2019\u0131n proje tan\u0131t\u0131m toplant\u0131s\u0131 Manavgat\u2019\u0131 sallad\u0131. Manavgat Cumhuriyet Meydan\u0131nda d\u00fczenlenen proje tan\u0131t\u0131m toplant\u0131s\u0131na kat\u0131l\u0131m\u0131n beklentilerin \u00e7ok <a href=\"https:\/\/akdenizhaber.com.tr\/index.php\/2024\/03\/08\/okudanin-proje-tanitim-toplantisi-manavgati-salladi\/\" class=\"read-more-link\">[more&#8230;]<\/a><\/p>\n","protected":false},"author":2,"featured_media":21371,"comment_status":"open","ping_status":"open","sticky":false,"template":"","format":"standard","meta":{"footnotes":""},"categories":[2],"tags":[],"class_list":["post-21370","post","type-post","status-publish","format-standard","has-post-thumbnail","hentry","category-gundem"],"_links":{"self":[{"href":"https:\/\/akdenizhaber.com.tr\/index.php\/wp-json\/wp\/v2\/posts\/21370","targetHints":{"allow":["GET"]}}],"collection":[{"href":"https:\/\/akdenizhaber.com.tr\/index.php\/wp-json\/wp\/v2\/posts"}],"about":[{"href":"https:\/\/akdenizhaber.com.tr\/index.php\/wp-json\/wp\/v2\/types\/post"}],"author":[{"embeddable":true,"href":"https:\/\/akdenizhaber.com.tr\/index.php\/wp-json\/wp\/v2\/users\/2"}],"replies":[{"embeddable":true,"href":"https:\/\/akdenizhaber.com.tr\/index.php\/wp-json\/wp\/v2\/comments?post=21370"}],"version-history":[{"count":0,"href":"https:\/\/akdenizhaber.com.tr\/index.php\/wp-json\/wp\/v2\/posts\/21370\/revisions"}],"wp:featuredmedia":[{"embeddable":true,"href":"https:\/\/akdenizhaber.com.tr\/index.php\/wp-json\/wp\/v2\/media\/21371"}],"wp:attachment":[{"href":"https:\/\/akdenizhaber.com.tr\/index.php\/wp-json\/wp\/v2\/media?parent=21370"}],"wp:term":[{"taxonomy":"category","embeddable":true,"href":"https:\/\/akdenizhaber.com.tr\/index.php\/wp-json\/wp\/v2\/categories?post=21370"},{"taxonomy":"post_tag","embeddable":true,"href":"https:\/\/akdenizhaber.com.tr\/index.php\/wp-json\/wp\/v2\/tags?post=21370"}],"curies":[{"name":"wp","href":"https:\/\/api.w.org\/{rel}","templated":true}]}}