{"id":21338,"date":"2024-03-08T13:06:05","date_gmt":"2024-03-08T10:06:05","guid":{"rendered":"https:\/\/akdenizhaber.com.tr\/?p=21338"},"modified":"2024-03-08T13:06:06","modified_gmt":"2024-03-08T10:06:06","slug":"ureticiye-tesvik-verecegiz-tarimsal-uretimi-artiracagiz","status":"publish","type":"post","link":"https:\/\/akdenizhaber.com.tr\/index.php\/2024\/03\/08\/ureticiye-tesvik-verecegiz-tarimsal-uretimi-artiracagiz\/","title":{"rendered":"\u00dcreticiye te\u015fvik verece\u011fiz tar\u0131msal \u00fcretimi art\u0131raca\u011f\u0131z"},"content":{"rendered":"\n<p><\/p>\n\n\n\n<p>\u0130yi Parti Antalya B\u00fcy\u00fck\u015fehir Belediye Ba\u015fkan Aday\u0131 Nesrin \u00dcnal, Elmal\u0131 ve Ka\u015f\u2019\u0131 ziyaret etti. Antalya\u2019n\u0131n tar\u0131m \u00fcretiminde \u00e7ok geride kald\u0131\u011f\u0131n\u0131 belirten \u00dcnal, \u201c\u00dcreticimize verece\u011fimiz te\u015fviklerle tar\u0131msal \u00fcretimi cazip hale getirerek yakla\u015fan g\u0131da krizine kar\u015f\u0131 \u00f6nlem alaca\u011f\u0131z\u201d dedi. \u00dcnal,\u00a0 \u00fcreticiye verilecek desteklerden de bahsetti. \u00dcnal,\u00a0 Tar\u0131m Lisesi ve Tar\u0131m \u00dcniversitesi a\u00e7\u0131lmas\u0131 i\u00e7in de \u00f6nc\u00fcl\u00fck edece\u011fini s\u00f6yledi<\/p>\n\n\n\n<p>TARIM L\u0130SES\u0130 VE TARIM \u00dcN\u0130VERS\u0130TES\u0130 GEL\u0130YOR<\/p>\n\n\n\n<p>\u0130yi Parti Antalya B\u00fcy\u00fck\u015fehir Belediye Ba\u015fkan Aday\u0131 Nesrin \u00dcnal, Antalya\u2019da gezmedik il\u00e7e, \u00e7almad\u0131k kap\u0131 b\u0131rakm\u0131yor. Elmal\u0131 ve Ka\u015f\u2019\u0131 ziyaret eden \u00dcnal, sohbet etti\u011fi \u00e7ift\u00e7ilere tar\u0131m alan\u0131ndaki projelerinden bahsetti. Elmal\u0131\u2019n\u0131nTekke, Z\u00fcmr\u00fct,Bay\u0131nd\u0131r ve Ak\u00e7ay mahallelerini ziyaret eden \u00dcnal, \u201cCumhuriyetimizin kurulu\u015fundan bu yana \u00fclkemizin tar\u0131msal \u00fcretiminde ba\u015f\u0131 \u00e7eken \u015fehirlerden olan Antalya&#8217;m\u0131z\u0131n tar\u0131msal \u00fcretim kapasitesini ve kalitesini art\u0131racak \u00f6nlemler alarak \u015fehrimizi s\u00fcrd\u00fcr\u00fclebilir tar\u0131mda \u00f6ne \u00e7\u0131karmay\u0131 hedefliyoruz. Tar\u0131mda su tasarrufunu \u00f6zendirerek su kaynaklar\u0131m\u0131z\u0131 koruyacak, \u00fcreticimize verece\u011fimiz te\u015fviklerle tar\u0131msal \u00fcretimi cazip hale getirerek yakla\u015fan g\u0131da krizine kar\u015f\u0131 \u00f6nlem alaca\u011f\u0131z\u201d dedi. Antalya\u2019daki \u00f6nemli bir eksikli\u011fe de\u011finen Nesrin \u00dcnal, \u201c\u00dcreticinin bilin\u00e7lenmesini sa\u011flayacak, yeni nesli \u00fcretime te\u015fvik edecek Tar\u0131m \u00dcniversitesi ve Tar\u0131m Lisesi\u2019nin a\u00e7\u0131lmas\u0131 i\u00e7in \u00f6nc\u00fcl\u00fck yapaca\u011f\u0131m. Bu topraklara sahip \u00e7\u0131kmak bizim g\u00f6revimiz\u201d diye konu\u015ftu.<\/p>\n\n\n\n<p>B\u0130Z\u0130M TOPRA\u011eIMIZ PROJES\u0130<\/p>\n\n\n\n<p>Tekkede Abdal Musa t\u00fcrbesini ziyaret edene \u0130yi Parti Antalya B\u00fcy\u00fck\u015fehir Belediye Ba\u015fkan Aday\u0131 Nesrin \u00dcnal, daha sonar Ka\u015f G\u00f6mbe beldesinde esnafla bulu\u015ftu. Esnafa projelerinden bahseden \u00dcnal, \u201c\u015eehrimizin ekolojisini koruma alt\u0131na alarak, halk\u0131m\u0131za ucuz ve sa\u011fl\u0131kl\u0131 tar\u0131m \u00fcr\u00fcnleri yeti\u015ftirme ilkesiyle hareket edece\u011fiz. Tar\u0131msal \u00fcretimi topra\u011f\u0131m\u0131z\u0131 ve \u00e7evremizi kirletmeden, ucuz ve s\u00fcrd\u00fcr\u00fcle- bilir bir bi\u00e7imde planlad\u0131\u011f\u0131m\u0131z Bizim Topra\u011f\u0131m\u0131z Projesi ile \u015fehrimizin tar\u0131msal \u00fcretimini uzun vadeli olarak planlayaca\u011f\u0131z. Antalya&#8217;m\u0131zda, \u00e7a\u011f\u0131m\u0131z\u0131n gereksinimlerine uygun bir teknolojinin kullan\u0131l- d\u0131\u011f\u0131, verimli ve s\u00fcrd\u00fcr\u00fclebilir bir tar\u0131m \u00fcretimini sa\u011flayabilmek ad\u0131na, belediyemizin \u00f6nc\u00fcl\u00fc\u011f\u00fcnde Bizim Topra\u011f\u0131m\u0131z Projesi&#8217;ni ba\u015flataca\u011f\u0131z. Proje \u00e7er\u00e7evesinde, K\u0131rsal ve turizm alan\u0131 ayr\u0131m\u0131n\u0131 ger\u00e7eklere uygun bir bi\u00e7imde d\u00fczenleyece\u011fiz. Tar\u0131m sekt\u00f6r\u00fcne bilgi ve girdi deste\u011fi verece\u011fiz. Tar\u0131m dan\u0131\u015fma hatlar\u0131 kuracak, gezici teknik elemanlarla \u00fcreticiye \u00fccretsiz destek verece\u011fiz\u201d diye konu\u015ftu.<\/p>\n\n\n\n<p>ORGAN\u0130ZE TARIM ALANLARI OLU\u015eTURACA\u011eIZ<\/p>\n\n\n\n<p>\u00dcnal konu\u015fmas\u0131n\u0131n devam\u0131nda, \u201cKapal\u0131 sulama sistemlerinin yayg\u0131nla\u015ft\u0131r\u0131lmas\u0131 i\u00e7in \u00f6nc\u00fcl\u00fck yaparak suyumuzu verimli kullanmay\u0131 te\u015fvik edece\u011fiz. A\u011fa\u00e7ta kalan narenciyeyi \u00fcreticiden alarak ihtiyac\u0131 olan vatanda\u015flar\u0131m\u0131za \u00fccretsiz da\u011f\u0131taca\u011f\u0131z. Halk\u0131m\u0131za destek olurken, \u00fcreticimizin yan\u0131nda duracak ve a\u011fa\u00e7lar\u0131m\u0131z\u0131n kesilmesini engelleyece\u011fiz. \u015eehrimizin ref\u00fcj ve parklar\u0131n\u0131 narenciye, zeytin, ke\u00e7iboynuzu a\u011fa\u00e7lar\u0131yla ve yabani bitkilerle s\u00fcsleyecek, maliyeti d\u00fc\u015f\u00fcr\u00fcrken su kullan\u0131m\u0131n\u0131 en aza indirerek uzun \u00f6m\u00fcrl\u00fc ve s\u00fcrd\u00fcr\u00fclebilir peyzaj \u00e7al\u0131\u015fmas\u0131 yapaca\u011f\u0131z. Organize tar\u0131m alanlar\u0131 olu\u015fturarak tar\u0131msal \u00fcretimi te\u015fvik edece\u011fiz. Antalya&#8217;da \u00f6zellikle az su ile ya\u015fam\u0131n\u0131 s\u00fcrd\u00fcrebilen zeytin a\u011fac\u0131n\u0131 yayg\u0131nla\u015ft\u0131rmak ad\u0131na fide deste\u011fi verece\u011fiz. Ata tohumu, fide ve di\u011fer tar\u0131msal girdilerde \u00fcreticimize destekler sunaca\u011f\u0131z. Belediye b\u00fcnyesinde tar\u0131msal makinalar sat\u0131n alaca\u011f\u0131z. \u00dcreticimize makinal\u0131 tar\u0131mda kiralama modeli ile ve \u00e7ok d\u00fc\u015f\u00fck kiralarla destek olaca\u011f\u0131z\u201d diyerek tar\u0131m projelerini anlatt\u0131. \u00dcnal daha sonra \u0130yi Parti Elmal\u0131 Belediye Ba\u015fkan Aday\u0131Mehmet \u00c7etin\u2019in Se\u00e7im Koordinasyon Merkezi\u2019nin a\u00e7\u0131l\u0131\u015f\u0131n\u0131 yapt\u0131.&nbsp;<\/p>\n\n\n\n<p>Bizim Yuvam\u0131z Projesi<\/p>\n\n\n\n<p>T\u00fcrkiye&#8217;de geli\u015fmi\u015f devletlere g\u00f6re geride olan kad\u0131n istihdam\u0131n\u0131 art\u0131r- mak i\u00e7in kad\u0131n kooperatifleri kurulumunu te\u015fvik edece\u011fiz. \u00d6zellikle orga- nik tar\u0131m \u00fcr\u00fcnlerinde kuraca\u011f\u0131m\u0131z kad\u0131n kooperatiflerimizin sa\u011fl\u0131kl\u0131 g\u0131da \u00dcr\u00fcnleri \u00fcretimini te\u015fvik ederek, kad\u0131nlar\u0131m\u0131z\u0131n sosyal ve ekonomik \u00f6zg\u00fcr- l\u00fcklerini kazanmalar\u0131na yard\u0131mc\u0131 olaca\u011f\u0131z.<\/p>\n\n\n\n<p>Her ya\u015ftan kad\u0131nlar\u0131m\u0131z i\u00e7in meslek edindirme kurslar\u0131n\u0131n say\u0131s\u0131n\u0131 art\u0131ra- cak, belediyemiz b\u00fcnyesinde kuraca\u011f\u0131m\u0131z Kad\u0131n Destekleme Birimi vasita- s\u0131yla kad\u0131nlar\u0131m\u0131za giri\u015fimcilik ve istihdam konular\u0131nda destek olaca\u011f\u0131z.<\/p>\n\n\n\n<p>Hayat yolculu\u011funda yaln\u0131z kalm\u0131\u015f ya da yaln\u0131zl\u0131\u011f\u0131 tercih etmi\u015f kad\u0131nlar\u0131- m\u0131z i\u00e7in k\u0131rsalda bulu\u015fup sosyalle\u015febilecekleri kad\u0131n evleri yapaca\u011f\u0131z.<\/p>\n\n\n\n<p>Kad\u0131nlar\u0131m\u0131za \u00f6zel aile rehberlik hizmeti, aile dan\u0131\u015fmanl\u0131\u011f\u0131, psikolojik da- n\u0131\u015fmanl\u0131k, hukuk dan\u0131\u015fmanl\u0131\u011f\u0131 hizmetleri veren ve kad\u0131nlar\u0131n istihdam edildi\u011fi \u00fccretsiz dan\u0131\u015fma merkezleri a\u00e7aca\u011f\u0131z.<\/p>\n\n\n\n<p>Hayat kalitelerini y\u00fckseltmek ad\u0131na, kad\u0131nlar\u0131m\u0131z\u0131 spora te\u015fvik edecek, belediyemiz b\u00fcnyesinde her ya\u015f grubundaki kad\u0131n\u0131m\u0131z i\u00e7in \u00fccretsiz spor aktiviteleri d\u00fczenleyece\u011fiz.<\/p>\n\n\n\n<p>Haber Merkezi<\/p>\n","protected":false},"excerpt":{"rendered":"<p>\u0130yi Parti Antalya B\u00fcy\u00fck\u015fehir Belediye Ba\u015fkan Aday\u0131 Nesrin \u00dcnal, Elmal\u0131 ve Ka\u015f\u2019\u0131 ziyaret etti. Antalya\u2019n\u0131n tar\u0131m \u00fcretiminde \u00e7ok geride kald\u0131\u011f\u0131n\u0131 belirten \u00dcnal, \u201c\u00dcreticimize verece\u011fimiz te\u015fviklerle <a href=\"https:\/\/akdenizhaber.com.tr\/index.php\/2024\/03\/08\/ureticiye-tesvik-verecegiz-tarimsal-uretimi-artiracagiz\/\" class=\"read-more-link\">[more&#8230;]<\/a><\/p>\n","protected":false},"author":2,"featured_media":21339,"comment_status":"open","ping_status":"open","sticky":false,"template":"","format":"standard","meta":{"footnotes":""},"categories":[2],"tags":[],"class_list":["post-21338","post","type-post","status-publish","format-standard","has-post-thumbnail","hentry","category-gundem"],"_links":{"self":[{"href":"https:\/\/akdenizhaber.com.tr\/index.php\/wp-json\/wp\/v2\/posts\/21338","targetHints":{"allow":["GET"]}}],"collection":[{"href":"https:\/\/akdenizhaber.com.tr\/index.php\/wp-json\/wp\/v2\/posts"}],"about":[{"href":"https:\/\/akdenizhaber.com.tr\/index.php\/wp-json\/wp\/v2\/types\/post"}],"author":[{"embeddable":true,"href":"https:\/\/akdenizhaber.com.tr\/index.php\/wp-json\/wp\/v2\/users\/2"}],"replies":[{"embeddable":true,"href":"https:\/\/akdenizhaber.com.tr\/index.php\/wp-json\/wp\/v2\/comments?post=21338"}],"version-history":[{"count":0,"href":"https:\/\/akdenizhaber.com.tr\/index.php\/wp-json\/wp\/v2\/posts\/21338\/revisions"}],"wp:featuredmedia":[{"embeddable":true,"href":"https:\/\/akdenizhaber.com.tr\/index.php\/wp-json\/wp\/v2\/media\/21339"}],"wp:attachment":[{"href":"https:\/\/akdenizhaber.com.tr\/index.php\/wp-json\/wp\/v2\/media?parent=21338"}],"wp:term":[{"taxonomy":"category","embeddable":true,"href":"https:\/\/akdenizhaber.com.tr\/index.php\/wp-json\/wp\/v2\/categories?post=21338"},{"taxonomy":"post_tag","embeddable":true,"href":"https:\/\/akdenizhaber.com.tr\/index.php\/wp-json\/wp\/v2\/tags?post=21338"}],"curies":[{"name":"wp","href":"https:\/\/api.w.org\/{rel}","templated":true}]}}