{"id":21335,"date":"2024-03-08T13:05:04","date_gmt":"2024-03-08T10:05:04","guid":{"rendered":"https:\/\/akdenizhaber.com.tr\/?p=21335"},"modified":"2024-03-08T13:05:05","modified_gmt":"2024-03-08T10:05:05","slug":"varsak-cayirinda-gures-sezonu-aciliyor","status":"publish","type":"post","link":"https:\/\/akdenizhaber.com.tr\/index.php\/2024\/03\/08\/varsak-cayirinda-gures-sezonu-aciliyor\/","title":{"rendered":"Varsak \u00c7ay\u0131r\u0131\u2019nda g\u00fcre\u015f sezonu a\u00e7\u0131l\u0131yor"},"content":{"rendered":"\n<p><\/p>\n\n\n\n<p>Kepez Belediye Ba\u015fkan\u0131 ve Antalya B\u00fcy\u00fck\u015fehir Belediye Ba\u015fkan aday\u0131 Hakan T\u00fct\u00fcnc\u00fc, ya\u011fl\u0131 g\u00fcre\u015fin \u00e7ok sevildi\u011fi \u015fehre,&nbsp; K\u0131rkp\u0131nar g\u00fcre\u015flerinin yap\u0131ld\u0131\u011f\u0131 Sarayi\u00e7i&nbsp; gibi bir tesis kazand\u0131rd\u0131.<\/p>\n\n\n\n<p>Kepez Belediyesinin, Varsak semtine kazand\u0131rd\u0131\u011f\u0131 g\u00fcre\u015f sahas\u0131 pehlivanlarla bulu\u015fuyor.<br>Ba\u015fkan Hakan T\u00fct\u00fcnc\u00fc \u2018n\u00fcn pehlivanlara ve ya\u011fl\u0131 g\u00fcre\u015f severlere s\u00f6z\u00fcn\u00fc verdi\u011fi tesis, 10 Mart Pazar g\u00fcn\u00fc saat 11.00\u2019de d\u00fczenlenen t\u00f6renle hizmete a\u00e7\u0131l\u0131yor.&nbsp; Varsak g\u00fcre\u015f sahas\u0131, kapal\u0131 trib\u00fcn\u00fc, 2 bin metrekare \u00e7ay\u0131r\u0131, soyunma odalar\u0131 ve otopark\u0131yla Antalya\u2019n\u0131n ya\u011fl\u0131 g\u00fcre\u015fteki ba\u015far\u0131s\u0131na yara\u015f\u0131r bir tesis oldu.<\/p>\n\n\n\n<p><strong>Antalyal\u0131 pehlivanlara antrenman sahas\u0131<\/strong><br>Varsak \u00c7ay\u0131r\u0131, Tarihi K\u0131rkp\u0131nar G\u00fcre\u015flerinde Antalya\u2019ya ba\u015fpehlivanl\u0131k heyecan\u0131 ya\u015fatacak g\u00fcre\u015f\u00e7ilerin yeti\u015fmesine katk\u0131 sa\u011flayacak.<br>Tesis, ayn\u0131 zamanda ses getiren ya\u011fl\u0131 g\u00fcre\u015f organizasyonlar\u0131na da ev sahipli\u011fi yapacak.&nbsp;<br>Varsak G\u00fcre\u015f Sahas\u0131, K\u0131rkp\u0131nar g\u00fcre\u015flerinin yap\u0131ld\u0131\u011f\u0131 Sarayi\u00e7i&nbsp;gibi sadece ya\u011fl\u0131 g\u00fcre\u015fe hizmet verecek. Varsak \u00e7ay\u0131r\u0131, Antalyal\u0131 pehlivanlar\u0131n antrenman sahas\u0131 ihtiyac\u0131n\u0131 da kar\u015f\u0131layacak. Pehlivanlar, Varsak \u00c7ay\u0131r\u0131\u2019nda yapacaklar\u0131 antrenmanla hem K\u0131rkp\u0131nar\u2019a hem sezon g\u00fcre\u015flerine haz\u0131rlanabilecek.<\/p>\n\n\n\n<p><strong>Varsak g\u00fcre\u015f sahas\u0131na T\u00fct\u00fcnc\u00fc ile kavu\u015ftu<br><\/strong>G\u00fcre\u015f Sahas\u0131, ata sporu g\u00fcre\u015fin \u00e7ok sevildi\u011fi Varsak b\u00f6lgesi i\u00e7in de \u00f6nemli bir yat\u0131r\u0131m oldu. Varsak \u2018ta,&nbsp; Ramazan Bayram\u0131\u2019na \u00f6zel ve geleneksel hale gelen ya\u011fl\u0131 g\u00fcre\u015fleri d\u00fczenliyor. &nbsp;Bu etkinlik, b\u00f6lgede g\u00fcre\u015f sahas\u0131 olmad\u0131\u011f\u0131 i\u00e7in parklarda ger\u00e7ekle\u015ftiriliyordu.<br>Ba\u015fkan Hakan T\u00fct\u00fcnc\u00fc, 2022\u2019de ger\u00e7ekle\u015ftirilen bayram g\u00fcre\u015flerinde Varsak sakinlerine \u2018saha yapma s\u00f6z\u00fc\u2019 vermi\u015fti.<br>Bu s\u00f6z\u00fcn yerine getirilmesiyle Varsak bayram g\u00fcre\u015fleri art\u0131k parklarda de\u011fil,&nbsp; K\u0131rkp\u0131nar Sarayii\u00e7i gibi bir tesiste d\u00fczenlenebilecek.<br><strong>G\u00fcre\u015f alan\u0131 2 bin m2<br><\/strong>Varsak G\u00fcre\u015f Sahas\u0131, Aktoprak Mahallesi \u015eehit B\u00fclent Alkan Caddesi\u2019nde 5 bin 517 m2 (Metrekare) alana in\u015fa edildi. \u0130n\u015faat \u00e7al\u0131\u015fmalar\u0131 tamamlanan g\u00fcre\u015f sahas\u0131n\u0131n 627 koltuklu betonarme kapal\u0131 trib\u00fcn\u00fc bulunuyor. Tesisin koltuk rengi, eski Varsak Belediyesinin kurumsal renkleri olan ye\u015fil ve beyaz olarak se\u00e7ildi. &nbsp;Tesisin seyirci kapasitesi, portatif trib\u00fcnlerle art\u0131rabilecek. Kapal\u0131 trib\u00fcn\u00fcn alt\u0131nda ise hakem ve soyunma odalar\u0131yla, lavabolar bulunuyor. Tesisin,&nbsp; geni\u015fli\u011fi 70 metre, uzunlu\u011fu 80 metre olan \u00e7im sahas\u0131n\u0131n b\u00fcy\u00fckl\u00fc\u011f\u00fc 2 bin m2.&nbsp;<\/p>\n\n\n\n<p>Kepez Belediyesi \/ B\u00fclten<\/p>\n","protected":false},"excerpt":{"rendered":"<p>Kepez Belediye Ba\u015fkan\u0131 ve Antalya B\u00fcy\u00fck\u015fehir Belediye Ba\u015fkan aday\u0131 Hakan T\u00fct\u00fcnc\u00fc, ya\u011fl\u0131 g\u00fcre\u015fin \u00e7ok sevildi\u011fi \u015fehre,&nbsp; K\u0131rkp\u0131nar g\u00fcre\u015flerinin yap\u0131ld\u0131\u011f\u0131 Sarayi\u00e7i&nbsp; gibi bir tesis kazand\u0131rd\u0131. Kepez <a href=\"https:\/\/akdenizhaber.com.tr\/index.php\/2024\/03\/08\/varsak-cayirinda-gures-sezonu-aciliyor\/\" class=\"read-more-link\">[more&#8230;]<\/a><\/p>\n","protected":false},"author":2,"featured_media":21336,"comment_status":"open","ping_status":"open","sticky":false,"template":"","format":"standard","meta":{"footnotes":""},"categories":[2],"tags":[],"class_list":["post-21335","post","type-post","status-publish","format-standard","has-post-thumbnail","hentry","category-gundem"],"_links":{"self":[{"href":"https:\/\/akdenizhaber.com.tr\/index.php\/wp-json\/wp\/v2\/posts\/21335","targetHints":{"allow":["GET"]}}],"collection":[{"href":"https:\/\/akdenizhaber.com.tr\/index.php\/wp-json\/wp\/v2\/posts"}],"about":[{"href":"https:\/\/akdenizhaber.com.tr\/index.php\/wp-json\/wp\/v2\/types\/post"}],"author":[{"embeddable":true,"href":"https:\/\/akdenizhaber.com.tr\/index.php\/wp-json\/wp\/v2\/users\/2"}],"replies":[{"embeddable":true,"href":"https:\/\/akdenizhaber.com.tr\/index.php\/wp-json\/wp\/v2\/comments?post=21335"}],"version-history":[{"count":0,"href":"https:\/\/akdenizhaber.com.tr\/index.php\/wp-json\/wp\/v2\/posts\/21335\/revisions"}],"wp:featuredmedia":[{"embeddable":true,"href":"https:\/\/akdenizhaber.com.tr\/index.php\/wp-json\/wp\/v2\/media\/21336"}],"wp:attachment":[{"href":"https:\/\/akdenizhaber.com.tr\/index.php\/wp-json\/wp\/v2\/media?parent=21335"}],"wp:term":[{"taxonomy":"category","embeddable":true,"href":"https:\/\/akdenizhaber.com.tr\/index.php\/wp-json\/wp\/v2\/categories?post=21335"},{"taxonomy":"post_tag","embeddable":true,"href":"https:\/\/akdenizhaber.com.tr\/index.php\/wp-json\/wp\/v2\/tags?post=21335"}],"curies":[{"name":"wp","href":"https:\/\/api.w.org\/{rel}","templated":true}]}}