{"id":21331,"date":"2024-03-07T13:46:58","date_gmt":"2024-03-07T10:46:58","guid":{"rendered":"https:\/\/akdenizhaber.com.tr\/?p=21331"},"modified":"2024-03-07T13:46:58","modified_gmt":"2024-03-07T10:46:58","slug":"baskan-adayi-nefi-karaya-destek-cig-gibi-buyuyor","status":"publish","type":"post","link":"https:\/\/akdenizhaber.com.tr\/index.php\/2024\/03\/07\/baskan-adayi-nefi-karaya-destek-cig-gibi-buyuyor\/","title":{"rendered":"Ba\u015fkan Aday\u0131 Nefi Kara\u2019ya Destek \u00c7\u0131\u011f Gibi B\u00fcy\u00fcyor"},"content":{"rendered":"\n<p><\/p>\n\n\n\n<p>Cumhuriyet Halk Partisi (CHP) Manavgat Belediye Ba\u015fkan Aday\u0131 Niyazi Nefi Kara\u2019n\u0131n b\u00fcy\u00fck mahallelerde s\u00fcrd\u00fcrd\u00fc\u011f\u00fc Halk bulu\u015fmalar\u0131, so\u011fu\u011fa, ya\u011fmura ve f\u0131rt\u0131naya ra\u011fmen binlerce vatanda\u015f\u0131n kat\u0131l\u0131m\u0131 ile devam ediyor. Kent halk\u0131n\u0131n ak\u0131n etti\u011fi halk bulu\u015fmalar\u0131, son olarak Evrenseki, Sorgun ve Oymap\u0131nar Mahalleleri\u2019nde devam etti.Halk bulu\u015fmalar\u0131nda \u00f6zellikle kad\u0131nlardan ve gen\u00e7lerden b\u00fcy\u00fck ilgi g\u00f6ren Nefi Kara, davul, zurna, havai fi\u015fe, me\u015fale, konfeti ve \u00e7i\u00e7eklerle kar\u015f\u0131lan\u0131yor.Ba\u015fkan Aday\u0131 Nefi Kara\u2019ya, e\u015fi Hacer Ceyhan Kara, Manavgat Belediye Ba\u015fkan\u0131 \u015e\u00fckr\u00fc S\u00f6zen, e\u015fi Hatice S\u00f6zen, CHP Manavgat \u0130l\u00e7e Ba\u015fkan\u0131 Oykun Ba\u015far, CHP Antalya Milletvekilleri Aliye Co\u015far ve Sururi \u00c7orabat\u0131r ile CHP Se\u00e7im Komitesi Ba\u015fkan\u0131 Abbas Tarak\u00e7\u0131, belediye meclis \u00fcyesi adaylar\u0131 ve partililer de e\u015flik ediyor.Gece g\u00fcnd\u00fcz demeden kenti ileri ta\u015f\u0131yacak vizyon projeleri halkla payla\u015fan Ba\u015fkan Aday\u0131 Niyazi Nefi Kara, t\u00fcm vatanda\u015flarla bire bir ilgileniyor, istek ve ihtiya\u00e7lar\u0131n\u0131 not ederek g\u00f6reve gelmesi durumunda yapaca\u011f\u0131 hizmetlerin s\u00f6z\u00fcn\u00fc de veriyor. Ba\u015fkan Aday\u0131 Kara\u2019n\u0131n halk bulu\u015fmalar\u0131nda anlatt\u0131\u011f\u0131 vizyon projeler ise Manavgat halk\u0131ndan tam not al\u0131yor.<\/p>\n\n\n\n<p>KARA:\u201c1 N\u0130SAN\u2019DAN \u0130T\u0130BAREN EMR\u0130N\u0130ZDE OLACA\u011eIZ\u201d<\/p>\n\n\n\n<p>CHP Manavgat Belediye Ba\u015fkan Aday\u0131 Niyazi Nefi Kara, insan odakl\u0131, \u00e7evreci, sosyal ve ekonomi projelerin hayata ge\u00e7ireceklerini ve 1 Nisan\u2019dan itibaren Manavgat halk\u0131n\u0131n emrinde olacaklar\u0131n\u0131 s\u00f6yledi. Ba\u015fkan Aday\u0131 Nefi Kara, \u201c\u00d6ncelikle Manavgat\u2019a hizmet eden b\u00fct\u00fcn b\u00fcy\u00fcklerimize sayg\u0131 minnet ve sevgiyle an\u0131yor, \u00f6lenlere de rahmet diliyorum. Belediye ba\u015fkan\u0131m\u0131zda belirtti Manavgat\u2019\u0131n \u00f6zellikle Sorgun\u2019la ve Ululalan\u2019la u\u011fra\u015fanlar\u0131n ya da burada belediye ba\u015fkanl\u0131\u011f\u0131 isteyenlerin neyin pe\u015finde olduklar\u0131n\u0131 anlatt\u0131lar. Ulualan talan edilmek isteniyor, Sorgun \u00e7aml\u0131\u011f\u0131 talan edilmek isteniyor dahas\u0131 Manavgat\u2019\u0131n b\u00fcy\u00fck bir b\u00f6l\u00fcm\u00fc talana kurban gitmek \u00fczere, e\u011fer inand\u0131rabilseler yalana kurban gitmek \u00fczere oysa Manavgatl\u0131lar bilir ki o yalana hi\u00e7 inanmad\u0131rlar onlara inat Manavgat diyoruz. Fazla onlarla ilgilide konu\u015fmak istemiyoruz, onlar bildiklerini yapmaya devam edecekler. As\u0131l biz ne yapaca\u011f\u0131z diyece\u011fiz, onu anlatmak istiyoruz bu karde\u015finiz geldi. Ba\u015fkan\u0131m\u0131z\u0131n da belirtti\u011fi gibi Manavgat\u2019a sahip \u00e7\u0131kmak i\u00e7in Manavgat\u2019\u0131n \u00f6n\u00fcn\u00fc a\u00e7mak i\u00e7in geldik ve bu g\u00f6reve talip olduk, sa\u011f olsun hem il\u00e7e \u00f6rg\u00fct\u00fcm\u00fcz, hem belediye ba\u015fkan\u0131m\u0131z, b\u00fcy\u00fcklerimiz hepsi yan\u0131m\u0131zda yer ald\u0131 adayl\u0131\u011fa \u00e7\u0131kma s\u00fcrecimizde, herkes inand\u0131 ve sizde inan\u0131nki bu g\u00f6revi Allah\u2019\u0131n izniyle yapaca\u011f\u0131z. Manavgat\u2019\u0131 birle\u015ftirmek i\u00e7in geldik, Manavgat\u2019\u0131 ayr\u0131\u015ft\u0131rmak isteyenlere, Manavgat\u2019ta ya\u015fayan insanlara \u00f6tekile\u015ftirmek isteyenleri, Manavgatl\u0131lar\u0131 Manavgat\u2019a \u00f6tekile\u015ftirmek isteyenlere inat buraday\u0131z ve bu m\u00fccadeleyi hep birlikte verece\u011fiz. Bizim \u00f6n\u00fcm\u00fczdeki s\u00fcre\u00e7te yerel y\u00f6netim ve anlay\u0131\u015f\u0131m\u0131z\u0131 anlatmak istiyorum. Birincisi, \u201cHalk\u00e7\u0131 Belediyecilik\u201d yapaca\u011f\u0131z diyoruz yani bizim g\u00f6revimiz halka hizmet olacak. \u0130kincisi \u201cKat\u0131l\u0131mc\u0131 Belediyecilik\u201d diyoruz. Manavgat\u2019la ilgili karar\u0131 Manavgatl\u0131lar\u0131n kat\u0131l\u0131m\u0131yla beraber alaca\u011f\u0131z diyoruz. \u00dc\u00e7\u00fcnc\u00fcs\u00fc, Demokratik olacak diyoruz, ben yapt\u0131m oldu diyemeyecek hi\u00e7 kimse beraber oturup konu\u015faca\u011f\u0131z ama e\u015fit ko\u015fullarda olaca\u011f\u0131z ve al\u0131nan karar\u0131 birlikte uygulayaca\u011f\u0131z. D\u00f6rd\u00fcnc\u00fcs\u00fc, \u015eeffaf olaca\u011f\u0131z diyoruz yapt\u0131\u011f\u0131m\u0131z her i\u015fi a\u00e7\u0131k ve net olarak g\u00f6receksiniz. Halk plaj\u0131n\u0131 engellemek isteriz ama biz oray\u0131 birka\u00e7 otelciye pe\u015fke\u015f \u00e7ekeriz demeyece\u011fiz, Ulualan\u2019\u0131 bir \u015fey yapmad\u0131n\u0131z biz yapar\u0131z deyip \u00fc\u00e7 be\u015f golf otelciye teslim etmeyece\u011fiz, mesireyi hi\u00e7 kimseye b\u0131rakmayaca\u011f\u0131z ve adaletli olaca\u011f\u0131z, adaleti herkese e\u015fit olarak da\u011f\u0131taca\u011f\u0131z, adaletimiz olmazsa hi\u00e7bir yeri y\u00f6netemeyiz, adaletin olmad\u0131\u011f\u0131 yerde ne yerel y\u00f6netim nede genel y\u00f6netim hayat\u0131n\u0131 idame ettiremez, adaletimiz buras\u0131 Manavgat\u2019a aitse Manavgatl\u0131lar\u0131n olarak kalacakt\u0131r adaletimiz budur. Hangi partiye oy verdiniz diye sormayaca\u011f\u0131z, onlar gibi sizi bizim partiye oy vermezseniz diye tehdit etmeyece\u011fiz. Bizim partiye oy vermezseniz diye asla \u015fantaj yapmayaca\u011f\u0131z, bizim boynumuz halk\u0131m\u0131z\u0131n kar\u015f\u0131s\u0131nda k\u0131ldan incedir. Adalet terazisine inan\u0131yoruz biz de adaletli y\u00f6netece\u011fiz diyoruz. Hesap verebilir olaca\u011f\u0131z. \u00d6n\u00fcm\u00fczdeki s\u00fcre\u00e7te yapaca\u011f\u0131m\u0131z her \u015feyin verdi\u011fimiz her s\u00f6z\u00fcn hesab\u0131n\u0131 vermek i\u00e7in buraday\u0131z, ne yapaca\u011f\u0131m\u0131z\u0131 anlat\u0131yoruz ne yapt\u0131\u011f\u0131m\u0131z\u0131 da g\u00f6receksiniz hatam\u0131z, eksi\u011fimiz oldu\u011funda \u00f6zele\u015ftiri yapmas\u0131n\u0131 bilece\u011fiz ve yolumuza \u00f6yle devam edece\u011fiz. Merak edilen bir konu var ba\u015ftan s\u00f6yleyeyim onu Manavgat\u2019tan BOTA\u015e boruyu ge\u00e7irdi\u011fi anda 6 ay i\u00e7erisinde Manavgat\u2019a do\u011fal gaz i\u00e7in kazma vurulacakt\u0131r buradan s\u00f6z\u00fcn\u00fc veriyoruz. Manavgat\u2019a ne yap\u0131lsa azd\u0131r Manavgat Antalya\u2019n\u0131n en g\u00fczel il\u00e7esidir, Manavgat\u2019ta ya\u015fayan insanlar\u0131m\u0131z\u0131n \u00e7ile \u00e7ekmesini \u00f6nleyece\u011fiz ve \u015funu s\u00f6yl\u00fcyoruz sabah evinden mutlu \u00e7\u0131kan her bir insan\u0131m\u0131z ak\u015fam evine mutlu d\u00f6necek hedefimiz budur, bunun i\u00e7in gen\u00e7lerimize sahip \u00e7\u0131kaca\u011f\u0131z, \u00e7ocuklar\u0131m\u0131za sahip \u00e7\u0131kaca\u011f\u0131z, ya\u015fayan her vatanda\u015f\u0131m\u0131za sahip \u00e7\u0131kaca\u011f\u0131z. Bunlar\u0131 yaparken her bir s\u00fcreci birlikte ya\u015fayaca\u011f\u0131z yani diyoruz ki biz biriz birlikteyiz derken Manavgat\u2019\u0131 birlikte y\u00f6netece\u011fiz diyoruz. \u0130lk projemiz \u201cManavgat Y\u00f6net Projesi\u201d. 15 ya\u015f\u0131ndan itibaren gen\u00e7lerimiz bu konuda irade koyacak, gen\u00e7lerimizin de dahil oldu\u011fu 15 ya\u015f \u00fczeri herkesin telefonumuza indirece\u011fimiz yerel y\u00f6netimin uygulamas\u0131yla buras\u0131yla ilgili karar verilece\u011finde sizlere soraca\u011f\u0131z. Diyece\u011fiz ki bu projeler var hangisini istersiniz ve onlar\u0131n oylar\u0131 sonucu \u00e7\u0131kacak karar bizim belediye meclisimizde onaylanacak ve daha sonra uygulamaya ge\u00e7ecek. Manavgat\u2019\u0131n tamam\u0131 ile ilgili karar alaca\u011f\u0131z kolay de\u011fil Ulualan b\u00fct\u00fcn Manavgatl\u0131lar\u0131 ilgilendiriyor o zaman b\u00fct\u00fcn Manavgatl\u0131lara ya\u015fayan Manavgatl\u0131lara soraca\u011f\u0131z, diyece\u011fiz ki Ulualana ne yapal\u0131m? Manavgatl\u0131lar iradesini koydu\u011funda biz orada her t\u00fcrl\u00fc m\u00fccadeleyi Manavgatl\u0131larla birlikte verece\u011fiz, sizlerle beraber olaca\u011f\u0131z. Derdimiz Manavgat diyoruz Manavgat \u2018ta ya\u015fayan insanlar diyoruz.&nbsp; Manavgat\u2019\u0131n ger\u00e7ek y\u00fcz\u00fcn\u00fc marka de\u011ferini y\u00fckseltmek istiyoruz, \u201cMarkam\u0131z Manavgat\u201d projemizde Manavgat\u2019ta yeti\u015fen her \u015feyi Manavgat\u2019\u0131n b\u00fct\u00fcn de\u011ferlerini, marka de\u011ferini y\u00fckseltece\u011fiz onun de\u011ferini katlatt\u0131\u011f\u0131m\u0131zda ekonomiye kazand\u0131raca\u011f\u0131z. Markas\u0131z olan hi\u00e7bir \u015feyin art\u0131k bu devirde de\u011feri kalmad\u0131 o y\u00fczden markam\u0131z Manavgat projesini ger\u00e7ekle\u015ftirece\u011fiz. Bir ba\u015fka projemiz var bizleri bug\u00fcne kadar yeti\u015ftiren, b\u00fcy\u00fcten e\u011fitimcilerimiz, \u00f6\u011fretmenlerimiz i\u00e7in sosyal ya\u015fam merkezleri a\u00e7aca\u011f\u0131z ve \u00f6\u011fretmenlerimiz o 5 y\u0131ld\u0131zl\u0131 yerlerde ya\u015famlar\u0131n\u0131n belirli s\u00fcrelerini ge\u00e7irebilecekler, misafirlerini a\u011f\u0131rlayabilecekler ve birlikte zaman ge\u00e7irebilecekler. En b\u00fcy\u00fck eksiklerimizden birisi ve bir\u00e7o\u011fumuzun g\u00f6rmedi\u011fi belki de bir\u00e7o\u011fumuzun kenarda s\u0131k\u0131ld\u0131\u011f\u0131, alt\u0131nda ezildi\u011fi otizmli \u00e7ocuklar\u0131m\u0131z var.&nbsp; Antalya da yok yak\u0131n \u00e7evrede de yok otizmli \u00e7ocuklar i\u00e7in bir tan\u0131 merkezi kuraca\u011f\u0131z, otizm merkezi Manavgat\u2019a yak\u0131\u015f\u0131r Manavgat\u2019ta kuraca\u011f\u0131z. \u2018\u2018 Man-su \u2019\u2019 projemiz var. Manavgat Irma\u011f\u0131n\u0131n suyu bo\u015fa akmayacak diyoruz. Manavgat\u2019\u0131n kaynak suyunu \u015fi\u015feleyip, ambalajlay\u0131p Manavgat markas\u0131 alt\u0131nda de\u011ferlendirece\u011fiz hem istihdam yaratacak hem de Manavgat Belediyesine ekonomik olarak destek sa\u011flayacak. Bir\u00e7ok emeklinin ya\u015famak istedi\u011fi, de\u011ferlendirdi\u011fi bir b\u00f6lgedeyiz ama biraz \u00f6nce ba\u015fkan\u0131m\u0131zda s\u00f6yledi bir\u00e7ok emeklimizin emekli maa\u015f\u0131yla birka\u00e7 \u00f6\u011f\u00fcn yemek yemek, bir yerde \u00e7ay, kahve i\u00e7mek bile zor. Manavgat\u2019a 5 y\u0131l i\u00e7erisinde en az iki adet emekli kahvehanesi yapaca\u011f\u0131z orada \u00e7aylar\u0131n\u0131, kahvelerini i\u00e7ecekler ve sohbetlerini yapacaklar. Manavgat\u2019ta insanlar\u0131n yemek yiyebilece\u011fi ekonomik olarak yemek yiyebilecekleri sosyal tesisler a\u00e7aca\u011f\u0131z. Manavgat\u2019ta insanlar evine a\u00e7 gitmesin istiyoruz, insanlar restoranlara bak\u0131p geri gitmesin istiyoruz onun i\u00e7in bu tesisleri a\u00e7aca\u011f\u0131z. Manavgat\u2019ta sevgili ba\u015fkan\u0131m yak\u0131nda alt\u0131nc\u0131s\u0131n\u0131n a\u00e7\u0131l\u0131\u015f\u0131n\u0131 yapacak bizde 5 y\u0131l i\u00e7erisinde 10 adet kre\u015f yapaca\u011f\u0131z. \u00c7ocuklar\u0131m\u0131z\u0131n her bir alanda spor ya da k\u00fclt\u00fcr- sanat olarak yeti\u015fmesini istiyoruz. Bu kentin \u00e7ocuklar\u0131 sporcu olacaklar o ruhla yeti\u015fecekler ve T\u00fcrkiye de d\u00fcnya \u00e7ap\u0131nda da sanat\u00e7\u0131lar\u0131m\u0131z\u0131 ve sporcular\u0131m\u0131z\u0131 yeti\u015ftirece\u011fiz. Bunun i\u00e7in spor komplekslerini yayg\u0131nla\u015ft\u0131raca\u011f\u0131z. \u00c7ocuklar\u0131n\u0131 okutamayan ve okutmakta zorlanan aileler var. Manavgat\u2019ta mevcut yurtlar\u0131 daha \u00e7ok destekleyece\u011fiz. Yurt olmad\u0131\u011f\u0131 i\u00e7in e\u011fitimini yar\u0131m b\u0131rakan \u00e7ocuklar\u0131m\u0131z i\u00e7in yeni yurtlar a\u00e7aca\u011f\u0131z ve \u00e7ocuklar\u0131m\u0131z\u0131n \u00fcniversiteye gitti\u011finde orada s\u0131k\u0131nt\u0131 ya\u015famamas\u0131 i\u00e7in belediye olarak onlara burs sa\u011flayaca\u011f\u0131z. E\u011fitimlerini tamamlamalar\u0131n\u0131 sa\u011flayaca\u011f\u0131z \u00e7\u00fcnk\u00fc \u00e7ocuklar\u0131m\u0131z bizim i\u00e7in \u00e7ok k\u0131ymetli. Gen\u00e7lerin gelece\u011fini t\u00fcketen iktidar anlay\u0131\u015f\u0131yla de\u011fil, gen\u00e7lere ya\u015fanabilir bir \u015fehir b\u0131rakmak istiyoruz. Ya\u015fl\u0131lar\u0131m\u0131za da sahip \u00e7\u0131kaca\u011f\u0131z onlar\u0131n evlerine kapan\u0131p kalmalar\u0131n\u0131 istemiyoruz.Bir beyin sinir cerrah\u0131 olarak \u00e7ok iyi biliyorum ki onlar\u0131n di\u011fer insanlarla sohbet edebilmeleri ve sporlar\u0131n\u0131 yapabilmeleri gerekiyor. Bu y\u00fczden ya\u015fl\u0131 kre\u015fleri a\u00e7aca\u011f\u0131z. Ya\u015fl\u0131lar\u0131m\u0131z\u0131n g\u00fcn\u00fc birlik ya\u015famlar\u0131n\u0131 s\u00fcrd\u00fcrebilece\u011fi ve sosyal aktivitelerini yapabilece\u011fi ya\u015fl\u0131 kre\u015fleri \u00fccretsiz olarak onlara hizmet verecek. Bir\u00e7ok projemiz var ama b\u00fct\u00fcn projelerimizin temel oda\u011f\u0131 insan\u0131 mutlu etmektir diyoruz. Okullar\u0131m\u0131za \u00f6\u011frencilerimize sahip \u00e7\u0131kaca\u011f\u0131z, inan\u00e7la ilgili ibadethanelerimize sahip \u00e7\u0131kaca\u011f\u0131z onlar\u0131n bak\u0131mlar\u0131n\u0131 yapaca\u011f\u0131z ve inanan, inan\u00e7l\u0131, e\u011fitimli, mutlu bir Manavgat istiyoruz. Ekonomi ile ilgili d\u00fczenli olarak \u00e7al\u0131\u015ftaylar yapaca\u011f\u0131z Manavgat ekonomisini i\u015f d\u00fcnyas\u0131 ve Manavgatl\u0131lar olarak birle\u015ftirip \u00f6n\u00fcn\u00fc a\u00e7aca\u011f\u0131z \u015funu s\u00f6yl\u00fcyoruz Manavgat art\u0131k durdurulamayacak hi\u00e7bir g\u00fc\u00e7 Manavgat\u2019\u0131n ilerlemesini ve insanlar\u0131n mutlu olmas\u0131n\u0131 engelleyemeyecek gece g\u00fcnd\u00fcz \u00e7al\u0131\u015faca\u011f\u0131z birlikte bunu ba\u015faraca\u011f\u0131m\u0131za inan\u0131yorum. Burada bir tercih yapaca\u011f\u0131z Mustafa Kemal Atat\u00fcrk\u2019\u00fcn \u00e7izdi\u011fi yoldan m\u0131 ilerleyece\u011fiz, namuslu, d\u00fcr\u00fcst insanlar olarak yoksa talanc\u0131 ve ya\u011fmac\u0131lara m\u0131 teslim edece\u011fiz? Manavgat\u2019ta ya\u015fayan Manavgatl\u0131lara inand\u0131k yola \u00e7\u0131kt\u0131k bu m\u00fccadeleyi s\u00fcrd\u00fcrece\u011fiz. \u015e\u00fckr\u00fc ba\u015fkan\u0131m Manavgat\u2019a hizmet bitmez 15 y\u0131lda bitmedi dedi. Birazda siz yap\u0131n dedi tabi ki ba\u015fkan\u0131m biz yapaca\u011f\u0131z. Irma\u011f\u0131n y\u00fcr\u00fcy\u00fc\u015f yolunu denize kadar indirece\u011fiz ve \u00e7evre d\u00fczenlemesini denize kadar devam ettirece\u011fiz. Sorgun \u00e7aml\u0131\u011f\u0131n\u0131 iktidardan de\u011fil devletten tamam\u0131n\u0131 isteyece\u011fiz ve oray\u0131 halk\u0131n kullan\u0131m\u0131na a\u00e7aca\u011f\u0131z. Manavgat\u2019a \u00e7ok g\u00fczel \u015feyler yapaca\u011f\u0131z Muhittin Ba\u015fkana da destek istiyoruz. Niye istiyoruz alt yap\u0131yla ilgili projeler b\u00fcy\u00fck\u015fehir yasas\u0131ndan sonra b\u00fcy\u00fck\u015fehirin etkisi alt\u0131nda. Biz biriz ve birlikte y\u00f6netece\u011fiz diyoruz hepinize sayg\u0131lar, sevgiler sunuyorum sa\u011f olun var olun\u201d dedi.&nbsp;<\/p>\n\n\n\n<p>Haber Merkezi<\/p>\n","protected":false},"excerpt":{"rendered":"<p>Cumhuriyet Halk Partisi (CHP) Manavgat Belediye Ba\u015fkan Aday\u0131 Niyazi Nefi Kara\u2019n\u0131n b\u00fcy\u00fck mahallelerde s\u00fcrd\u00fcrd\u00fc\u011f\u00fc Halk bulu\u015fmalar\u0131, so\u011fu\u011fa, ya\u011fmura ve f\u0131rt\u0131naya ra\u011fmen binlerce vatanda\u015f\u0131n kat\u0131l\u0131m\u0131 ile <a href=\"https:\/\/akdenizhaber.com.tr\/index.php\/2024\/03\/07\/baskan-adayi-nefi-karaya-destek-cig-gibi-buyuyor\/\" class=\"read-more-link\">[more&#8230;]<\/a><\/p>\n","protected":false},"author":2,"featured_media":21332,"comment_status":"open","ping_status":"open","sticky":false,"template":"","format":"standard","meta":{"footnotes":""},"categories":[2],"tags":[],"class_list":["post-21331","post","type-post","status-publish","format-standard","has-post-thumbnail","hentry","category-gundem"],"_links":{"self":[{"href":"https:\/\/akdenizhaber.com.tr\/index.php\/wp-json\/wp\/v2\/posts\/21331","targetHints":{"allow":["GET"]}}],"collection":[{"href":"https:\/\/akdenizhaber.com.tr\/index.php\/wp-json\/wp\/v2\/posts"}],"about":[{"href":"https:\/\/akdenizhaber.com.tr\/index.php\/wp-json\/wp\/v2\/types\/post"}],"author":[{"embeddable":true,"href":"https:\/\/akdenizhaber.com.tr\/index.php\/wp-json\/wp\/v2\/users\/2"}],"replies":[{"embeddable":true,"href":"https:\/\/akdenizhaber.com.tr\/index.php\/wp-json\/wp\/v2\/comments?post=21331"}],"version-history":[{"count":0,"href":"https:\/\/akdenizhaber.com.tr\/index.php\/wp-json\/wp\/v2\/posts\/21331\/revisions"}],"wp:featuredmedia":[{"embeddable":true,"href":"https:\/\/akdenizhaber.com.tr\/index.php\/wp-json\/wp\/v2\/media\/21332"}],"wp:attachment":[{"href":"https:\/\/akdenizhaber.com.tr\/index.php\/wp-json\/wp\/v2\/media?parent=21331"}],"wp:term":[{"taxonomy":"category","embeddable":true,"href":"https:\/\/akdenizhaber.com.tr\/index.php\/wp-json\/wp\/v2\/categories?post=21331"},{"taxonomy":"post_tag","embeddable":true,"href":"https:\/\/akdenizhaber.com.tr\/index.php\/wp-json\/wp\/v2\/tags?post=21331"}],"curies":[{"name":"wp","href":"https:\/\/api.w.org\/{rel}","templated":true}]}}