{"id":21325,"date":"2024-03-07T13:43:06","date_gmt":"2024-03-07T10:43:06","guid":{"rendered":"https:\/\/akdenizhaber.com.tr\/?p=21325"},"modified":"2024-03-07T13:43:06","modified_gmt":"2024-03-07T10:43:06","slug":"tutuncu-hortumdan-zarar-goren-ciftcileri-ziyaret-etti","status":"publish","type":"post","link":"https:\/\/akdenizhaber.com.tr\/index.php\/2024\/03\/07\/tutuncu-hortumdan-zarar-goren-ciftcileri-ziyaret-etti\/","title":{"rendered":"T\u00fct\u00fcnc\u00fc, hortumdan zarar g\u00f6ren \u00e7ift\u00e7ileri ziyaret etti \u00a0"},"content":{"rendered":"\n<p><\/p>\n\n\n\n<p>Cumhur \u0130ttifak\u0131n\u0131n Antalya B\u00fcy\u00fck\u015fehir Belediye Ba\u015fkan aday\u0131 Hakan T\u00fct\u00fcnc\u00fc, kuvvetli ya\u011f\u0131\u015f ve hortumdan zarar g\u00f6ren Antalya\u2019n\u0131n Kumluca ve Demre il\u00e7elerindeki \u00e7ift\u00e7ileri ziyaret ederek, ge\u00e7mi\u015f olsun dileklerini iletti. T\u00fct\u00fcnc\u00fc, \u201cHer zaman oldu\u011fu gibi devletimizin yard\u0131m eli \u00e7ift\u00e7ilerimize, \u00fcreticilerimize uzanacak.\u201d dedi. &nbsp;<\/p>\n\n\n\n<p>Antalya\u2019n\u0131n Kumluca ve Demre \u0130l\u00e7elerinde 5 Mart Sal\u0131 g\u00fcn\u00fc meydana gelen kuvvetli ya\u011f\u0131\u015f ve hortum, il\u00e7enin pek \u00e7ok noktas\u0131nda tahribata sebep oldu. Hortum ev ve i\u015fyerlerinin \u00e7at\u0131lar\u0131n\u0131 u\u00e7urdu, seralar\u0131 y\u0131kt\u0131, ara\u00e7lar\u0131 devirdi. Cumhur \u0130ttifak\u0131n\u0131n Antalya B\u00fcy\u00fck\u015fehir Belediye Ba\u015fkan aday\u0131 Hakan T\u00fct\u00fcnc\u00fc, kuvvetli ya\u011f\u0131\u015f ve hortumdan zarar g\u00f6ren Antalya\u2019n\u0131n Kumluca ve Demre il\u00e7elerini ziyaret etti. T\u00fct\u00fcnc\u00fc, AK Parti Antalya Milletvekilleri Mustafa K\u00f6se, Atay Uslu, Tuba Vural \u00c7okal ve Cumhur \u0130ttifak\u0131 Kumluca Belediye Ba\u015fkan aday\u0131 H\u00fcseyin Orhan Tekin ile beraber, afetten zarar g\u00f6ren \u00e7ift\u00e7ilere, \u00fcreticilere ge\u00e7mi\u015f olsun dileklerini iletti. &nbsp;<\/p>\n\n\n\n<p>DEVLET\u0130M\u0130Z \u00c7\u0130FT\u00c7\u0130M\u0130Z\u0130N YANINDA<\/p>\n\n\n\n<p>Kumluca ve Demre\u2019deki do\u011fal afet ile ilgili bir a\u00e7\u0131klama yapan Cumhur \u0130ttifak\u0131n\u0131n Antalya B\u00fcy\u00fck\u015fehir Belediye Ba\u015fkan aday\u0131 Hakan T\u00fct\u00fcnc\u00fc, \u201cHortum, Kumluca ve Demre il\u00e7elerimizde etkili oldu. Tar\u0131m alan\u0131 ve seralarda maddi hasar meydana getirdi. Bizde bug\u00fcn milletvekillerimiz, belediye ba\u015fkan aday\u0131m\u0131zla beraber b\u00f6lgedeyiz. \u00c7ift\u00e7ilerimize, \u00fcreticilerimize ge\u00e7mi\u015f olsun dileklerimizi iletiyoruz. Devletimizin yard\u0131m eli buradaki \u00fcreticilerimize en g\u00fczel \u015fekilde uzanacak. Bundan \u00f6nceki do\u011fal afetlerde oldu\u011fu gibi; devletimiz yard\u0131m\u0131n\u0131 burada da esirgemeyecek. Bizde yapmam\u0131z gereken ne varsa, s\u0131n\u0131rs\u0131z sorumluluk anlay\u0131\u015f\u0131yla, bilinciyle hem\u015fehrilerimizin, \u00fcreticilerimizin, \u00e7ift\u00e7imizin yan\u0131nday\u0131z. Bundan sonraki s\u00fcre\u00e7te bu tip felaketlerin vuku bulmamas\u0131 en b\u00fcy\u00fck temennimiz. Can kayb\u0131yla kar\u015f\u0131la\u015fmam\u0131\u015f olmam\u0131z en b\u00fcy\u00fck tesellimiz.<\/p>\n\n\n\n<p>Y\u0131k\u0131lan her \u015fey yerine gelir, yerine getiririz. Devlet olarak, millet olarak bu g\u00fcce sahibiz. Ama bir can gitti\u011fi zaman o geri gelmiyor. \u0130n\u015fallah el birli\u011fiyle, devletimizin milletimizin destekleriyle yaralar\u0131m\u0131z\u0131 saraca\u011f\u0131z. &nbsp;Bundan \u00f6nceki afetlerde, devletimizin milletimizin dayan\u0131\u015fma duygular\u0131yla nas\u0131l \u00e7\u0131kt\u0131ysak, bundan da ayn\u0131 \u015fekilde \u00e7\u0131kaca\u011f\u0131z.\u201d dedi.<\/p>\n\n\n\n<p>D\u0130REN\u00c7L\u0130 \u015eEH\u0130RLER<\/p>\n\n\n\n<p>\u201cBundan sonraki en \u00f6nemli hedefimiz; diren\u00e7li \u015fehirler mottosuyla, her t\u00fcrl\u00fc do\u011fal afete kar\u015f\u0131 gerekli haz\u0131rl\u0131klar\u0131 yapm\u0131\u015f bir \u015fehir hayalini kuruyoruz.\u201d diyerek, s\u00f6zlerini s\u00fcrd\u00fcren T\u00fct\u00fcnc\u00fc, \u201c\u00d6zellikle, tar\u0131mdaki risklere kar\u015f\u0131 \u00e7ift\u00e7ilerimizin, sigortalar\u0131n\u0131 yapt\u0131rmalar\u0131 ve bunun yayg\u0131nla\u015ft\u0131r\u0131lmas\u0131 konusunda \u00f6zel bir \u00e7al\u0131\u015fma yapaca\u011f\u0131m\u0131z\u0131 da ifade etmeliyim. Sel bask\u0131n\u0131, ta\u015fk\u0131n, f\u0131rt\u0131na, hortum gibi afetleri insan eliyle \u00f6nleyebilmemiz m\u00fcmk\u00fcn de\u011fil. Sel bask\u0131nlar\u0131, &nbsp;yang\u0131n gibi afetler insan fakt\u00f6r\u00fcyle bir miktar engelleyebiliriz. Ancak hortum insan fakt\u00f6r\u00fcn\u00fcn \u00f6n\u00fcne ge\u00e7emeyece\u011fi bir husus.. Bu noktada gerekli b\u00fct\u00fcn sigortalar\u0131m\u0131z\u0131 yapmak, hem \u00e7ift\u00e7imizin kendini g\u00fcvence alt\u0131na almas\u0131n\u0131 bir sosyal bilin\u00e7 haline getirmek, bir sosyal fark\u0131ndal\u0131k kampanyas\u0131yla bunu k\u0131rsalda hem\u015fehrilerimize en g\u00fczel \u015fekilde anlatmakta \u00f6nemli \u00e7al\u0131\u015fmalar\u0131m\u0131zdan bir tanesi olacakt\u0131r. Hepimize ge\u00e7mi\u015f olsun.\u201d diye konu\u015ftu.<\/p>\n\n\n\n<p>Haber Merkezi<\/p>\n","protected":false},"excerpt":{"rendered":"<p>Cumhur \u0130ttifak\u0131n\u0131n Antalya B\u00fcy\u00fck\u015fehir Belediye Ba\u015fkan aday\u0131 Hakan T\u00fct\u00fcnc\u00fc, kuvvetli ya\u011f\u0131\u015f ve hortumdan zarar g\u00f6ren Antalya\u2019n\u0131n Kumluca ve Demre il\u00e7elerindeki \u00e7ift\u00e7ileri ziyaret ederek, ge\u00e7mi\u015f olsun <a href=\"https:\/\/akdenizhaber.com.tr\/index.php\/2024\/03\/07\/tutuncu-hortumdan-zarar-goren-ciftcileri-ziyaret-etti\/\" class=\"read-more-link\">[more&#8230;]<\/a><\/p>\n","protected":false},"author":2,"featured_media":21326,"comment_status":"open","ping_status":"open","sticky":false,"template":"","format":"standard","meta":{"footnotes":""},"categories":[2],"tags":[],"class_list":["post-21325","post","type-post","status-publish","format-standard","has-post-thumbnail","hentry","category-gundem"],"_links":{"self":[{"href":"https:\/\/akdenizhaber.com.tr\/index.php\/wp-json\/wp\/v2\/posts\/21325","targetHints":{"allow":["GET"]}}],"collection":[{"href":"https:\/\/akdenizhaber.com.tr\/index.php\/wp-json\/wp\/v2\/posts"}],"about":[{"href":"https:\/\/akdenizhaber.com.tr\/index.php\/wp-json\/wp\/v2\/types\/post"}],"author":[{"embeddable":true,"href":"https:\/\/akdenizhaber.com.tr\/index.php\/wp-json\/wp\/v2\/users\/2"}],"replies":[{"embeddable":true,"href":"https:\/\/akdenizhaber.com.tr\/index.php\/wp-json\/wp\/v2\/comments?post=21325"}],"version-history":[{"count":0,"href":"https:\/\/akdenizhaber.com.tr\/index.php\/wp-json\/wp\/v2\/posts\/21325\/revisions"}],"wp:featuredmedia":[{"embeddable":true,"href":"https:\/\/akdenizhaber.com.tr\/index.php\/wp-json\/wp\/v2\/media\/21326"}],"wp:attachment":[{"href":"https:\/\/akdenizhaber.com.tr\/index.php\/wp-json\/wp\/v2\/media?parent=21325"}],"wp:term":[{"taxonomy":"category","embeddable":true,"href":"https:\/\/akdenizhaber.com.tr\/index.php\/wp-json\/wp\/v2\/categories?post=21325"},{"taxonomy":"post_tag","embeddable":true,"href":"https:\/\/akdenizhaber.com.tr\/index.php\/wp-json\/wp\/v2\/tags?post=21325"}],"curies":[{"name":"wp","href":"https:\/\/api.w.org\/{rel}","templated":true}]}}