{"id":21315,"date":"2024-03-07T13:39:41","date_gmt":"2024-03-07T10:39:41","guid":{"rendered":"https:\/\/akdenizhaber.com.tr\/?p=21315"},"modified":"2024-03-07T13:39:44","modified_gmt":"2024-03-07T10:39:44","slug":"baskan-bocek-hortum-felaketinin-yasandigi-kumlucada","status":"publish","type":"post","link":"https:\/\/akdenizhaber.com.tr\/index.php\/2024\/03\/07\/baskan-bocek-hortum-felaketinin-yasandigi-kumlucada\/","title":{"rendered":"Ba\u015fkan B\u00f6cek hortum felaketinin ya\u015fand\u0131\u011f\u0131 Kumluca\u2019da"},"content":{"rendered":"\n<p><\/p>\n\n\n\n<p>Antalya B\u00fcy\u00fck\u015fehir Belediye Ba\u015fkan\u0131 Muhittin B\u00f6cek, CHP Yerel Y\u00f6netimler ve Diren\u00e7li Kentlerden Sorumlu Genel Ba\u015fkan Yard\u0131mc\u0131s\u0131 G\u00f6kan Zeybek ile birlikte, hortum felaketinin ya\u015fand\u0131\u011f\u0131 Kumluca\u2019da incelemelerde bulundu. Can kayb\u0131 olmamas\u0131n\u0131n sevindirici oldu\u011funu ifade eden Ba\u015fkan B\u00f6cek, \u201c\u00dcreticilerimizin yan\u0131nda olaca\u011f\u0131z Yaralar\u0131 hep birlikte saraca\u011f\u0131z\u201d dedi.<\/p>\n\n\n\n<p>Antalya B\u00fcy\u00fck\u015fehir Belediye Ba\u015fkan\u0131 Muhittin B\u00f6cek, CHP Yerel Y\u00f6netimler ve Diren\u00e7li Kentlerden Sorumlu Genel Ba\u015fkan Yard\u0131mc\u0131s\u0131 G\u00f6kan Zeybek,CHP \u0130l Ba\u015fkan\u0131 Nail Kamac\u0131, Antalya Milletvekilleri Aliye Co\u015far, Cavit Ar\u0131, Kumluca Belediye Ba\u015fkan\u0131 Mustafa K\u00f6leo\u011flu, Finike Belediye Ba\u015fkan\u0131 Mustafa Geyik\u00e7i ile birlikte hortum felaketinin ya\u015fand\u0131\u011f\u0131 Kumluca\u2019y\u0131 ziyaret ederek, vatanda\u015flara ge\u00e7mi\u015f olsun dileklerini iletti. Hortumun zarar verdi\u011fi mahallelerde y\u0131k\u0131lan sera alanlar\u0131nda incelemelerde bulunan Ba\u015fkan B\u00f6cek ve G\u00f6kan Zeybek, vatanda\u015flar\u0131n taleplerini dinledi.<\/p>\n\n\n\n<p>YARALARI B\u0130RL\u0130KTE SARACA\u011eIZ<\/p>\n\n\n\n<p>Hortumun iki il\u00e7ede seralara zarar verdi\u011fini ifade eden Ba\u015fkan B\u00f6cek, \u201cHortum evlerin \u00e7at\u0131lar\u0131n\u0131 dahi u\u00e7urmu\u015f, seralar\u0131 y\u0131km\u0131\u015f. \u00dcreticilerimiz seralar\u0131ndan daha ilk domates \u00fcr\u00fcn\u00fcn\u00fc alacaklard\u0131. Herhangi bir can kayb\u0131 olmamas\u0131 sevindiricidir ama mal da can\u0131n yongas\u0131.&nbsp;<\/p>\n\n\n\n<p>Antalya B\u00fcy\u00fck\u015fehir Belediyesi olarak b\u00fct\u00fcn ekiplerimizle burada tespitleri yap\u0131yoruz \u00dcreticilerimizin yan\u0131nda olaca\u011f\u0131z. Yaralar\u0131 da hep birlikte saraca\u011f\u0131z. B\u00fcy\u00fck ge\u00e7mi\u015f olsun\u201d dedi.<\/p>\n\n\n\n<p>\u00c7\u0130FT\u00c7\u0130N\u0130N DESTE\u011eE \u0130HT\u0130YACI VAR<\/p>\n\n\n\n<p>CHP Genel Ba\u015fkan Yard\u0131mc\u0131s\u0131 G\u00f6kan Zeybek de ge\u00e7mi\u015f olsun dileklerini ileterek, \u201cSay\u0131n Genel Ba\u015fkan\u0131m\u0131z Antalya\u2019da meydana gelen ya\u011f\u0131\u015f ve hortum sonras\u0131 bizi g\u00f6revlendirdi. Kumluca Belediye Ba\u015fkan\u0131m\u0131z d\u00fcnden beri burada. B\u00fcy\u00fck\u015fehir Belediye Ba\u015fkan\u0131m\u0131z da zarar\u0131n oldu\u011fu mahalleleri tek tek yerinde geziyor. Zararlar\u0131n temin edilmesi noktas\u0131nda azami gayreti \u00e7ok k\u0131sa s\u00fcre i\u00e7inde yerine getirilecektir. \u00c7ift\u00e7ilerimizin do\u011fal afetler kar\u015f\u0131s\u0131nda \u00e7ok daha g\u00fc\u00e7l\u00fc bi\u00e7imde korunmas\u0131 gerekti\u011fini ve onlar\u0131n her t\u00fcrl\u00fc deste\u011fe ihtiyac\u0131 oldu\u011fu bir kez daha ortaya \u00e7\u0131kt\u0131. Buras\u0131 hem T\u00fcrkiye\u2019ye hem de pek \u00e7ok \u00fclkeye ihracat yapan bir tar\u0131m merkezi. Can kayb\u0131 olmamas\u0131 en b\u00fcy\u00fck tesellimiz\u201d ifadelerini kulland\u0131.<\/p>\n\n\n\n<p>HASAR B\u00dcY\u00dcK<\/p>\n\n\n\n<p>Hortumda seras\u0131 zarar g\u00f6ren Topta\u015f Mahallesi\u2019nden \u00fcretici Fedai Bozkaya da toplam 3 d\u00f6n\u00fcm seras\u0131nda b\u00fcy\u00fck hasar oldu\u011funu belirterek, \u201cSeram tamamen gitti. Evimin \u00e7at\u0131s\u0131 da u\u00e7tu. Garaj\u0131mda enkaz oldu. B\u00fcy\u00fck hasar\u0131m\u0131z var. Muhittin Ba\u015fkan\u0131m geldi, yan\u0131m\u0131zda oldu. Kendisine te\u015fekk\u00fcr ediyorum\u201d dedi.<\/p>\n\n\n\n<p>B\u00dcY\u00dcK\u015eEH\u0130R T\u00dcM EK\u0130PLER\u0130YLE B\u00d6LGEDE<\/p>\n\n\n\n<p>Antalya B\u00fcy\u00fck\u015fehir Belediyesi, hortum felaketinin hemen ard\u0131ndan t\u00fcm imkanlar\u0131yla vatanda\u015flar\u0131n yard\u0131m\u0131na ko\u015ftu. B\u00fcy\u00fck\u015fehir ekipleri, yaralar\u0131n sar\u0131lmas\u0131 i\u00e7in zarar g\u00f6ren sera ve evlerde hasar tespiti yapt\u0131.Tespit \u00e7al\u0131\u015fmalar\u0131n\u0131n ard\u0131ndan \u00fcreticiye sera naylonu yard\u0131m\u0131nda bulunulacak. Park ve Bah\u00e7eler ekipleri seralarda \u00fcreticinin zarar\u0131n\u0131 en aza indirmek i\u00e7in y\u0131k\u0131lan seralardaki \u00fcr\u00fcnlerin toplanmas\u0131na yard\u0131mc\u0131 oldu. Ekipler, y\u0131k\u0131lan a\u011fa\u00e7lar\u0131 ve olu\u015fan molozlar\u0131 da kald\u0131r\u0131yor. Sosyal Hizmet ekipleri de afetzedelere g\u0131da paketi yard\u0131m\u0131nda bulunuyor.&nbsp;&nbsp;<\/p>\n\n\n\n<p>Antalya B\u00fcy\u00fck\u015fehir Belediyesi \/ B\u00fclten<\/p>\n","protected":false},"excerpt":{"rendered":"<p>Antalya B\u00fcy\u00fck\u015fehir Belediye Ba\u015fkan\u0131 Muhittin B\u00f6cek, CHP Yerel Y\u00f6netimler ve Diren\u00e7li Kentlerden Sorumlu Genel Ba\u015fkan Yard\u0131mc\u0131s\u0131 G\u00f6kan Zeybek ile birlikte, hortum felaketinin ya\u015fand\u0131\u011f\u0131 Kumluca\u2019da incelemelerde <a href=\"https:\/\/akdenizhaber.com.tr\/index.php\/2024\/03\/07\/baskan-bocek-hortum-felaketinin-yasandigi-kumlucada\/\" class=\"read-more-link\">[more&#8230;]<\/a><\/p>\n","protected":false},"author":2,"featured_media":21316,"comment_status":"open","ping_status":"open","sticky":false,"template":"","format":"standard","meta":{"footnotes":""},"categories":[2],"tags":[],"class_list":["post-21315","post","type-post","status-publish","format-standard","has-post-thumbnail","hentry","category-gundem"],"_links":{"self":[{"href":"https:\/\/akdenizhaber.com.tr\/index.php\/wp-json\/wp\/v2\/posts\/21315","targetHints":{"allow":["GET"]}}],"collection":[{"href":"https:\/\/akdenizhaber.com.tr\/index.php\/wp-json\/wp\/v2\/posts"}],"about":[{"href":"https:\/\/akdenizhaber.com.tr\/index.php\/wp-json\/wp\/v2\/types\/post"}],"author":[{"embeddable":true,"href":"https:\/\/akdenizhaber.com.tr\/index.php\/wp-json\/wp\/v2\/users\/2"}],"replies":[{"embeddable":true,"href":"https:\/\/akdenizhaber.com.tr\/index.php\/wp-json\/wp\/v2\/comments?post=21315"}],"version-history":[{"count":0,"href":"https:\/\/akdenizhaber.com.tr\/index.php\/wp-json\/wp\/v2\/posts\/21315\/revisions"}],"wp:featuredmedia":[{"embeddable":true,"href":"https:\/\/akdenizhaber.com.tr\/index.php\/wp-json\/wp\/v2\/media\/21316"}],"wp:attachment":[{"href":"https:\/\/akdenizhaber.com.tr\/index.php\/wp-json\/wp\/v2\/media?parent=21315"}],"wp:term":[{"taxonomy":"category","embeddable":true,"href":"https:\/\/akdenizhaber.com.tr\/index.php\/wp-json\/wp\/v2\/categories?post=21315"},{"taxonomy":"post_tag","embeddable":true,"href":"https:\/\/akdenizhaber.com.tr\/index.php\/wp-json\/wp\/v2\/tags?post=21315"}],"curies":[{"name":"wp","href":"https:\/\/api.w.org\/{rel}","templated":true}]}}