{"id":21282,"date":"2024-03-06T11:48:31","date_gmt":"2024-03-06T08:48:31","guid":{"rendered":"https:\/\/akdenizhaber.com.tr\/?p=21282"},"modified":"2024-03-06T11:48:32","modified_gmt":"2024-03-06T08:48:32","slug":"mypliler-israilin-gazzede-yaptigi-katliami-kinadi","status":"publish","type":"post","link":"https:\/\/akdenizhaber.com.tr\/index.php\/2024\/03\/06\/mypliler-israilin-gazzede-yaptigi-katliami-kinadi\/","title":{"rendered":"MYP&#8217;liler \u0130srail&#8217;in Gazze&#8217;de yapt\u0131\u011f\u0131 katliam\u0131 k\u0131nad\u0131"},"content":{"rendered":"\n<p><\/p>\n\n\n\n<p>Milli Yol Partisi(MYP) Manavgat \u0130l\u00e7e Ba\u015fkanl\u0131\u011f\u0131 Cumhuriyet Meydan\u0131&#8217;nda toplanarak \u0130srail&#8217;in Gazze&#8217;de yard\u0131m t\u0131rlar\u0131n da insani yard\u0131m malzemesi&nbsp;&nbsp; al\u0131rken ate\u015f a\u00e7\u0131lmas\u0131 sonras\u0131 79 ki\u015finin \u00f6lmesi ve 721 ki\u015finin yaralanmas\u0131n\u0131&nbsp; k\u0131nad\u0131.<\/p>\n\n\n\n<p>&nbsp;&nbsp;&nbsp; MYP Manavgat Belediye Ba\u015fkan\u0131 Aday\u0131 Hac\u0131 \u00c7ay\u0131r ,yapt\u0131\u011f\u0131 bas\u0131n a\u00e7\u0131klamas\u0131nda 5,5 ayd\u0131r d\u00fcnyan\u0131n g\u00f6z\u00fc \u00f6n\u00fcnde Gazze&#8217;de bir soyk\u0131r\u0131m\u0131n ya\u015fand\u0131\u011f\u0131n\u0131 s\u00f6yledi.<\/p>\n\n\n\n<p>\u0130srail Ba\u015fbakan&#8217;\u0131 Binyamin Netenyahu&#8217;nun aleni olarak sivilleri \u00f6ld\u00fcrerek sava\u015f su\u00e7u i\u015flemesine kar\u015f\u0131n Avrupal\u0131 Liderler ve ABD Ba\u015fkan\u0131 John Biden&#8217;in s\u0131rt\u0131n\u0131 s\u0131vazlanmas\u0131 nedeni ile Lahey&#8217;de insanl\u0131\u011fa kar\u015f\u0131 i\u015flenen su\u00e7lardan yarg\u0131lanmas\u0131 i\u00e7in bug\u00fcne kadar Birle\u015fmi\u015f Milletleri G\u00fcvenlik Konseyi&#8217;nin hi\u00e7 bir giri\u015fimde bulunmad\u0131\u011f\u0131na dikkat \u00e7eken Belediye Ba\u015fkan\u0131 Aday\u0131 Hac\u0131 \u00c7ay\u0131r,&#8221;Bug\u00fcne kadar kutuplarda buzullar eriyor. Kutup ay\u0131lar\u0131n\u0131n ya\u015fam alanlar\u0131 daral\u0131yor, a\u00e7\u0131k denizlerde foklar ve caretta caretta deniz kaplumba\u011falar\u0131n\u0131n nesli t\u00fckenir diye yeri g\u00f6\u011f\u00fc inleten ve&nbsp; aya\u011fa kald\u0131ranlar Gazze&#8217;de 6 bin 656 \u00e7ocuk kad\u0131n olmak \u00fczere 31 bin ki\u015fi \u0130srail Bombalar\u0131 ile d\u00fcnyan\u0131n g\u00f6z\u00fc \u00f6n\u00fcnde&nbsp; katledildi.D\u00fcnyada t\u0131k yok. \u0130slam d\u00fcnyas\u0131 tam rezil ve r\u00fcsva durumunda, Arap d\u00fcnyas\u0131 ise \u00e7\u00f6lde safari yapma derdinde. Bizde ise durum \u0130srail&#8217;e gemicikler le ticaret i\u015fi ile me\u015fgul. Lafa gelince kahrolsun \u0130srail deme timsah g\u00f6z ya\u015f\u0131 d\u0131\u015f\u0131nda yap\u0131lan&nbsp; bir \u015fey yok.&#8221;diye konu\u015ftu.<\/p>\n\n\n\n<p>MYP Manavgat \u0130l\u00e7e Ba\u015fkan\u0131 \u0130smail Yaman&#8217;da MYP olarak her zaman mazlum yan\u0131nda zalimin ise hep kar\u015f\u0131s\u0131nda olduklar\u0131n\u0131 s\u00f6yledi.<\/p>\n\n\n\n<p>\u0130l\u00e7e Ba\u015fkan\u0131 \u0130smail Yaman, Filistin&#8217;de ya\u015fanan insanl\u0131k dram\u0131n\u0131n tarihte oldu\u011fu gibi Hz. \u00d6mer ve Selahattin Eyy\u00fcb-i&nbsp; gibi dirayet sahibi liderlerin \u00e7\u00f6zebilecegini s\u00f6zlerine ekledi.<\/p>\n\n\n\n<p>Abdurrahman B\u00fcy\u00fckkeskin \/ Haber<\/p>\n","protected":false},"excerpt":{"rendered":"<p>Milli Yol Partisi(MYP) Manavgat \u0130l\u00e7e Ba\u015fkanl\u0131\u011f\u0131 Cumhuriyet Meydan\u0131&#8217;nda toplanarak \u0130srail&#8217;in Gazze&#8217;de yard\u0131m t\u0131rlar\u0131n da insani yard\u0131m malzemesi&nbsp;&nbsp; al\u0131rken ate\u015f a\u00e7\u0131lmas\u0131 sonras\u0131 79 ki\u015finin \u00f6lmesi ve <a href=\"https:\/\/akdenizhaber.com.tr\/index.php\/2024\/03\/06\/mypliler-israilin-gazzede-yaptigi-katliami-kinadi\/\" class=\"read-more-link\">[more&#8230;]<\/a><\/p>\n","protected":false},"author":2,"featured_media":21283,"comment_status":"open","ping_status":"open","sticky":false,"template":"","format":"standard","meta":{"footnotes":""},"categories":[2],"tags":[],"class_list":["post-21282","post","type-post","status-publish","format-standard","has-post-thumbnail","hentry","category-gundem"],"_links":{"self":[{"href":"https:\/\/akdenizhaber.com.tr\/index.php\/wp-json\/wp\/v2\/posts\/21282","targetHints":{"allow":["GET"]}}],"collection":[{"href":"https:\/\/akdenizhaber.com.tr\/index.php\/wp-json\/wp\/v2\/posts"}],"about":[{"href":"https:\/\/akdenizhaber.com.tr\/index.php\/wp-json\/wp\/v2\/types\/post"}],"author":[{"embeddable":true,"href":"https:\/\/akdenizhaber.com.tr\/index.php\/wp-json\/wp\/v2\/users\/2"}],"replies":[{"embeddable":true,"href":"https:\/\/akdenizhaber.com.tr\/index.php\/wp-json\/wp\/v2\/comments?post=21282"}],"version-history":[{"count":0,"href":"https:\/\/akdenizhaber.com.tr\/index.php\/wp-json\/wp\/v2\/posts\/21282\/revisions"}],"wp:featuredmedia":[{"embeddable":true,"href":"https:\/\/akdenizhaber.com.tr\/index.php\/wp-json\/wp\/v2\/media\/21283"}],"wp:attachment":[{"href":"https:\/\/akdenizhaber.com.tr\/index.php\/wp-json\/wp\/v2\/media?parent=21282"}],"wp:term":[{"taxonomy":"category","embeddable":true,"href":"https:\/\/akdenizhaber.com.tr\/index.php\/wp-json\/wp\/v2\/categories?post=21282"},{"taxonomy":"post_tag","embeddable":true,"href":"https:\/\/akdenizhaber.com.tr\/index.php\/wp-json\/wp\/v2\/tags?post=21282"}],"curies":[{"name":"wp","href":"https:\/\/api.w.org\/{rel}","templated":true}]}}