{"id":21261,"date":"2024-03-06T11:42:47","date_gmt":"2024-03-06T08:42:47","guid":{"rendered":"https:\/\/akdenizhaber.com.tr\/?p=21261"},"modified":"2024-03-06T11:42:47","modified_gmt":"2024-03-06T08:42:47","slug":"unal-mujdeyi-verdi-yeni-evlenenlere-nakdi-destek-verecegiz","status":"publish","type":"post","link":"https:\/\/akdenizhaber.com.tr\/index.php\/2024\/03\/06\/unal-mujdeyi-verdi-yeni-evlenenlere-nakdi-destek-verecegiz\/","title":{"rendered":"\u00dcnal m\u00fcjdeyi verdi: Yeni evlenenlere nakdi destek verece\u011fiz"},"content":{"rendered":"\n<p><\/p>\n\n\n\n<p>\u0130yi Parti Antalya B\u00fcy\u00fck\u015fehir Belediye Ba\u015fkan Aday\u0131 Nesrin \u00dcnal, il\u00e7e ziyaretleri kapsam\u0131nda Manavgat\u2019a \u00e7\u0131karma yapt\u0131. Halk pazar\u0131n\u0131 gezen, kahvede toplant\u0131 yapan \u00dcnal, yeni evlenecek \u00e7iftlere nakdi destek verilece\u011fini m\u00fcjdeledi<\/p>\n\n\n\n<p>Antalya\u2019y\u0131 kar\u0131\u015f kar\u0131\u015f gezen ve projelerini anlatan \u0130yi Parti Antalya B\u00fcy\u00fck\u015fehir Belediye Ba\u015fkan Aday\u0131 Nesrin \u00dcnal, Manavgat\u2019a resmen \u00e7\u0131karma yapt\u0131. \u00c7a\u011flayan pazar\u0131nda \u00fcreticilerle ve k\u00f6yl\u00fc kad\u0131nlarla bir araya gelen \u00dcnal, \u201cTar\u0131m\u0131n hali ortada. \u00c7ift\u00e7i yeterince desteklenmiyor. Kad\u0131nlar\u0131na gereken de\u011feri vermeyen, kad\u0131nlar\u0131n\u0131 topluma yeterince entegre edemeyen devletlerin hi\u00e7bir zaman tam manas\u0131yla geli\u015femeyece\u011fini biliyoruz. Bu y\u00fczden kad\u0131nlar\u0131m\u0131z\u0131n hayat\u0131n\u0131 kolayla\u015ft\u0131rarak toplumun her alan\u0131nda onlar\u0131 \u00f6n plana \u00e7\u0131karaca\u011f\u0131z.&nbsp; Kad\u0131nlar\u0131m\u0131z\u0131 evlerinin i\u00e7ine hapsolmaktan kurtaraca\u011f\u0131z; onlar\u0131n \u00fcretime, \u00e7al\u0131\u015fma hayat\u0131na ve sosyal hayata s\u00fcrekli olarak dahil olmas\u0131n\u0131 sa\u011flayaca\u011f\u0131z\u201d dedi.<\/p>\n\n\n\n<p>YA\u015eAM \u015eARTLARI D\u00dcZELT\u0130LECEK<\/p>\n\n\n\n<p>Daha sonra Sar\u0131larda kahvede halk toplant\u0131s\u0131 yapan Nesrin \u00dcnal sosyal projelerinden bahsetti. \u00dcnal, \u201cDezavantajl\u0131 insanlar\u0131m\u0131z\u0131 belediyemizin katk\u0131lar\u0131yla sosyal ve ekonomik anlamda g\u00fc\u00e7lendirmek i\u00e7in harekete ge\u00e7ece\u011fiz. Dar gelirli karde\u015flerimizin ya\u015fam ko\u015fullar\u0131n\u0131 iyile\u015ftirecek, onlar\u0131n da sosyal ve ekonomik olarak topluma daha iyi bir bi\u00e7imde entegre olmas\u0131n\u0131 sa\u011flayaca\u011f\u0131z. Toplumumuzun sosyal ve k\u00fclt\u00fcrel etkinliklerine belediye olarak destek olacak, k\u00fclt\u00fcr\u00fcm\u00fcz\u00fc zenginle\u015ftirerek gelece\u011fe ta\u015f\u0131mak i\u00e7in \u00e7al\u0131\u015faca\u011f\u0131z. Bizim \u0130nsan\u0131m\u0131z Projesi \u00e7er\u00e7evesinde, ihtiya\u00e7 sahibi emeklilere kira ve elektrik yard\u0131m\u0131 yapaca\u011f\u0131z\u201d diye konu\u015ftu.<\/p>\n\n\n\n<p>SOSYAL KONUT ALANLARI OLU\u015eTURULACAK<\/p>\n\n\n\n<p>Il\u0131ca\u2019da Manavgat il\u00e7e te\u015fkilat\u0131yla d\u00fc\u011f\u00fcne kat\u0131lan \u0130yi Parti Antalya B\u00fcy\u00fck\u015fehir Belediye Ba\u015fkan Aday\u0131 Nesrin \u00dcnal, yeni evlenecek \u00e7iftlere m\u00fcjde verdi.&nbsp; \u00dcnal, \u201c\u015eehrimizde \u00e7ok y\u00fckselen ev kiralar\u0131n\u0131 kar\u015f\u0131layamayan insan\u0131m\u0131z i\u00e7in sosyal konut alanlar\u0131 a\u00e7aca\u011f\u0131z ve h\u0131zla sosyal konut in\u015faatlar\u0131na ba\u015flayaca\u011f\u0131z. Yeni evlenen \u00e7iftlere nakdi destek vererek, kira ve elektrik yard\u0131m\u0131 yapaca\u011f\u0131z. Belediyemizin sosyal tesislerinin say\u0131s\u0131n\u0131 art\u0131racak, fiyatlar\u0131 minimum seviyeye indirerek kaliteyi y\u00fckseltece\u011fiz\u201d dedi. \u00dcnal\u2019\u0131n s\u00f6zleri b\u00fcy\u00fck alk\u0131\u015f ald\u0131 \u00dcnal, Manavgat ziyareti kapsam\u0131nda 9 ayda yap\u0131lmas\u0131n\u0131 sa\u011flad\u0131\u011f\u0131 Manavgat Devlet Hastanesi\u2019ni de ziyaret etti \u00dcnal Antalya d\u00f6n\u00fc\u015f\u00fcnde ise g\u00f6rev yapt\u0131\u011f\u0131 hastaneyi ziyaret etti, an\u0131lar\u0131n\u0131 tazeledi. Sa\u011fl\u0131k personeliyle s\u0131raya girip yemek alan \u00dcnal, duygulu anlar ya\u015fad\u0131.<\/p>\n\n\n\n<p>Haber Merkezi<\/p>\n","protected":false},"excerpt":{"rendered":"<p>\u0130yi Parti Antalya B\u00fcy\u00fck\u015fehir Belediye Ba\u015fkan Aday\u0131 Nesrin \u00dcnal, il\u00e7e ziyaretleri kapsam\u0131nda Manavgat\u2019a \u00e7\u0131karma yapt\u0131. Halk pazar\u0131n\u0131 gezen, kahvede toplant\u0131 yapan \u00dcnal, yeni evlenecek \u00e7iftlere <a href=\"https:\/\/akdenizhaber.com.tr\/index.php\/2024\/03\/06\/unal-mujdeyi-verdi-yeni-evlenenlere-nakdi-destek-verecegiz\/\" class=\"read-more-link\">[more&#8230;]<\/a><\/p>\n","protected":false},"author":2,"featured_media":21262,"comment_status":"open","ping_status":"open","sticky":false,"template":"","format":"standard","meta":{"footnotes":""},"categories":[2],"tags":[],"class_list":["post-21261","post","type-post","status-publish","format-standard","has-post-thumbnail","hentry","category-gundem"],"_links":{"self":[{"href":"https:\/\/akdenizhaber.com.tr\/index.php\/wp-json\/wp\/v2\/posts\/21261","targetHints":{"allow":["GET"]}}],"collection":[{"href":"https:\/\/akdenizhaber.com.tr\/index.php\/wp-json\/wp\/v2\/posts"}],"about":[{"href":"https:\/\/akdenizhaber.com.tr\/index.php\/wp-json\/wp\/v2\/types\/post"}],"author":[{"embeddable":true,"href":"https:\/\/akdenizhaber.com.tr\/index.php\/wp-json\/wp\/v2\/users\/2"}],"replies":[{"embeddable":true,"href":"https:\/\/akdenizhaber.com.tr\/index.php\/wp-json\/wp\/v2\/comments?post=21261"}],"version-history":[{"count":0,"href":"https:\/\/akdenizhaber.com.tr\/index.php\/wp-json\/wp\/v2\/posts\/21261\/revisions"}],"wp:featuredmedia":[{"embeddable":true,"href":"https:\/\/akdenizhaber.com.tr\/index.php\/wp-json\/wp\/v2\/media\/21262"}],"wp:attachment":[{"href":"https:\/\/akdenizhaber.com.tr\/index.php\/wp-json\/wp\/v2\/media?parent=21261"}],"wp:term":[{"taxonomy":"category","embeddable":true,"href":"https:\/\/akdenizhaber.com.tr\/index.php\/wp-json\/wp\/v2\/categories?post=21261"},{"taxonomy":"post_tag","embeddable":true,"href":"https:\/\/akdenizhaber.com.tr\/index.php\/wp-json\/wp\/v2\/tags?post=21261"}],"curies":[{"name":"wp","href":"https:\/\/api.w.org\/{rel}","templated":true}]}}