{"id":21230,"date":"2024-03-05T12:00:35","date_gmt":"2024-03-05T09:00:35","guid":{"rendered":"https:\/\/akdenizhaber.com.tr\/?p=21230"},"modified":"2024-03-05T12:00:35","modified_gmt":"2024-03-05T09:00:35","slug":"okudan-stklar-gelismis-demokrasilerin-vazgecilmez-unsurlaridir","status":"publish","type":"post","link":"https:\/\/akdenizhaber.com.tr\/index.php\/2024\/03\/05\/okudan-stklar-gelismis-demokrasilerin-vazgecilmez-unsurlaridir\/","title":{"rendered":"Okudan; STK\u2019lar Geli\u015fmi\u015f Demokrasilerin Vazge\u00e7ilmez Unsurlar\u0131d\u0131r"},"content":{"rendered":"\n<p> <p class=\"MsoNoSpacing\"><span style=\"font-size: revert; background-color: rgb(255, 255, 255); color: initial;\">\u00a0Cumhur \u0130ttifak\u0131 Manavgat Belediye Ba\u015fkan Aday\u0131 Prof. Dr. S\u00fcleyman Okudan, Manavgat\u2019ta faaliyet g\u00f6steren STK\u2019lara bir dizi ziyaret ger\u00e7ekle\u015ftirdi. Manavgat\u2019\u0131n sorunlar\u0131 ve \u00e7\u00f6z\u00fcm \u00f6nerilerine dair d\u00fc\u015f\u00fcncelerini STK ba\u015fkanlar\u0131 ile payla\u015fan Okudan \u201cSTK lar geli\u015fmi\u015f demokrasilerin vazge\u00e7ilmez unsurlar\u0131d\u0131r\u201d dedi.<\/span><\/p><p class=\"MsoNoSpacing\">Okudan, beraberinde Ak Parti Antalya Milletvekili Tu\u011fba Vural \u00c7okal, Cumhur \u0130ttifak\u0131n\u0131n il\u00e7e Ba\u015fkanlar\u0131, Manavgat Belediye Meclis \u00dcyesi Adaylar\u0131 ve Cumhur ittifak\u0131 destek\u00e7ileri ile birlikte ilk olarak Manavgat Pazarc\u0131lar Odas\u0131n\u0131 ziyaret etti.\u00a0 Ziyaret, Manavgat \u015eof\u00f6rler Odas\u0131, Manavgat Esnaf Odas\u0131, Manavgat Bakkallar Bayiler ve b\u00fcfeciler Odas\u0131, Manavgat Esnaf Kredi Kefalet Koop, Manavgat Servis\u00e7iler Odas\u0131 ve Manavgat Ticaret ve Sanayi Odas\u0131 (MATSO) \u015feklinde tamamland\u0131. \u00a0Ziyaretler esnas\u0131nda STKlar\u0131n \u00f6nemine vurgu yapan Manavgat Belediye Ba\u015fkan Aday\u0131 Prof.Dr. S\u00fcleyman Okudan \u201cSTKlar geli\u015fmi\u015f demokrasilerin en vazge\u00e7ilmez unsurlar\u0131ndan biridir. \u00a0\u00c7\u00fcnk\u00fc STK\u2019lar temsil ettikleri meslek gurubu ya da sosyal katman ile devlet aras\u0131ndaki en kuvvetli ba\u011f olma \u00f6zelli\u011fi ta\u015f\u0131r\u201d diye konu\u015ftu. <\/p><p class=\"MsoNoSpacing\">Ba\u015fkan Okudan ve yan\u0131ndaki Cumhur \u0130ttifak\u0131 temsilcileri mesai saatinin bitimine do\u011fru STK ziyaretlerini bitirdiler. <\/p><p class=\"MsoNoSpacing\">Haber Merkezi <\/p> <\/p>\n","protected":false},"excerpt":{"rendered":"<p>\u00a0Cumhur \u0130ttifak\u0131 Manavgat Belediye Ba\u015fkan Aday\u0131 Prof. Dr. S\u00fcleyman Okudan, Manavgat\u2019ta faaliyet g\u00f6steren STK\u2019lara bir dizi ziyaret ger\u00e7ekle\u015ftirdi. Manavgat\u2019\u0131n sorunlar\u0131 ve \u00e7\u00f6z\u00fcm \u00f6nerilerine dair d\u00fc\u015f\u00fcncelerini <a href=\"https:\/\/akdenizhaber.com.tr\/index.php\/2024\/03\/05\/okudan-stklar-gelismis-demokrasilerin-vazgecilmez-unsurlaridir\/\" class=\"read-more-link\">[more&#8230;]<\/a><\/p>\n","protected":false},"author":2,"featured_media":21231,"comment_status":"open","ping_status":"open","sticky":false,"template":"","format":"standard","meta":{"footnotes":""},"categories":[2],"tags":[],"class_list":["post-21230","post","type-post","status-publish","format-standard","has-post-thumbnail","hentry","category-gundem"],"_links":{"self":[{"href":"https:\/\/akdenizhaber.com.tr\/index.php\/wp-json\/wp\/v2\/posts\/21230","targetHints":{"allow":["GET"]}}],"collection":[{"href":"https:\/\/akdenizhaber.com.tr\/index.php\/wp-json\/wp\/v2\/posts"}],"about":[{"href":"https:\/\/akdenizhaber.com.tr\/index.php\/wp-json\/wp\/v2\/types\/post"}],"author":[{"embeddable":true,"href":"https:\/\/akdenizhaber.com.tr\/index.php\/wp-json\/wp\/v2\/users\/2"}],"replies":[{"embeddable":true,"href":"https:\/\/akdenizhaber.com.tr\/index.php\/wp-json\/wp\/v2\/comments?post=21230"}],"version-history":[{"count":0,"href":"https:\/\/akdenizhaber.com.tr\/index.php\/wp-json\/wp\/v2\/posts\/21230\/revisions"}],"wp:featuredmedia":[{"embeddable":true,"href":"https:\/\/akdenizhaber.com.tr\/index.php\/wp-json\/wp\/v2\/media\/21231"}],"wp:attachment":[{"href":"https:\/\/akdenizhaber.com.tr\/index.php\/wp-json\/wp\/v2\/media?parent=21230"}],"wp:term":[{"taxonomy":"category","embeddable":true,"href":"https:\/\/akdenizhaber.com.tr\/index.php\/wp-json\/wp\/v2\/categories?post=21230"},{"taxonomy":"post_tag","embeddable":true,"href":"https:\/\/akdenizhaber.com.tr\/index.php\/wp-json\/wp\/v2\/tags?post=21230"}],"curies":[{"name":"wp","href":"https:\/\/api.w.org\/{rel}","templated":true}]}}