{"id":21213,"date":"2024-03-05T11:56:21","date_gmt":"2024-03-05T08:56:21","guid":{"rendered":"https:\/\/akdenizhaber.com.tr\/?p=21213"},"modified":"2024-03-05T11:56:21","modified_gmt":"2024-03-05T08:56:21","slug":"cocuk-ve-genclik-korosundan-unutulmaz-bahar-konseri","status":"publish","type":"post","link":"https:\/\/akdenizhaber.com.tr\/index.php\/2024\/03\/05\/cocuk-ve-genclik-korosundan-unutulmaz-bahar-konseri\/","title":{"rendered":"\u00c7ocuk ve Gen\u00e7lik Korosu\u2019ndan Unutulmaz Bahar Konseri"},"content":{"rendered":"\n<p><\/p>\n\n\n\n<p>Manavgat Belediyesi \u00c7ocuk ve Gen\u00e7lik Korosu, k\u00fclt\u00fcr ve sanat bulu\u015fmalar\u0131 kapsam\u0131nda Atat\u00fcrk K\u00fclt\u00fcr Merkezi\u2019nde unutulmaz bir konser verdi. Konsere, Manavgat Belediye Ba\u015fkan\u0131 \u015e\u00fckr\u00fc S\u00f6zen, belediye ba\u015fkan yard\u0131mc\u0131lar\u0131, meclis \u00fcyeleri ve y\u00fczlerce vatanda\u015f kat\u0131ld\u0131. \u015eef Tayfun Y\u0131lmaz e\u015fli\u011finde sahneye \u00e7\u0131kan 120 korist, Sezen Aksu, Erol Evgin, \u00d6zdemir Erdo\u011fan, Bar\u0131\u015f Man\u00e7o, Kayahan, Ajda Pekkan, MF\u00d6 ve Yeni T\u00fcrk\u00fc gibi unutulmaz sanat\u00e7\u0131lar\u0131n en be\u011fenilen eserlerini seslendirdi. Kent halk\u0131n\u0131n yo\u011fun ilgi g\u00f6sterdi\u011fi konser, dinleyiciden tam not ald\u0131. Manavgat Belediye Ba\u015fkan\u0131 \u015e\u00fckr\u00fc S\u00f6zen, Manavgat Belediyesi \u00c7ocuk ve Gen\u00e7lik Korusu\u2019nun nostalji dolu bir ak\u015fam ya\u015fatt\u0131\u011f\u0131n\u0131 s\u00f6yledi. Ba\u015fkan S\u00f6zen, \u201c\u00c7ocuk ve Gen\u00e7lik Koro\u2019muz dillere pelesenk olan \u015fark\u0131lar\u0131 seslendirerek bizleri ge\u00e7mi\u015fe g\u00f6t\u00fcrd\u00fc ve unutulmaz bir ak\u015fam ya\u015fatt\u0131. Program\u0131n haz\u0131rlanmas\u0131nda eme\u011fi ge\u00e7en \u00e7al\u0131\u015fma arkada\u015flar\u0131m\u0131za, Koro \u015eefi Tayfun Y\u0131lmaz ve t\u00fcm \u00e7ocuklar\u0131m\u0131za bizlere g\u00fczel bir ak\u015fam ya\u015fatt\u0131klar\u0131 i\u00e7in te\u015fekk\u00fcr ediyorum\u201d dedi.<\/p>\n\n\n\n<p>Manavgat Belediyesi \/ B\u00fclten<\/p>\n","protected":false},"excerpt":{"rendered":"<p>Manavgat Belediyesi \u00c7ocuk ve Gen\u00e7lik Korosu, k\u00fclt\u00fcr ve sanat bulu\u015fmalar\u0131 kapsam\u0131nda Atat\u00fcrk K\u00fclt\u00fcr Merkezi\u2019nde unutulmaz bir konser verdi. Konsere, Manavgat Belediye Ba\u015fkan\u0131 \u015e\u00fckr\u00fc S\u00f6zen, belediye <a href=\"https:\/\/akdenizhaber.com.tr\/index.php\/2024\/03\/05\/cocuk-ve-genclik-korosundan-unutulmaz-bahar-konseri\/\" class=\"read-more-link\">[more&#8230;]<\/a><\/p>\n","protected":false},"author":2,"featured_media":21214,"comment_status":"open","ping_status":"open","sticky":false,"template":"","format":"standard","meta":{"footnotes":""},"categories":[2],"tags":[],"class_list":["post-21213","post","type-post","status-publish","format-standard","has-post-thumbnail","hentry","category-gundem"],"_links":{"self":[{"href":"https:\/\/akdenizhaber.com.tr\/index.php\/wp-json\/wp\/v2\/posts\/21213","targetHints":{"allow":["GET"]}}],"collection":[{"href":"https:\/\/akdenizhaber.com.tr\/index.php\/wp-json\/wp\/v2\/posts"}],"about":[{"href":"https:\/\/akdenizhaber.com.tr\/index.php\/wp-json\/wp\/v2\/types\/post"}],"author":[{"embeddable":true,"href":"https:\/\/akdenizhaber.com.tr\/index.php\/wp-json\/wp\/v2\/users\/2"}],"replies":[{"embeddable":true,"href":"https:\/\/akdenizhaber.com.tr\/index.php\/wp-json\/wp\/v2\/comments?post=21213"}],"version-history":[{"count":0,"href":"https:\/\/akdenizhaber.com.tr\/index.php\/wp-json\/wp\/v2\/posts\/21213\/revisions"}],"wp:featuredmedia":[{"embeddable":true,"href":"https:\/\/akdenizhaber.com.tr\/index.php\/wp-json\/wp\/v2\/media\/21214"}],"wp:attachment":[{"href":"https:\/\/akdenizhaber.com.tr\/index.php\/wp-json\/wp\/v2\/media?parent=21213"}],"wp:term":[{"taxonomy":"category","embeddable":true,"href":"https:\/\/akdenizhaber.com.tr\/index.php\/wp-json\/wp\/v2\/categories?post=21213"},{"taxonomy":"post_tag","embeddable":true,"href":"https:\/\/akdenizhaber.com.tr\/index.php\/wp-json\/wp\/v2\/tags?post=21213"}],"curies":[{"name":"wp","href":"https:\/\/api.w.org\/{rel}","templated":true}]}}