{"id":21198,"date":"2024-03-05T11:51:05","date_gmt":"2024-03-05T08:51:05","guid":{"rendered":"https:\/\/akdenizhaber.com.tr\/?p=21198"},"modified":"2024-03-05T11:51:05","modified_gmt":"2024-03-05T08:51:05","slug":"kepez-meclisi-son-kez-toplaniyor","status":"publish","type":"post","link":"https:\/\/akdenizhaber.com.tr\/index.php\/2024\/03\/05\/kepez-meclisi-son-kez-toplaniyor\/","title":{"rendered":"Kepez meclisi son kez toplan\u0131yor"},"content":{"rendered":"\n<p><\/p>\n\n\n\n<p>Kepez Belediye Meclisi, 2019-2024 d\u00f6neminde son kez toplan\u0131yor.&nbsp; Meclisin Mart ay\u0131 ola\u011fan toplant\u0131s\u0131n\u0131n 1. oturumunda 16 g\u00fcndem maddesi g\u00f6r\u00fc\u015f\u00fclerek, karara ba\u011fland\u0131.&nbsp; Meclisin veda toplant\u0131s\u0131 8 Mart Cuma g\u00fcn\u00fc yap\u0131lacak.<\/p>\n\n\n\n<p>Kepez Belediye Meclisi, bu d\u00f6nemdeki 60. toplant\u0131s\u0131n\u0131 ger\u00e7ekle\u015ftirdi.&nbsp;<br>Belediye Meclis Salonu\u2019nda yap\u0131lan toplant\u0131, yoklama, sayg\u0131 duru\u015fu ve \u0130stiklal Mar\u015f\u0131\u2019n\u0131n okunmas\u0131yla ba\u015flad\u0131.<br>G\u00fcndem maddelerinin g\u00f6r\u00fc\u015f\u00fclmesine ge\u00e7ilmeden \u00f6nce parti grup s\u00f6zc\u00fcleri, meclisin bu d\u00f6nemle ilgili d\u00fc\u015f\u00fcncelerini dile getirdiler.<\/p>\n\n\n\n<p>\u201cBu bir veda de\u011fil, hizmete devam edece\u011fiz\u201d<br>Ak Parti Grup S\u00f6zc\u00fcs\u00fc Serhat Demir, \u201cBug\u00fcn bir veda konu\u015fmas\u0131 yapmayaca\u011f\u0131m. 8 Mart Cuma g\u00fcn\u00fc yap\u0131lacak olan devam meclisinde bu d\u00f6nemi de\u011ferlendirece\u011fim. O g\u00fcn vedala\u015f\u0131r ve kucakla\u015f\u0131r\u0131z. Ancak bu bir veda olmaz. \u00c7\u00fcnk\u00fc hizmet i\u00e7in her zaman milletin yan\u0131nda olmaya, Kepez\u2019imize, Antalya\u2019m\u0131za hizmet etmeye devam edece\u011fiz.\u201d a\u00e7\u0131klamas\u0131n\u0131 yapt\u0131.<\/p>\n\n\n\n<p>&nbsp;CHP; \u201cKepez\u2019de kararlar\u0131n y\u00fczde 90\u2019n\u0131ndan fazlas\u0131 oybirli\u011fiyle ge\u00e7ti\u201d<br>Kepez Belediye Meclisi\u2019nde 5 y\u0131l boyunca ald\u0131klar\u0131 kararlar\u0131n il\u00e7e sakinlerine ve Antalya\u2019ya hay\u0131rl\u0131 olmas\u0131n\u0131 dileyen Cumhuriyet Halk Partisi (CHP) Grup S\u00f6zc\u00fcs\u00fc Bar\u0131\u015f Bulut da \u015funlar\u0131 s\u00f6yledi: \u201cKepez Belediye Meclisi \u00fcyesi olarak milletimizin bize verdi\u011fi 5 y\u0131ll\u0131k g\u00f6rev s\u00fcresini tamaml\u0131yoruz. Bug\u00fcne kadar mecliste alm\u0131\u015f oldu\u011fumuz kararlar\u0131n Kepez\u2019de ya\u015fayan hem\u015fehrilerimize ve Antalya\u2019m\u0131za hay\u0131rl\u0131 olmas\u0131n\u0131 diliyorum. Bu s\u00fcre\u00e7te meclisteki g\u00fcndem maddelerinin y\u00fczde 90\u2019n\u0131ndan fazlas\u0131 oybirli\u011fiyle ge\u00e7mi\u015f. Bu anlamda meclis y\u00f6netimine, Ba\u015fkan\u0131m\u0131za, tart\u0131\u015fmaya yol a\u00e7mayacak \u015fekilde bir belediye y\u00f6netimi sergileyen b\u00fcrokratlar\u0131m\u0131za CHP grubu ad\u0131na te\u015fekk\u00fcr ederim. Bu s\u00fcre\u00e7te ac\u0131 tatl\u0131 olaylar ya\u015fad\u0131k. Ama hi\u00e7bir zaman birbirimizi rencide edecek bir durum sergilenmemi\u015ftir. Varsa da bu son toplant\u0131da helalle\u015felim isterim. Yeni d\u00f6nemde g\u00f6rev olacak meclis \u00fcyesi arkada\u015flar\u0131m\u0131za da ba\u015far\u0131lar dilerim. G\u00f6rev almayacak olan meclis \u00fcyesi arkada\u015flar\u0131m\u0131za da bundan sonraki ya\u015famlar\u0131nda mutlu, huzurlu ve ba\u015far\u0131l\u0131 dolu bir g\u00fcnler diliyorum.\u201d<\/p>\n\n\n\n<p>MHP,&nbsp; \u201c\u015eah\u0131slar ad\u0131na bir ele\u015ftirimiz olmad\u0131\u201d<br>Milliyet\u00e7i Hareket Partisi Grup S\u00f6zc\u00fcs\u00fc Ali Baki Sar\u0131ca da, 30 Mart Mahalli \u0130dareler Se\u00e7imi s\u00fcrecinin ya\u015fand\u0131\u011f\u0131n\u0131 hat\u0131rlatarak, s\u00f6zlerini \u015f\u00f6yle s\u00fcrd\u00fcrd\u00fc: \u201cSe\u00e7imlerin bir demokrasi \u015f\u00f6leni i\u00e7erisinde ge\u00e7mesini can\u0131 g\u00f6n\u00fclden diliyorum. Meclis \u00fcyesi arkada\u015flar\u0131m\u0131zdan yapm\u0131\u015f oldu\u011fumuz siyasi ele\u015ftirilerden al\u0131nganl\u0131k g\u00f6sterenler olabilir. O arkada\u015flar\u0131m\u0131zdan helalle\u015fmek isteriz. MHP olarak biz genelde kurumsal yap\u0131lar\u0131 ele\u015ftiririz. \u015eah\u0131slar ad\u0131na bir ele\u015ftirimiz olmam\u0131\u015ft\u0131r. Yeni d\u00f6nem i\u00e7in ba\u015fvuru yapan meclis \u00fcyesi arkada\u015flar\u0131m\u0131z\u0131n yeniden se\u00e7ilip, bir hizmet yar\u0131\u015f\u0131 i\u00e7erisinde olmalar\u0131n\u0131 g\u00f6n\u00fclden diliyorum. Ba\u015fvuru yapmayan arkada\u015flar\u0131m\u0131z\u0131 da yeni ya\u015famlar\u0131nda ba\u015far\u0131lar diliyorum.\u201d<\/p>\n\n\n\n<p>Komisyonlara yeni \u00fcye<br>Parti grubu s\u00f6zc\u00fclerinin a\u00e7\u0131klamalar\u0131ndan sonra 16 g\u00fcndem maddesinin g\u00f6r\u00fc\u015f\u00fclmesine ge\u00e7ildi.<br>Meclis Ba\u015fkan Vekili S\u00fcleyman Acar, ba\u015fkanl\u0131\u011f\u0131nda yap\u0131lan mecliste, komisyon \u00fcyeli\u011fi se\u00e7imi vard\u0131.<br>\u00dcye eksilmesinden dolay\u0131, ayn\u0131 parti kontenjan\u0131ndan olmak \u015fart\u0131yla Denetim, \u0130sim Tespit ve Hayvan Haklar\u0131 komisyonlar\u0131 i\u00e7in \u00fcye se\u00e7imi yap\u0131ld\u0131.&nbsp;<br>Denetim Komisyonu\u2019na Cafer Turgay (CHP), \u0130sim Tespit Komisyonu\u2019na Veli Y\u0131lmaz (CHP) ve Hayvan Haklar\u0131 Komisyonuna \u00d6zcan \u00d6zalp (CHP) se\u00e7ildi.<\/p>\n\n\n\n<p>Antalya K\u00fct\u00fcphanesi\u2019ne y\u00f6netmelik<br>Mecliste,&nbsp; Ba\u015fkan Hakan T\u00fct\u00fcnc\u00fc d\u00f6neminin eserlerinden biri olan Antalya K\u00fct\u00fcphanesi\u2019nin, \u00e7al\u0131\u015fma usul ve esaslar\u0131n\u0131 belirleyen y\u00f6netmelik teklifini de oy birli\u011fiyle kabul edildi. Y\u00f6netmelikle k\u00fct\u00fcphaneni i\u015fletilmesinde, y\u00f6netilmesinde aksakl\u0131k ya\u015fanmamas\u0131 ama\u00e7lan\u0131yor.<\/p>\n\n\n\n<p>&nbsp;Son meclis toplant\u0131s\u0131 Cuma g\u00fcn\u00fc<br>G\u00fcndemdeki 16 maddenin g\u00f6r\u00fc\u015f\u00fclmesinin tamamlanmas\u0131ndan sonra s\u00f6z alan Ba\u015fkanvekili Acar, komisyonlara havale edilen di\u011fer konular\u0131n karara ba\u011flanmas\u0131 i\u00e7in Kepez Belediye Meclisi Mart ay\u0131 ola\u011fan toplant\u0131s\u0131n\u0131n 2. oturumunun 8 Mart Cuma g\u00fcn\u00fc yap\u0131laca\u011f\u0131n\u0131 belirterek, toplant\u0131y\u0131 sonland\u0131rd\u0131.&nbsp;&nbsp;<\/p>\n\n\n\n<p>Kepez Belediyesi \/ B\u00fclten<\/p>\n","protected":false},"excerpt":{"rendered":"<p>Kepez Belediye Meclisi, 2019-2024 d\u00f6neminde son kez toplan\u0131yor.&nbsp; Meclisin Mart ay\u0131 ola\u011fan toplant\u0131s\u0131n\u0131n 1. oturumunda 16 g\u00fcndem maddesi g\u00f6r\u00fc\u015f\u00fclerek, karara ba\u011fland\u0131.&nbsp; Meclisin veda toplant\u0131s\u0131 8 <a href=\"https:\/\/akdenizhaber.com.tr\/index.php\/2024\/03\/05\/kepez-meclisi-son-kez-toplaniyor\/\" class=\"read-more-link\">[more&#8230;]<\/a><\/p>\n","protected":false},"author":2,"featured_media":21199,"comment_status":"open","ping_status":"open","sticky":false,"template":"","format":"standard","meta":{"footnotes":""},"categories":[2],"tags":[],"class_list":["post-21198","post","type-post","status-publish","format-standard","has-post-thumbnail","hentry","category-gundem"],"_links":{"self":[{"href":"https:\/\/akdenizhaber.com.tr\/index.php\/wp-json\/wp\/v2\/posts\/21198","targetHints":{"allow":["GET"]}}],"collection":[{"href":"https:\/\/akdenizhaber.com.tr\/index.php\/wp-json\/wp\/v2\/posts"}],"about":[{"href":"https:\/\/akdenizhaber.com.tr\/index.php\/wp-json\/wp\/v2\/types\/post"}],"author":[{"embeddable":true,"href":"https:\/\/akdenizhaber.com.tr\/index.php\/wp-json\/wp\/v2\/users\/2"}],"replies":[{"embeddable":true,"href":"https:\/\/akdenizhaber.com.tr\/index.php\/wp-json\/wp\/v2\/comments?post=21198"}],"version-history":[{"count":0,"href":"https:\/\/akdenizhaber.com.tr\/index.php\/wp-json\/wp\/v2\/posts\/21198\/revisions"}],"wp:featuredmedia":[{"embeddable":true,"href":"https:\/\/akdenizhaber.com.tr\/index.php\/wp-json\/wp\/v2\/media\/21199"}],"wp:attachment":[{"href":"https:\/\/akdenizhaber.com.tr\/index.php\/wp-json\/wp\/v2\/media?parent=21198"}],"wp:term":[{"taxonomy":"category","embeddable":true,"href":"https:\/\/akdenizhaber.com.tr\/index.php\/wp-json\/wp\/v2\/categories?post=21198"},{"taxonomy":"post_tag","embeddable":true,"href":"https:\/\/akdenizhaber.com.tr\/index.php\/wp-json\/wp\/v2\/tags?post=21198"}],"curies":[{"name":"wp","href":"https:\/\/api.w.org\/{rel}","templated":true}]}}